{"id":911,"date":"2020-03-08T07:00:28","date_gmt":"2020-03-08T06:00:28","guid":{"rendered":"https:\/\/serasturianu.com\/?p=911"},"modified":"2020-03-08T17:36:32","modified_gmt":"2020-03-08T16:36:32","slug":"las-reinas-asturleonesas","status":"publish","type":"post","link":"https:\/\/serasturianu.com\/ast\/2020\/03\/08\/las-reinas-asturleonesas\/","title":{"rendered":"Reinas asturleonesas"},"content":{"rendered":"<h2>Todos conocen a <span class=\"_5afx\"><span class=\"_58cm\">Pelayo<\/span><\/span>, pero pocos saben que la \u00faltima soberana de <span class=\"_5afx\"><span class=\"_58cm\">Asturias<\/span><\/span> fue una mujer<\/h2>\r\n<p><span style=\"font-size: 8pt;\"><em>Por Denis Soria<\/em><\/span><\/p>\r\n<figure class=\"wp-block-image\" style=\"text-align: justify;\"><img data-recalc-dims=\"1\" fetchpriority=\"high\" decoding=\"async\" class=\"alignnone wp-image-1039\" src=\"https:\/\/i0.wp.com\/serasturianu.com\/wp-content\/uploads\/2019\/03\/ffff.jpg?resize=800%2C533&ssl=1\" alt=\"\" width=\"800\" height=\"533\" srcset=\"https:\/\/i0.wp.com\/serasturianu.com\/wp-content\/uploads\/2019\/03\/ffff.jpg?resize=1024%2C682&ssl=1 1024w, https:\/\/i0.wp.com\/serasturianu.com\/wp-content\/uploads\/2019\/03\/ffff.jpg?resize=300%2C200&ssl=1 300w, https:\/\/i0.wp.com\/serasturianu.com\/wp-content\/uploads\/2019\/03\/ffff.jpg?resize=768%2C512&ssl=1 768w, https:\/\/i0.wp.com\/serasturianu.com\/wp-content\/uploads\/2019\/03\/ffff.jpg?resize=1080%2C720&ssl=1 1080w, https:\/\/i0.wp.com\/serasturianu.com\/wp-content\/uploads\/2019\/03\/ffff.jpg?resize=600%2C400&ssl=1 600w, https:\/\/i0.wp.com\/serasturianu.com\/wp-content\/uploads\/2019\/03\/ffff.jpg?w=1920&ssl=1 1920w\" sizes=\"(max-width: 800px) 100vw, 800px\" \/>\r\n<figcaption><em>Urraca de Le\u00f3n<\/em><\/figcaption>\r\n<\/figure>\r\n\r\n\r\n\r\n<blockquote class=\"wp-block-quote is-layout-flow wp-block-quote-is-layout-flow\">\r\n<p>\u201c\u00bfA qu\u00e9 no se atreve la locura de la mujer?, \u00bfqu\u00e9 no intenta la astucia de la serpiente?, \u00bfqu\u00e9 no ataca la muy criminal v\u00edbora? El ejemplo de Eva, nuestra primera madre, indica claramente a qu\u00e9 se atreven, qu\u00e9 intentan, qu\u00e9 atacan los inventos de la mujer. La muy audaz mente de la mujer se precipita contra lo prohibido, viola lo m\u00e1s sagrado, confunde lo l\u00edcito y lo il\u00edcito\u201d<\/p>\r\n<cite><\/cite><\/blockquote>\r\n\r\n\r\n\r\n<p style=\"text-align: justify;\">Atendiendo a esta descripci\u00f3n que de Urraca de Le\u00f3n -y de la mujer en general- hace Xiraldo en su <em>Historia Compostelana<\/em> (siglo XII) no es complicado entender por qu\u00e9 apenas se citen tres reinas consortes de las cr\u00f3nicas asturianas. Y aunque tengamos m\u00e1s informaci\u00f3n acerca de las leonesas \u00e9stas no suelen salir bien paradas. Obviadas, esombrecidas, relegadas a la figura de gestantes cuando no a meros objetos decorativos, el reino asturleon\u00e9s cont\u00f3 -a pesar de todo- con dos reinas titulares, es decir, con poder efectivo; Urraca de Le\u00f3n y Urraca la Asturiana.<\/p>\r\n\r\n\r\n\r\n<p style=\"text-align: justify;\">Hab\u00e9is le\u00eddo bien, hablamos de \u00abreino asturleon\u00e9s\u00bb porque la entidad pol\u00edtica que fund\u00f3 Pelayo en Cangues d\u2019On\u00eds en el siglo VIII no muere con el traslado de capital que realiza Alfonso III a Le\u00f3n en el 910. \u00c9sta ya se hab\u00eda mudado otras veces (Cangues, Samart\u00edn, Pravia, Uvi\u00e9u\u2026) y por ello las genealog\u00edas escritas en la \u00e9poca, como la<em> N\u00f3mina leonesa<\/em> tratan a los monarcas del reino de los astures como <em>regis Legionensis<\/em>. As\u00ed que <em>pal casu pataques\u2026<\/em><\/p>\r\n\r\n\r\n\r\n<p class=\"has-medium-font-size\" style=\"text-align: justify;\">\u00a0<\/p>\r\n\r\n\r\n\r\n<p style=\"font-size: 25px; text-align: justify;\">URRACA DE LE\u00d3N (1081-1126)<\/p>\r\n\r\n\r\n\r\n<p style=\"text-align: justify;\"><span data-offset-key=\"4o3t4-0-0\">Nuestra cazurrina accede al trono despu\u00e9s de la muerte de su hermano Sancho -de solo 14 a\u00f1os- en la batalla de Ucl\u00e9s (1108) contra los almor\u00e1vides. Muerto el \u00fanico hijo var\u00f3n de Alfonso V, el rey decide otorgarle los derechos de sucesi\u00f3n a su hija Urraca, un hecho ins\u00f3lito que la llevar\u00eda a convertirse en la primera reina titular de Europa, en el a\u00f1o 1109.<\/span><\/p>\r\n\r\n\r\n\r\n<p style=\"text-align: justify;\">Fue una mujer familiarizada tempranamente con los asuntos de gobierno, no en vano hab\u00eda dirigido el condado de Galicia junto a su marido Raimundo de Borgo\u00f1a. Y pese a que hab\u00eda enviudado hac\u00eda pocos a\u00f1os, los nobles leoneses la presionaron para que volviese a contraer matrimonio cuanto antes, puesto que, como afirma Ricardo Chao en su Historia de los reyes de Le\u00f3n, <em>\u00abEstas prisas (\u2026) responen a la incomodidad que provocaba una mujer mandando.\u00bb <\/em><\/p>\r\n\r\n\r\n\r\n<p style=\"text-align: justify;\">Vamos, un campo de nabos\u2026<\/p>\r\n\r\n\r\n\r\n<p style=\"text-align: justify;\">Su matrimonio con el machirulo de Alfonso I de Arag\u00f3n y Pamplona se convirti\u00f3 en un infierno. El \u00abvaliente\u00bb de su esposo la golpeaba a diario y la encerraba bajo llave, conque tras algunos titubeos la reina logra volver a Le\u00f3n. Sin embargo su marido invade el reino en el a\u00f1o 1111, oblig\u00e1ndola a emprender la huida a Galicia. No se queda de brazos cruzados. Consciente de que la legitimidad de su bando estaba en entredicho, Urraca y el obispo de Compostela proclaman rey a Alfonso Raim\u00fandez a la edad de siete a\u00f1os, el hijo que hab\u00eda tenido en su anterior matrimonio.<\/p>\r\n\r\n\r\n\r\n<p style=\"text-align: justify;\">Los aragoneses acabar\u00edan por ser expulsados de Le\u00f3n, hasta que en 1116 se acuerda el repudio de Urraca por parte de Alfonso el Batallador como alternativa al divorcio. La reina pudo pasar p\u00e1gina, pero, as\u00ed las cosas, su marido no fue la \u00fanica piedra con la que tropezar\u00eda a lo largo de su vida. Las disputas de poder -tambi\u00e9n con su hijo-, los intentos de independencia de Portugal y el descontento popular hicieron mella en su autoridad, siempre cuestionada por su condici\u00f3n de mujer. Urraca, de hecho, emulando a Cersei en la famosa serie <em>Juego de tronos<\/em>, llegar\u00eda a sobrevivir a una turba de compostelanos que la vej\u00f3 p\u00fablicamente arroj\u00e1ndola desnuda a un lodazal (posteriormente, la prudencia pol\u00edtica impidi\u00f3 que quemase la ciudad).<\/p>\r\n\r\n\r\n\r\n<p style=\"text-align: justify;\">Morir\u00eda en el 1126 a los cuarenta y pico a\u00f1os, siendo eternamente maltratada por las cr\u00f3nicas y la literatura, atrincheradas en una visi\u00f3n insultantemente machista y parcial sobre su reinado.<\/p>\r\n\r\n\r\n\r\n<p style=\"text-align: justify;\">\u00a0<\/p>\r\n\r\n\r\n\r\n<p style=\"font-size: 25px; text-align: justify;\">URRACA LA ASTURIANA (1133-1179)<\/p>\r\n\r\n\r\n\r\n<p style=\"text-align: justify;\">Todos conocen a Pelayo, pero pocos saben que el \u00faltimo monarca de Asturias fue una mujer.<\/p>\r\n\r\n\r\n\r\n<blockquote class=\"wp-block-quote is-layout-flow wp-block-quote-is-layout-flow\">\r\n<p>\u00abquando domina Urraca regina et dominus Alvarus Roderici voluerount quod perdisse dominus rex Fernandus Asturiis\u00bb<\/p>\r\n<\/blockquote>\r\n\r\n\r\n\r\n<p style=\"text-align: justify;\">En el curso de los siglos, las referencias a Asturias se van a limitar ya al territorio al norte de la cordillera. Tal vez por la geograf\u00eda, tal vez porque con la nueva capital en Le\u00f3n la nobleza asturiana ya no lo petaba tanto, \u00e9sta va a protagonizar dos intentos serios de independencia de Le\u00f3n.<\/p>\r\n\r\n\r\n\r\n<p style=\"text-align: justify;\">El primer intento tendr\u00e1 lugar con el hijo de Urraca, Alfonso VII de Le\u00f3n, por parte del conde Gonzalu Pelaiz en tres ocasiones (1132, 1135 y 1137), hasta que el rey se cansa de tanto derrotarlo-perdonarlo y le da la patada a Portugal, territorio que se marca una DUI frente a Le\u00f3n (pero de las de verdad). Mas durante unas vacaciones tras una de sus campa\u00f1as contra el conde, Alfonso engendra una bastarda con una ayerana llamada Gontrodo. Fruto de este escarceo amoroso nacer\u00e1 Urraca (llamada, paradojas de la vida, igual que su abuela). Criada en la corte leonesa y en un momento de alianza con los vascones, su matrimonio con Garc\u00eda Ram\u00edrez IV el Restaurador la convirtir\u00eda en reina de Navarra. Un braguetazo, pero breve. Enviud\u00f3 a los seis a\u00f1os<\/p>\r\n\r\n\r\n\r\n<p style=\"text-align: justify;\">A su vuelta y para no interferir quiz\u00e1s con los asuntos navarros, su padre le concede el reino de Asturias (subordinado a Le\u00f3n). \u00bfPero de qu\u00e9 vale tener un reino para una sola sin nadie al lado con quien compartirlo? El segundo matrimonio de Urraca ser\u00e1 con una golosina del occidente, nada menos que \u00c1lvaro Rodr\u00edguez, el se\u00f1or de Navia. El caso es que en 1164, pocos meses despu\u00e9s de la boda, intentan segregar Asturias del reino de Le\u00f3n. Porque toda pareja joven sabe aquello de que mejor el piso en propiedad, que lo de vivir de alquiler es tirar el dinero\u2026<\/p>\r\n\r\n\r\n\r\n<p style=\"text-align: justify;\">La cosa debi\u00f3 salir regular, pues el nuevo rey de Le\u00f3n, su hermanastro Fernando II, pone fin al alzamiento en menos de un a\u00f1o y manda al matrimonio a la Castilla de pensar.<\/p>\r\n\r\n\r\n\r\n<p style=\"text-align: justify;\">A partir de aqu\u00ed las noticias de la pareja son contradictorias, unos dicen que murieron en el destierro, otros que Urraca volvi\u00f3 a Asturias como monja luego de enviudar por segunda vez. Sea como fuere ambos recibieron sepultura en la catedral de Palencia, donde siguen todav\u00eda. Nada m\u00e1s se sabe de quien fue <strong>la \u00faltima reina de Asturias<\/strong> \u00abstricto sensu\u00bb.<\/p>\r\n\r\n\r\n\r\n<figure class=\"wp-block-image\"><img data-recalc-dims=\"1\" decoding=\"async\" class=\"alignnone wp-image-1043\" src=\"https:\/\/i0.wp.com\/serasturianu.com\/wp-content\/uploads\/2019\/03\/asdjjjjjj3.jpg?resize=800%2C533&ssl=1\" alt=\"\" width=\"800\" height=\"533\" srcset=\"https:\/\/i0.wp.com\/serasturianu.com\/wp-content\/uploads\/2019\/03\/asdjjjjjj3.jpg?resize=1024%2C682&ssl=1 1024w, https:\/\/i0.wp.com\/serasturianu.com\/wp-content\/uploads\/2019\/03\/asdjjjjjj3.jpg?resize=300%2C200&ssl=1 300w, https:\/\/i0.wp.com\/serasturianu.com\/wp-content\/uploads\/2019\/03\/asdjjjjjj3.jpg?resize=768%2C512&ssl=1 768w, https:\/\/i0.wp.com\/serasturianu.com\/wp-content\/uploads\/2019\/03\/asdjjjjjj3.jpg?resize=1080%2C720&ssl=1 1080w, https:\/\/i0.wp.com\/serasturianu.com\/wp-content\/uploads\/2019\/03\/asdjjjjjj3.jpg?resize=600%2C400&ssl=1 600w, https:\/\/i0.wp.com\/serasturianu.com\/wp-content\/uploads\/2019\/03\/asdjjjjjj3.jpg?w=1920&ssl=1 1920w\" sizes=\"(max-width: 800px) 100vw, 800px\" \/>\r\n<figcaption><br \/><strong><em>Castillo<\/em><\/strong> <strong><em>de Soto<\/em><\/strong><em> (Ayer), junto con Pe\u1e37\u1e37uno, posible lugar de nacimiento de Urraca la Asturiana<\/em><\/figcaption>\r\n<\/figure>","protected":false},"excerpt":{"rendered":"<p>\u201c\u00bfA qu\u00e9 no se atreve la locura de la mujer?, \u00bfqu\u00e9 no intenta la astucia de la serpiente?, \u00bfqu\u00e9 no ataca la muy criminal v\u00edbora? El ejemplo de Eva, nuestra primera madre, indica claramente a qu\u00e9 se atreven, qu\u00e9 intentan, &hellip; <a href=\"https:\/\/serasturianu.com\/ast\/2020\/03\/08\/las-reinas-asturleonesas\/\">Read More<\/a><\/p>","protected":false},"author":1,"featured_media":2526,"comment_status":"closed","ping_status":"closed","sticky":false,"template":"","format":"standard","meta":{"_monsterinsights_skip_tracking":false,"_monsterinsights_sitenote_active":false,"_monsterinsights_sitenote_note":"","_monsterinsights_sitenote_category":0,"_jetpack_memberships_contains_paid_content":false,"footnotes":""},"categories":[40,42],"tags":[273,590,598,594,592,596],"class_list":["post-911","post","type-post","status-publish","format-standard","has-post-thumbnail","hentry","category-blog-es","category-curiosidades","tag-asturias-es","tag-reino-de-asturias-es","tag-urraca-es","tag-urraca-de-asturias","tag-urraca-de-leon","tag-urraca-la-asturiana"],"yoast_head":"<!-- This site is optimized with the Yoast SEO plugin v27.5 - https:\/\/yoast.com\/product\/yoast-seo-wordpress\/ -->\n<title>Reinas asturleonesas - Ser Asturianu<\/title>\n<meta name=\"robots\" content=\"index, follow, max-snippet:-1, max-image-preview:large, max-video-preview:-1\" \/>\n<link rel=\"canonical\" href=\"https:\/\/serasturianu.com\/ast\/2020\/03\/08\/las-reinas-asturleonesas\/\" \/>\n<meta property=\"og:locale\" content=\"en_US\" \/>\n<meta property=\"og:type\" content=\"article\" \/>\n<meta property=\"og:title\" content=\"Reinas asturleonesas - Ser Asturianu\" \/>\n<meta property=\"og:description\" content=\"\u201c\u00bfA qu\u00e9 no se atreve la locura de la mujer?, \u00bfqu\u00e9 no intenta la astucia de la serpiente?, \u00bfqu\u00e9 no ataca la muy criminal v\u00edbora? El ejemplo de Eva, nuestra primera madre, indica claramente a qu\u00e9 se atreven, qu\u00e9 intentan, &hellip; Read More\" \/>\n<meta property=\"og:url\" content=\"https:\/\/serasturianu.com\/ast\/2020\/03\/08\/las-reinas-asturleonesas\/\" \/>\n<meta property=\"og:site_name\" content=\"Ser Asturianu\" \/>\n<meta property=\"article:publisher\" content=\"https:\/\/www.facebook.com\/serasturianu\" \/>\n<meta property=\"article:published_time\" content=\"2020-03-08T06:00:28+00:00\" \/>\n<meta property=\"article:modified_time\" content=\"2020-03-08T16:36:32+00:00\" \/>\n<meta property=\"og:image\" content=\"https:\/\/i0.wp.com\/serasturianu.com\/wp-content\/uploads\/2019\/03\/urraca.png?fit=1000%2C668&ssl=1\" \/>\n\t<meta property=\"og:image:width\" content=\"1000\" \/>\n\t<meta property=\"og:image:height\" content=\"668\" \/>\n\t<meta property=\"og:image:type\" content=\"image\/png\" \/>\n<meta name=\"author\" content=\"serasturianu\" \/>\n<meta name=\"twitter:card\" content=\"summary_large_image\" \/>\n<meta name=\"twitter:creator\" content=\"@SerAsturianu\" \/>\n<meta name=\"twitter:site\" content=\"@SerAsturianu\" \/>\n<meta name=\"twitter:label1\" content=\"Written by\" \/>\n\t<meta name=\"twitter:data1\" content=\"serasturianu\" \/>\n\t<meta name=\"twitter:label2\" content=\"Est. reading time\" \/>\n\t<meta name=\"twitter:data2\" content=\"6 minutes\" \/>\n<script type=\"application\/ld+json\" class=\"yoast-schema-graph\">{\"@context\":\"https:\\\/\\\/schema.org\",\"@graph\":[{\"@type\":\"Article\",\"@id\":\"https:\\\/\\\/serasturianu.com\\\/ast\\\/2020\\\/03\\\/08\\\/las-reinas-asturleonesas\\\/#article\",\"isPartOf\":{\"@id\":\"https:\\\/\\\/serasturianu.com\\\/ast\\\/2020\\\/03\\\/08\\\/las-reinas-asturleonesas\\\/\"},\"author\":{\"name\":\"serasturianu\",\"@id\":\"https:\\\/\\\/serasturianu.com\\\/#\\\/schema\\\/person\\\/7d40831736e46924e4c0f05b50eb56e3\"},\"headline\":\"Reinas asturleonesas\",\"datePublished\":\"2020-03-08T06:00:28+00:00\",\"dateModified\":\"2020-03-08T16:36:32+00:00\",\"mainEntityOfPage\":{\"@id\":\"https:\\\/\\\/serasturianu.com\\\/ast\\\/2020\\\/03\\\/08\\\/las-reinas-asturleonesas\\\/\"},\"wordCount\":1167,\"publisher\":{\"@id\":\"https:\\\/\\\/serasturianu.com\\\/#organization\"},\"image\":{\"@id\":\"https:\\\/\\\/serasturianu.com\\\/ast\\\/2020\\\/03\\\/08\\\/las-reinas-asturleonesas\\\/#primaryimage\"},\"thumbnailUrl\":\"https:\\\/\\\/i0.wp.com\\\/serasturianu.com\\\/wp-content\\\/uploads\\\/2019\\\/03\\\/urraca.png?fit=1000%2C668&ssl=1\",\"keywords\":[\"Asturias\",\"Reino de Asturias\",\"Urraca\",\"Urraca de Asturias\",\"Urraca de Le\u00f3n\",\"Urraca la asturiana\"],\"articleSection\":[\"Blog\",\"Curiosidades\"],\"inLanguage\":\"ast\"},{\"@type\":\"WebPage\",\"@id\":\"https:\\\/\\\/serasturianu.com\\\/ast\\\/2020\\\/03\\\/08\\\/las-reinas-asturleonesas\\\/\",\"url\":\"https:\\\/\\\/serasturianu.com\\\/ast\\\/2020\\\/03\\\/08\\\/las-reinas-asturleonesas\\\/\",\"name\":\"Reinas asturleonesas - Ser Asturianu\",\"isPartOf\":{\"@id\":\"https:\\\/\\\/serasturianu.com\\\/#website\"},\"primaryImageOfPage\":{\"@id\":\"https:\\\/\\\/serasturianu.com\\\/ast\\\/2020\\\/03\\\/08\\\/las-reinas-asturleonesas\\\/#primaryimage\"},\"image\":{\"@id\":\"https:\\\/\\\/serasturianu.com\\\/ast\\\/2020\\\/03\\\/08\\\/las-reinas-asturleonesas\\\/#primaryimage\"},\"thumbnailUrl\":\"https:\\\/\\\/i0.wp.com\\\/serasturianu.com\\\/wp-content\\\/uploads\\\/2019\\\/03\\\/urraca.png?fit=1000%2C668&ssl=1\",\"datePublished\":\"2020-03-08T06:00:28+00:00\",\"dateModified\":\"2020-03-08T16:36:32+00:00\",\"breadcrumb\":{\"@id\":\"https:\\\/\\\/serasturianu.com\\\/ast\\\/2020\\\/03\\\/08\\\/las-reinas-asturleonesas\\\/#breadcrumb\"},\"inLanguage\":\"ast\",\"potentialAction\":[{\"@type\":\"ReadAction\",\"target\":[\"https:\\\/\\\/serasturianu.com\\\/ast\\\/2020\\\/03\\\/08\\\/las-reinas-asturleonesas\\\/\"]}]},{\"@type\":\"ImageObject\",\"inLanguage\":\"ast\",\"@id\":\"https:\\\/\\\/serasturianu.com\\\/ast\\\/2020\\\/03\\\/08\\\/las-reinas-asturleonesas\\\/#primaryimage\",\"url\":\"https:\\\/\\\/i0.wp.com\\\/serasturianu.com\\\/wp-content\\\/uploads\\\/2019\\\/03\\\/urraca.png?fit=1000%2C668&ssl=1\",\"contentUrl\":\"https:\\\/\\\/i0.wp.com\\\/serasturianu.com\\\/wp-content\\\/uploads\\\/2019\\\/03\\\/urraca.png?fit=1000%2C668&ssl=1\",\"width\":1000,\"height\":668},{\"@type\":\"BreadcrumbList\",\"@id\":\"https:\\\/\\\/serasturianu.com\\\/ast\\\/2020\\\/03\\\/08\\\/las-reinas-asturleonesas\\\/#breadcrumb\",\"itemListElement\":[{\"@type\":\"ListItem\",\"position\":1,\"name\":\"Portada\",\"item\":\"https:\\\/\\\/serasturianu.com\\\/ast\\\/\"},{\"@type\":\"ListItem\",\"position\":2,\"name\":\"Reinas asturleonesas\"}]},{\"@type\":\"WebSite\",\"@id\":\"https:\\\/\\\/serasturianu.com\\\/#website\",\"url\":\"https:\\\/\\\/serasturianu.com\\\/\",\"name\":\"Ser Asturianu\",\"description\":\"Tours aut\u00e9nticos\",\"publisher\":{\"@id\":\"https:\\\/\\\/serasturianu.com\\\/#organization\"},\"potentialAction\":[{\"@type\":\"SearchAction\",\"target\":{\"@type\":\"EntryPoint\",\"urlTemplate\":\"https:\\\/\\\/serasturianu.com\\\/?s={search_term_string}\"},\"query-input\":{\"@type\":\"PropertyValueSpecification\",\"valueRequired\":true,\"valueName\":\"search_term_string\"}}],\"inLanguage\":\"ast\"},{\"@type\":\"Organization\",\"@id\":\"https:\\\/\\\/serasturianu.com\\\/#organization\",\"name\":\"Ser Asturianu\",\"url\":\"https:\\\/\\\/serasturianu.com\\\/\",\"logo\":{\"@type\":\"ImageObject\",\"inLanguage\":\"ast\",\"@id\":\"https:\\\/\\\/serasturianu.com\\\/#\\\/schema\\\/logo\\\/image\\\/\",\"url\":\"https:\\\/\\\/i0.wp.com\\\/serasturianu.com\\\/wp-content\\\/uploads\\\/2022\\\/01\\\/logofondu.png?fit=510%2C510&ssl=1\",\"contentUrl\":\"https:\\\/\\\/i0.wp.com\\\/serasturianu.com\\\/wp-content\\\/uploads\\\/2022\\\/01\\\/logofondu.png?fit=510%2C510&ssl=1\",\"width\":510,\"height\":510,\"caption\":\"Ser Asturianu\"},\"image\":{\"@id\":\"https:\\\/\\\/serasturianu.com\\\/#\\\/schema\\\/logo\\\/image\\\/\"},\"sameAs\":[\"https:\\\/\\\/www.facebook.com\\\/serasturianu\",\"https:\\\/\\\/x.com\\\/SerAsturianu\",\"https:\\\/\\\/www.instagram.com\\\/ser_asturianu\\\/\"]},{\"@type\":\"Person\",\"@id\":\"https:\\\/\\\/serasturianu.com\\\/#\\\/schema\\\/person\\\/7d40831736e46924e4c0f05b50eb56e3\",\"name\":\"serasturianu\",\"image\":{\"@type\":\"ImageObject\",\"inLanguage\":\"ast\",\"@id\":\"https:\\\/\\\/secure.gravatar.com\\\/avatar\\\/e402fe1cb4d6685aeaadf5eca83a377394f2f6e2b29898eb1dd1589b9b7d8614?s=96&d=mm&r=g\",\"url\":\"https:\\\/\\\/secure.gravatar.com\\\/avatar\\\/e402fe1cb4d6685aeaadf5eca83a377394f2f6e2b29898eb1dd1589b9b7d8614?s=96&d=mm&r=g\",\"contentUrl\":\"https:\\\/\\\/secure.gravatar.com\\\/avatar\\\/e402fe1cb4d6685aeaadf5eca83a377394f2f6e2b29898eb1dd1589b9b7d8614?s=96&d=mm&r=g\",\"caption\":\"serasturianu\"},\"url\":\"https:\\\/\\\/serasturianu.com\\\/ast\\\/author\\\/serasturianu\\\/\"}]}<\/script>\n<!-- \/ Yoast SEO plugin. -->","yoast_head_json":{"title":"Reinas asturleonesas - Ser Asturianu","robots":{"index":"index","follow":"follow","max-snippet":"max-snippet:-1","max-image-preview":"max-image-preview:large","max-video-preview":"max-video-preview:-1"},"canonical":"https:\/\/serasturianu.com\/ast\/2020\/03\/08\/las-reinas-asturleonesas\/","og_locale":"en_US","og_type":"article","og_title":"Reinas asturleonesas - Ser Asturianu","og_description":"\u201c\u00bfA qu\u00e9 no se atreve la locura de la mujer?, \u00bfqu\u00e9 no intenta la astucia de la serpiente?, \u00bfqu\u00e9 no ataca la muy criminal v\u00edbora? El ejemplo de Eva, nuestra primera madre, indica claramente a qu\u00e9 se atreven, qu\u00e9 intentan, &hellip; Read More","og_url":"https:\/\/serasturianu.com\/ast\/2020\/03\/08\/las-reinas-asturleonesas\/","og_site_name":"Ser Asturianu","article_publisher":"https:\/\/www.facebook.com\/serasturianu","article_published_time":"2020-03-08T06:00:28+00:00","article_modified_time":"2020-03-08T16:36:32+00:00","og_image":[{"width":1000,"height":668,"url":"https:\/\/i0.wp.com\/serasturianu.com\/wp-content\/uploads\/2019\/03\/urraca.png?fit=1000%2C668&ssl=1","type":"image\/png"}],"author":"serasturianu","twitter_card":"summary_large_image","twitter_creator":"@SerAsturianu","twitter_site":"@SerAsturianu","twitter_misc":{"Written by":"serasturianu","Est. reading time":"6 minutes"},"schema":{"@context":"https:\/\/schema.org","@graph":[{"@type":"Article","@id":"https:\/\/serasturianu.com\/ast\/2020\/03\/08\/las-reinas-asturleonesas\/#article","isPartOf":{"@id":"https:\/\/serasturianu.com\/ast\/2020\/03\/08\/las-reinas-asturleonesas\/"},"author":{"name":"serasturianu","@id":"https:\/\/serasturianu.com\/#\/schema\/person\/7d40831736e46924e4c0f05b50eb56e3"},"headline":"Reinas asturleonesas","datePublished":"2020-03-08T06:00:28+00:00","dateModified":"2020-03-08T16:36:32+00:00","mainEntityOfPage":{"@id":"https:\/\/serasturianu.com\/ast\/2020\/03\/08\/las-reinas-asturleonesas\/"},"wordCount":1167,"publisher":{"@id":"https:\/\/serasturianu.com\/#organization"},"image":{"@id":"https:\/\/serasturianu.com\/ast\/2020\/03\/08\/las-reinas-asturleonesas\/#primaryimage"},"thumbnailUrl":"https:\/\/i0.wp.com\/serasturianu.com\/wp-content\/uploads\/2019\/03\/urraca.png?fit=1000%2C668&ssl=1","keywords":["Asturias","Reino de Asturias","Urraca","Urraca de Asturias","Urraca de Le\u00f3n","Urraca la asturiana"],"articleSection":["Blog","Curiosidades"],"inLanguage":"ast"},{"@type":"WebPage","@id":"https:\/\/serasturianu.com\/ast\/2020\/03\/08\/las-reinas-asturleonesas\/","url":"https:\/\/serasturianu.com\/ast\/2020\/03\/08\/las-reinas-asturleonesas\/","name":"Reinas asturleonesas - Ser Asturianu","isPartOf":{"@id":"https:\/\/serasturianu.com\/#website"},"primaryImageOfPage":{"@id":"https:\/\/serasturianu.com\/ast\/2020\/03\/08\/las-reinas-asturleonesas\/#primaryimage"},"image":{"@id":"https:\/\/serasturianu.com\/ast\/2020\/03\/08\/las-reinas-asturleonesas\/#primaryimage"},"thumbnailUrl":"https:\/\/i0.wp.com\/serasturianu.com\/wp-content\/uploads\/2019\/03\/urraca.png?fit=1000%2C668&ssl=1","datePublished":"2020-03-08T06:00:28+00:00","dateModified":"2020-03-08T16:36:32+00:00","breadcrumb":{"@id":"https:\/\/serasturianu.com\/ast\/2020\/03\/08\/las-reinas-asturleonesas\/#breadcrumb"},"inLanguage":"ast","potentialAction":[{"@type":"ReadAction","target":["https:\/\/serasturianu.com\/ast\/2020\/03\/08\/las-reinas-asturleonesas\/"]}]},{"@type":"ImageObject","inLanguage":"ast","@id":"https:\/\/serasturianu.com\/ast\/2020\/03\/08\/las-reinas-asturleonesas\/#primaryimage","url":"https:\/\/i0.wp.com\/serasturianu.com\/wp-content\/uploads\/2019\/03\/urraca.png?fit=1000%2C668&ssl=1","contentUrl":"https:\/\/i0.wp.com\/serasturianu.com\/wp-content\/uploads\/2019\/03\/urraca.png?fit=1000%2C668&ssl=1","width":1000,"height":668},{"@type":"BreadcrumbList","@id":"https:\/\/serasturianu.com\/ast\/2020\/03\/08\/las-reinas-asturleonesas\/#breadcrumb","itemListElement":[{"@type":"ListItem","position":1,"name":"Portada","item":"https:\/\/serasturianu.com\/ast\/"},{"@type":"ListItem","position":2,"name":"Reinas asturleonesas"}]},{"@type":"WebSite","@id":"https:\/\/serasturianu.com\/#website","url":"https:\/\/serasturianu.com\/","name":"Ser Asturianu","description":"Tours aut\u00e9nticos","publisher":{"@id":"https:\/\/serasturianu.com\/#organization"},"potentialAction":[{"@type":"SearchAction","target":{"@type":"EntryPoint","urlTemplate":"https:\/\/serasturianu.com\/?s={search_term_string}"},"query-input":{"@type":"PropertyValueSpecification","valueRequired":true,"valueName":"search_term_string"}}],"inLanguage":"ast"},{"@type":"Organization","@id":"https:\/\/serasturianu.com\/#organization","name":"Ser Asturianu","url":"https:\/\/serasturianu.com\/","logo":{"@type":"ImageObject","inLanguage":"ast","@id":"https:\/\/serasturianu.com\/#\/schema\/logo\/image\/","url":"https:\/\/i0.wp.com\/serasturianu.com\/wp-content\/uploads\/2022\/01\/logofondu.png?fit=510%2C510&ssl=1","contentUrl":"https:\/\/i0.wp.com\/serasturianu.com\/wp-content\/uploads\/2022\/01\/logofondu.png?fit=510%2C510&ssl=1","width":510,"height":510,"caption":"Ser Asturianu"},"image":{"@id":"https:\/\/serasturianu.com\/#\/schema\/logo\/image\/"},"sameAs":["https:\/\/www.facebook.com\/serasturianu","https:\/\/x.com\/SerAsturianu","https:\/\/www.instagram.com\/ser_asturianu\/"]},{"@type":"Person","@id":"https:\/\/serasturianu.com\/#\/schema\/person\/7d40831736e46924e4c0f05b50eb56e3","name":"serasturianu","image":{"@type":"ImageObject","inLanguage":"ast","@id":"https:\/\/secure.gravatar.com\/avatar\/e402fe1cb4d6685aeaadf5eca83a377394f2f6e2b29898eb1dd1589b9b7d8614?s=96&d=mm&r=g","url":"https:\/\/secure.gravatar.com\/avatar\/e402fe1cb4d6685aeaadf5eca83a377394f2f6e2b29898eb1dd1589b9b7d8614?s=96&d=mm&r=g","contentUrl":"https:\/\/secure.gravatar.com\/avatar\/e402fe1cb4d6685aeaadf5eca83a377394f2f6e2b29898eb1dd1589b9b7d8614?s=96&d=mm&r=g","caption":"serasturianu"},"url":"https:\/\/serasturianu.com\/ast\/author\/serasturianu\/"}]}},"jetpack_featured_media_url":"https:\/\/i0.wp.com\/serasturianu.com\/wp-content\/uploads\/2019\/03\/urraca.png?fit=1000%2C668&ssl=1","jetpack_sharing_enabled":true,"_links":{"self":[{"href":"https:\/\/serasturianu.com\/ast\/wp-json\/wp\/v2\/posts\/911","targetHints":{"allow":["GET"]}}],"collection":[{"href":"https:\/\/serasturianu.com\/ast\/wp-json\/wp\/v2\/posts"}],"about":[{"href":"https:\/\/serasturianu.com\/ast\/wp-json\/wp\/v2\/types\/post"}],"author":[{"embeddable":true,"href":"https:\/\/serasturianu.com\/ast\/wp-json\/wp\/v2\/users\/1"}],"replies":[{"embeddable":true,"href":"https:\/\/serasturianu.com\/ast\/wp-json\/wp\/v2\/comments?post=911"}],"version-history":[{"count":61,"href":"https:\/\/serasturianu.com\/ast\/wp-json\/wp\/v2\/posts\/911\/revisions"}],"predecessor-version":[{"id":2534,"href":"https:\/\/serasturianu.com\/ast\/wp-json\/wp\/v2\/posts\/911\/revisions\/2534"}],"wp:featuredmedia":[{"embeddable":true,"href":"https:\/\/serasturianu.com\/ast\/wp-json\/wp\/v2\/media\/2526"}],"wp:attachment":[{"href":"https:\/\/serasturianu.com\/ast\/wp-json\/wp\/v2\/media?parent=911"}],"wp:term":[{"taxonomy":"category","embeddable":true,"href":"https:\/\/serasturianu.com\/ast\/wp-json\/wp\/v2\/categories?post=911"},{"taxonomy":"post_tag","embeddable":true,"href":"https:\/\/serasturianu.com\/ast\/wp-json\/wp\/v2\/tags?post=911"}],"curies":[{"name":"wp","href":"https:\/\/api.w.org\/{rel}","templated":true}]}}