{"id":2670,"date":"2020-04-22T14:18:15","date_gmt":"2020-04-22T12:18:15","guid":{"rendered":"https:\/\/serasturianu.com\/?p=2670"},"modified":"2020-04-22T14:18:15","modified_gmt":"2020-04-22T12:18:15","slug":"investiguen-la-cura-del-coronavirus-nos-oricios","status":"publish","type":"post","link":"https:\/\/serasturianu.com\/ast\/2020\/04\/22\/investiguen-la-cura-del-coronavirus-nos-oricios\/","title":{"rendered":"Investiguen la cura del coronavirus nos oricios"},"content":{"rendered":"<h2 style=\"text-align: justify;\"><strong>Cient\u00edficos de la Universid\u00e1 de Patagonia (Arxentina) estudien una mol\u00e9cula presente nesta especie marina que puede ayudar a combatir el COVID-19.<\/strong><\/h2>\n<p style=\"text-align: justify;\">La vacuna pudo tar delantre de los nuesos g\u00fceyos tou esti tiempu. Y ye que y\u00e1 maxin\u00e1bemos que nun hab\u00eda mal qu&#8217;una <strong>botellina de sidra con una docena d&#8217;oricios<\/strong>, el sua\u00f1u llentu de cualesquier asturianu, nun pudi\u00e9s remediar. G\u00fcei conf\u00edrmase.<\/p>\n<p><img data-recalc-dims=\"1\" fetchpriority=\"high\" decoding=\"async\" class=\"aligncenter\" src=\"https:\/\/i0.wp.com\/fotos02.lne.es\/2017\/01\/24\/690x278\/oricio-gallego-2.jpg?resize=690%2C493&#038;ssl=1\" alt=\"\" width=\"690\" height=\"493\" \/><\/p>\n<p style=\"text-align: justify;\">Seg\u00fan adelanta <a href=\"https:\/\/www.adnsur.com.ar\/sociedad\/difundieron-la-primera-foto-del-covid-19-que-circula-en-argentina-_a5ea00d2469a726757d9372cb\"><strong>ADNSUR<\/strong><\/a>, un grupu de cient\u00edficos arxentinos que lleva 15 a\u00f1os estudiando les propiedaes antivirales de los oricios, presentaron \u00e9nte&#8217;l Ministeriu de Ciencia, Tecnolox\u00eda y Innovaci\u00f3n un proxectu pa desenvolver una terapia antiviral contra&#8217;l coronavirus. En pallabres del equipu, <strong>nun se tratar\u00eda d&#8217;una vacuna, sin\u00f3n d&#8217;una melecina d&#8217;ameyoramientu del sistema inmune<\/strong> pa prevenir l&#8217;afecci\u00f3n de la enfermed\u00e1, pela que&#8217;l paciente va tar m\u00e1s fuerte y prepar\u00e1u p&#8217;afronar el virus.<\/p>\n<p style=\"text-align: justify;\">Los bi\u00f3logos Tamara Rubilar y Dana Cardozo, responsables del equipu investigador, se\u00f1alen que&#8217;l proxectu c\u00e9ntrase nel emplegu de metabolitos secundarios estray\u00edos de les g\u00fceves de la especie &#8216;<strong>Arbacia Dufresnii<\/strong>&#8216;, un oriciu aut\u00f3ctonu de los golfos patag\u00f3nicos, que podr\u00eda tener capacid\u00e1 de bloquiar la prote\u00edna fundamental del coronavirus. Sicas\u00ed, paez que munchos asturianos tar\u00eden y\u00e1 planeando atropar dellos miles de kilos d&#8217;oriciu asturianu a mou preventivu, mientres que los organizadores del<strong> Festival del Oriciu de Ba\u00f1ugues (Goz\u00f3n) y G\u00fcerres (Colunga) <\/strong>normalmente celebraos en marzu, fr\u00f3tense les manes pa les ediciones vinientes.<\/p>\n<p><img data-recalc-dims=\"1\" decoding=\"async\" class=\"aligncenter wp-image-2663\" src=\"https:\/\/i0.wp.com\/serasturianu.com\/wp-content\/uploads\/2020\/04\/or.png?resize=800%2C534&#038;ssl=1\" alt=\"\" width=\"800\" height=\"534\" srcset=\"https:\/\/i0.wp.com\/serasturianu.com\/wp-content\/uploads\/2020\/04\/or.png?resize=300%2C200&amp;ssl=1 300w, https:\/\/i0.wp.com\/serasturianu.com\/wp-content\/uploads\/2020\/04\/or.png?resize=1024%2C684&amp;ssl=1 1024w, https:\/\/i0.wp.com\/serasturianu.com\/wp-content\/uploads\/2020\/04\/or.png?resize=768%2C513&amp;ssl=1 768w, https:\/\/i0.wp.com\/serasturianu.com\/wp-content\/uploads\/2020\/04\/or.png?resize=1080%2C721&amp;ssl=1 1080w, https:\/\/i0.wp.com\/serasturianu.com\/wp-content\/uploads\/2020\/04\/or.png?resize=600%2C401&amp;ssl=1 600w, https:\/\/i0.wp.com\/serasturianu.com\/wp-content\/uploads\/2020\/04\/or.png?w=1500&amp;ssl=1 1500w\" sizes=\"(max-width: 800px) 100vw, 800px\" \/><\/p>","protected":false},"excerpt":{"rendered":"<p>Cient\u00edficos de la Universid\u00e1 de Patagonia (Arxentina) estudien una mol\u00e9cula presente nesta especie marina que puede ayudar a combatir el COVID-19. La vacuna pudo tar delantre de los nuesos g\u00fceyos tou esti tiempu. Y ye que y\u00e1 maxin\u00e1bemos que nun &hellip; <a href=\"https:\/\/serasturianu.com\/ast\/2020\/04\/22\/investiguen-la-cura-del-coronavirus-nos-oricios\/\">Read More<\/a><\/p>","protected":false},"author":1,"featured_media":2662,"comment_status":"open","ping_status":"open","sticky":false,"template":"","format":"standard","meta":{"_monsterinsights_skip_tracking":false,"_jetpack_memberships_contains_paid_content":false,"footnotes":""},"categories":[109,711,107],"tags":[714,716,718,720,722],"class_list":["post-2670","post","type-post","status-publish","format-standard","has-post-thumbnail","hentry","category-curiosidaes","category-gastronomia-ast","category-noticies","tag-alezna-ast","tag-coronavirus-ast","tag-covid-19-ast","tag-oricio-ast","tag-oriciu-ast"],"yoast_head":"<!-- This site is optimized with the Yoast SEO plugin v28.2 - https:\/\/yoast.com\/product\/yoast-seo-wordpress\/ -->\n<title>Investiguen la cura del coronavirus nos oricios - Ser Asturianu<\/title>\n<meta name=\"robots\" content=\"index, follow, max-snippet:-1, max-image-preview:large, max-video-preview:-1\" \/>\n<link rel=\"canonical\" href=\"https:\/\/serasturianu.com\/ast\/2020\/04\/22\/investiguen-la-cura-del-coronavirus-nos-oricios\/\" \/>\n<meta property=\"og:locale\" content=\"en_US\" \/>\n<meta property=\"og:type\" content=\"article\" \/>\n<meta property=\"og:title\" content=\"Investiguen la cura del coronavirus nos oricios - Ser Asturianu\" \/>\n<meta property=\"og:description\" content=\"Cient\u00edficos de la Universid\u00e1 de Patagonia (Arxentina) estudien una mol\u00e9cula presente nesta especie marina que puede ayudar a combatir el COVID-19. La vacuna pudo tar delantre de los nuesos g\u00fceyos tou esti tiempu. Y ye que y\u00e1 maxin\u00e1bemos que nun &hellip; Read More\" \/>\n<meta property=\"og:url\" content=\"https:\/\/serasturianu.com\/ast\/2020\/04\/22\/investiguen-la-cura-del-coronavirus-nos-oricios\/\" \/>\n<meta property=\"og:site_name\" content=\"Ser Asturianu\" \/>\n<meta property=\"article:publisher\" content=\"https:\/\/www.facebook.com\/serasturianu\" \/>\n<meta property=\"article:published_time\" content=\"2020-04-22T12:18:15+00:00\" \/>\n<meta property=\"og:image\" content=\"https:\/\/i0.wp.com\/serasturianu.com\/wp-content\/uploads\/2020\/04\/oricios.png?fit=1000%2C668&ssl=1\" \/>\n\t<meta property=\"og:image:width\" content=\"1000\" \/>\n\t<meta property=\"og:image:height\" content=\"668\" \/>\n\t<meta property=\"og:image:type\" content=\"image\/png\" \/>\n<meta name=\"author\" content=\"serasturianu\" \/>\n<meta name=\"twitter:card\" content=\"summary_large_image\" \/>\n<meta name=\"twitter:creator\" content=\"@SerAsturianu\" \/>\n<meta name=\"twitter:site\" content=\"@SerAsturianu\" \/>\n<meta name=\"twitter:label1\" content=\"Written by\" \/>\n\t<meta name=\"twitter:data1\" content=\"serasturianu\" \/>\n\t<meta name=\"twitter:label2\" content=\"Est. reading time\" \/>\n\t<meta name=\"twitter:data2\" content=\"1 minute\" \/>\n<script type=\"application\/ld+json\" class=\"yoast-schema-graph\">{\"@context\":\"https:\\\/\\\/schema.org\",\"@graph\":[{\"@type\":\"Article\",\"@id\":\"https:\\\/\\\/serasturianu.com\\\/ast\\\/2020\\\/04\\\/22\\\/investiguen-la-cura-del-coronavirus-nos-oricios\\\/#article\",\"isPartOf\":{\"@id\":\"https:\\\/\\\/serasturianu.com\\\/ast\\\/2020\\\/04\\\/22\\\/investiguen-la-cura-del-coronavirus-nos-oricios\\\/\"},\"author\":{\"name\":\"serasturianu\",\"@id\":\"https:\\\/\\\/serasturianu.com\\\/ast\\\/#\\\/schema\\\/person\\\/7d40831736e46924e4c0f05b50eb56e3\"},\"headline\":\"Investiguen la cura del coronavirus nos oricios\",\"datePublished\":\"2020-04-22T12:18:15+00:00\",\"mainEntityOfPage\":{\"@id\":\"https:\\\/\\\/serasturianu.com\\\/ast\\\/2020\\\/04\\\/22\\\/investiguen-la-cura-del-coronavirus-nos-oricios\\\/\"},\"wordCount\":272,\"commentCount\":0,\"publisher\":{\"@id\":\"https:\\\/\\\/serasturianu.com\\\/ast\\\/#organization\"},\"image\":{\"@id\":\"https:\\\/\\\/serasturianu.com\\\/ast\\\/2020\\\/04\\\/22\\\/investiguen-la-cura-del-coronavirus-nos-oricios\\\/#primaryimage\"},\"thumbnailUrl\":\"https:\\\/\\\/i0.wp.com\\\/serasturianu.com\\\/wp-content\\\/uploads\\\/2020\\\/04\\\/oricios.png?fit=1000%2C668&ssl=1\",\"keywords\":[\"Alezna\",\"coronavirus\",\"COVID-19\",\"Oricio\",\"Oriciu\"],\"articleSection\":[\"Curiosidaes\",\"Gastronom\u00eda\",\"Noticies\"],\"inLanguage\":\"ast\",\"potentialAction\":[{\"@type\":\"CommentAction\",\"name\":\"Comment\",\"target\":[\"https:\\\/\\\/serasturianu.com\\\/ast\\\/2020\\\/04\\\/22\\\/investiguen-la-cura-del-coronavirus-nos-oricios\\\/#respond\"]}]},{\"@type\":\"WebPage\",\"@id\":\"https:\\\/\\\/serasturianu.com\\\/ast\\\/2020\\\/04\\\/22\\\/investiguen-la-cura-del-coronavirus-nos-oricios\\\/\",\"url\":\"https:\\\/\\\/serasturianu.com\\\/ast\\\/2020\\\/04\\\/22\\\/investiguen-la-cura-del-coronavirus-nos-oricios\\\/\",\"name\":\"Investiguen la cura del coronavirus nos oricios - Ser Asturianu\",\"isPartOf\":{\"@id\":\"https:\\\/\\\/serasturianu.com\\\/ast\\\/#website\"},\"primaryImageOfPage\":{\"@id\":\"https:\\\/\\\/serasturianu.com\\\/ast\\\/2020\\\/04\\\/22\\\/investiguen-la-cura-del-coronavirus-nos-oricios\\\/#primaryimage\"},\"image\":{\"@id\":\"https:\\\/\\\/serasturianu.com\\\/ast\\\/2020\\\/04\\\/22\\\/investiguen-la-cura-del-coronavirus-nos-oricios\\\/#primaryimage\"},\"thumbnailUrl\":\"https:\\\/\\\/i0.wp.com\\\/serasturianu.com\\\/wp-content\\\/uploads\\\/2020\\\/04\\\/oricios.png?fit=1000%2C668&ssl=1\",\"datePublished\":\"2020-04-22T12:18:15+00:00\",\"breadcrumb\":{\"@id\":\"https:\\\/\\\/serasturianu.com\\\/ast\\\/2020\\\/04\\\/22\\\/investiguen-la-cura-del-coronavirus-nos-oricios\\\/#breadcrumb\"},\"inLanguage\":\"ast\",\"potentialAction\":[{\"@type\":\"ReadAction\",\"target\":[\"https:\\\/\\\/serasturianu.com\\\/ast\\\/2020\\\/04\\\/22\\\/investiguen-la-cura-del-coronavirus-nos-oricios\\\/\"]}]},{\"@type\":\"ImageObject\",\"inLanguage\":\"ast\",\"@id\":\"https:\\\/\\\/serasturianu.com\\\/ast\\\/2020\\\/04\\\/22\\\/investiguen-la-cura-del-coronavirus-nos-oricios\\\/#primaryimage\",\"url\":\"https:\\\/\\\/i0.wp.com\\\/serasturianu.com\\\/wp-content\\\/uploads\\\/2020\\\/04\\\/oricios.png?fit=1000%2C668&ssl=1\",\"contentUrl\":\"https:\\\/\\\/i0.wp.com\\\/serasturianu.com\\\/wp-content\\\/uploads\\\/2020\\\/04\\\/oricios.png?fit=1000%2C668&ssl=1\",\"width\":1000,\"height\":668},{\"@type\":\"BreadcrumbList\",\"@id\":\"https:\\\/\\\/serasturianu.com\\\/ast\\\/2020\\\/04\\\/22\\\/investiguen-la-cura-del-coronavirus-nos-oricios\\\/#breadcrumb\",\"itemListElement\":[{\"@type\":\"ListItem\",\"position\":1,\"name\":\"Portada\",\"item\":\"https:\\\/\\\/serasturianu.com\\\/ast\\\/\"},{\"@type\":\"ListItem\",\"position\":2,\"name\":\"Investiguen la cura del coronavirus nos oricios\"}]},{\"@type\":\"WebSite\",\"@id\":\"https:\\\/\\\/serasturianu.com\\\/ast\\\/#website\",\"url\":\"https:\\\/\\\/serasturianu.com\\\/ast\\\/\",\"name\":\"Ser Asturianu\",\"description\":\"Tours aut\u00e9nticos\",\"publisher\":{\"@id\":\"https:\\\/\\\/serasturianu.com\\\/ast\\\/#organization\"},\"potentialAction\":[{\"@type\":\"SearchAction\",\"target\":{\"@type\":\"EntryPoint\",\"urlTemplate\":\"https:\\\/\\\/serasturianu.com\\\/ast\\\/?s={search_term_string}\"},\"query-input\":{\"@type\":\"PropertyValueSpecification\",\"valueRequired\":true,\"valueName\":\"search_term_string\"}}],\"inLanguage\":\"ast\"},{\"@type\":\"Organization\",\"@id\":\"https:\\\/\\\/serasturianu.com\\\/ast\\\/#organization\",\"name\":\"Ser Asturianu\",\"url\":\"https:\\\/\\\/serasturianu.com\\\/ast\\\/\",\"logo\":{\"@type\":\"ImageObject\",\"inLanguage\":\"ast\",\"@id\":\"https:\\\/\\\/serasturianu.com\\\/ast\\\/#\\\/schema\\\/logo\\\/image\\\/\",\"url\":\"https:\\\/\\\/i0.wp.com\\\/serasturianu.com\\\/wp-content\\\/uploads\\\/2022\\\/01\\\/logofondu.png?fit=510%2C510&ssl=1\",\"contentUrl\":\"https:\\\/\\\/i0.wp.com\\\/serasturianu.com\\\/wp-content\\\/uploads\\\/2022\\\/01\\\/logofondu.png?fit=510%2C510&ssl=1\",\"width\":510,\"height\":510,\"caption\":\"Ser Asturianu\"},\"image\":{\"@id\":\"https:\\\/\\\/serasturianu.com\\\/ast\\\/#\\\/schema\\\/logo\\\/image\\\/\"},\"sameAs\":[\"https:\\\/\\\/www.facebook.com\\\/serasturianu\",\"https:\\\/\\\/x.com\\\/SerAsturianu\",\"https:\\\/\\\/www.instagram.com\\\/ser_asturianu\\\/\"]},{\"@type\":\"Person\",\"@id\":\"https:\\\/\\\/serasturianu.com\\\/ast\\\/#\\\/schema\\\/person\\\/7d40831736e46924e4c0f05b50eb56e3\",\"name\":\"serasturianu\",\"image\":{\"@type\":\"ImageObject\",\"inLanguage\":\"ast\",\"@id\":\"https:\\\/\\\/secure.gravatar.com\\\/avatar\\\/e402fe1cb4d6685aeaadf5eca83a377394f2f6e2b29898eb1dd1589b9b7d8614?s=96&d=mm&r=g\",\"url\":\"https:\\\/\\\/secure.gravatar.com\\\/avatar\\\/e402fe1cb4d6685aeaadf5eca83a377394f2f6e2b29898eb1dd1589b9b7d8614?s=96&d=mm&r=g\",\"contentUrl\":\"https:\\\/\\\/secure.gravatar.com\\\/avatar\\\/e402fe1cb4d6685aeaadf5eca83a377394f2f6e2b29898eb1dd1589b9b7d8614?s=96&d=mm&r=g\",\"caption\":\"serasturianu\"},\"url\":\"https:\\\/\\\/serasturianu.com\\\/ast\\\/author\\\/serasturianu\\\/\"}]}<\/script>\n<!-- \/ Yoast SEO plugin. -->","yoast_head_json":{"title":"Investiguen la cura del coronavirus nos oricios - Ser Asturianu","robots":{"index":"index","follow":"follow","max-snippet":"max-snippet:-1","max-image-preview":"max-image-preview:large","max-video-preview":"max-video-preview:-1"},"canonical":"https:\/\/serasturianu.com\/ast\/2020\/04\/22\/investiguen-la-cura-del-coronavirus-nos-oricios\/","og_locale":"en_US","og_type":"article","og_title":"Investiguen la cura del coronavirus nos oricios - Ser Asturianu","og_description":"Cient\u00edficos de la Universid\u00e1 de Patagonia (Arxentina) estudien una mol\u00e9cula presente nesta especie marina que puede ayudar a combatir el COVID-19. La vacuna pudo tar delantre de los nuesos g\u00fceyos tou esti tiempu. Y ye que y\u00e1 maxin\u00e1bemos que nun &hellip; Read More","og_url":"https:\/\/serasturianu.com\/ast\/2020\/04\/22\/investiguen-la-cura-del-coronavirus-nos-oricios\/","og_site_name":"Ser Asturianu","article_publisher":"https:\/\/www.facebook.com\/serasturianu","article_published_time":"2020-04-22T12:18:15+00:00","og_image":[{"width":1000,"height":668,"url":"https:\/\/i0.wp.com\/serasturianu.com\/wp-content\/uploads\/2020\/04\/oricios.png?fit=1000%2C668&ssl=1","type":"image\/png"}],"author":"serasturianu","twitter_card":"summary_large_image","twitter_creator":"@SerAsturianu","twitter_site":"@SerAsturianu","twitter_misc":{"Written by":"serasturianu","Est. reading time":"1 minute"},"schema":{"@context":"https:\/\/schema.org","@graph":[{"@type":"Article","@id":"https:\/\/serasturianu.com\/ast\/2020\/04\/22\/investiguen-la-cura-del-coronavirus-nos-oricios\/#article","isPartOf":{"@id":"https:\/\/serasturianu.com\/ast\/2020\/04\/22\/investiguen-la-cura-del-coronavirus-nos-oricios\/"},"author":{"name":"serasturianu","@id":"https:\/\/serasturianu.com\/ast\/#\/schema\/person\/7d40831736e46924e4c0f05b50eb56e3"},"headline":"Investiguen la cura del coronavirus nos oricios","datePublished":"2020-04-22T12:18:15+00:00","mainEntityOfPage":{"@id":"https:\/\/serasturianu.com\/ast\/2020\/04\/22\/investiguen-la-cura-del-coronavirus-nos-oricios\/"},"wordCount":272,"commentCount":0,"publisher":{"@id":"https:\/\/serasturianu.com\/ast\/#organization"},"image":{"@id":"https:\/\/serasturianu.com\/ast\/2020\/04\/22\/investiguen-la-cura-del-coronavirus-nos-oricios\/#primaryimage"},"thumbnailUrl":"https:\/\/i0.wp.com\/serasturianu.com\/wp-content\/uploads\/2020\/04\/oricios.png?fit=1000%2C668&ssl=1","keywords":["Alezna","coronavirus","COVID-19","Oricio","Oriciu"],"articleSection":["Curiosidaes","Gastronom\u00eda","Noticies"],"inLanguage":"ast","potentialAction":[{"@type":"CommentAction","name":"Comment","target":["https:\/\/serasturianu.com\/ast\/2020\/04\/22\/investiguen-la-cura-del-coronavirus-nos-oricios\/#respond"]}]},{"@type":"WebPage","@id":"https:\/\/serasturianu.com\/ast\/2020\/04\/22\/investiguen-la-cura-del-coronavirus-nos-oricios\/","url":"https:\/\/serasturianu.com\/ast\/2020\/04\/22\/investiguen-la-cura-del-coronavirus-nos-oricios\/","name":"Investiguen la cura del coronavirus nos oricios - Ser Asturianu","isPartOf":{"@id":"https:\/\/serasturianu.com\/ast\/#website"},"primaryImageOfPage":{"@id":"https:\/\/serasturianu.com\/ast\/2020\/04\/22\/investiguen-la-cura-del-coronavirus-nos-oricios\/#primaryimage"},"image":{"@id":"https:\/\/serasturianu.com\/ast\/2020\/04\/22\/investiguen-la-cura-del-coronavirus-nos-oricios\/#primaryimage"},"thumbnailUrl":"https:\/\/i0.wp.com\/serasturianu.com\/wp-content\/uploads\/2020\/04\/oricios.png?fit=1000%2C668&ssl=1","datePublished":"2020-04-22T12:18:15+00:00","breadcrumb":{"@id":"https:\/\/serasturianu.com\/ast\/2020\/04\/22\/investiguen-la-cura-del-coronavirus-nos-oricios\/#breadcrumb"},"inLanguage":"ast","potentialAction":[{"@type":"ReadAction","target":["https:\/\/serasturianu.com\/ast\/2020\/04\/22\/investiguen-la-cura-del-coronavirus-nos-oricios\/"]}]},{"@type":"ImageObject","inLanguage":"ast","@id":"https:\/\/serasturianu.com\/ast\/2020\/04\/22\/investiguen-la-cura-del-coronavirus-nos-oricios\/#primaryimage","url":"https:\/\/i0.wp.com\/serasturianu.com\/wp-content\/uploads\/2020\/04\/oricios.png?fit=1000%2C668&ssl=1","contentUrl":"https:\/\/i0.wp.com\/serasturianu.com\/wp-content\/uploads\/2020\/04\/oricios.png?fit=1000%2C668&ssl=1","width":1000,"height":668},{"@type":"BreadcrumbList","@id":"https:\/\/serasturianu.com\/ast\/2020\/04\/22\/investiguen-la-cura-del-coronavirus-nos-oricios\/#breadcrumb","itemListElement":[{"@type":"ListItem","position":1,"name":"Portada","item":"https:\/\/serasturianu.com\/ast\/"},{"@type":"ListItem","position":2,"name":"Investiguen la cura del coronavirus nos oricios"}]},{"@type":"WebSite","@id":"https:\/\/serasturianu.com\/ast\/#website","url":"https:\/\/serasturianu.com\/ast\/","name":"Ser Asturianu","description":"Tours aut\u00e9nticos","publisher":{"@id":"https:\/\/serasturianu.com\/ast\/#organization"},"potentialAction":[{"@type":"SearchAction","target":{"@type":"EntryPoint","urlTemplate":"https:\/\/serasturianu.com\/ast\/?s={search_term_string}"},"query-input":{"@type":"PropertyValueSpecification","valueRequired":true,"valueName":"search_term_string"}}],"inLanguage":"ast"},{"@type":"Organization","@id":"https:\/\/serasturianu.com\/ast\/#organization","name":"Ser Asturianu","url":"https:\/\/serasturianu.com\/ast\/","logo":{"@type":"ImageObject","inLanguage":"ast","@id":"https:\/\/serasturianu.com\/ast\/#\/schema\/logo\/image\/","url":"https:\/\/i0.wp.com\/serasturianu.com\/wp-content\/uploads\/2022\/01\/logofondu.png?fit=510%2C510&ssl=1","contentUrl":"https:\/\/i0.wp.com\/serasturianu.com\/wp-content\/uploads\/2022\/01\/logofondu.png?fit=510%2C510&ssl=1","width":510,"height":510,"caption":"Ser Asturianu"},"image":{"@id":"https:\/\/serasturianu.com\/ast\/#\/schema\/logo\/image\/"},"sameAs":["https:\/\/www.facebook.com\/serasturianu","https:\/\/x.com\/SerAsturianu","https:\/\/www.instagram.com\/ser_asturianu\/"]},{"@type":"Person","@id":"https:\/\/serasturianu.com\/ast\/#\/schema\/person\/7d40831736e46924e4c0f05b50eb56e3","name":"serasturianu","image":{"@type":"ImageObject","inLanguage":"ast","@id":"https:\/\/secure.gravatar.com\/avatar\/e402fe1cb4d6685aeaadf5eca83a377394f2f6e2b29898eb1dd1589b9b7d8614?s=96&d=mm&r=g","url":"https:\/\/secure.gravatar.com\/avatar\/e402fe1cb4d6685aeaadf5eca83a377394f2f6e2b29898eb1dd1589b9b7d8614?s=96&d=mm&r=g","contentUrl":"https:\/\/secure.gravatar.com\/avatar\/e402fe1cb4d6685aeaadf5eca83a377394f2f6e2b29898eb1dd1589b9b7d8614?s=96&d=mm&r=g","caption":"serasturianu"},"url":"https:\/\/serasturianu.com\/ast\/author\/serasturianu\/"}]}},"jetpack_featured_media_url":"https:\/\/i0.wp.com\/serasturianu.com\/wp-content\/uploads\/2020\/04\/oricios.png?fit=1000%2C668&ssl=1","jetpack_sharing_enabled":true,"_links":{"self":[{"href":"https:\/\/serasturianu.com\/ast\/wp-json\/wp\/v2\/posts\/2670","targetHints":{"allow":["GET"]}}],"collection":[{"href":"https:\/\/serasturianu.com\/ast\/wp-json\/wp\/v2\/posts"}],"about":[{"href":"https:\/\/serasturianu.com\/ast\/wp-json\/wp\/v2\/types\/post"}],"author":[{"embeddable":true,"href":"https:\/\/serasturianu.com\/ast\/wp-json\/wp\/v2\/users\/1"}],"replies":[{"embeddable":true,"href":"https:\/\/serasturianu.com\/ast\/wp-json\/wp\/v2\/comments?post=2670"}],"version-history":[{"count":2,"href":"https:\/\/serasturianu.com\/ast\/wp-json\/wp\/v2\/posts\/2670\/revisions"}],"predecessor-version":[{"id":2672,"href":"https:\/\/serasturianu.com\/ast\/wp-json\/wp\/v2\/posts\/2670\/revisions\/2672"}],"wp:featuredmedia":[{"embeddable":true,"href":"https:\/\/serasturianu.com\/ast\/wp-json\/wp\/v2\/media\/2662"}],"wp:attachment":[{"href":"https:\/\/serasturianu.com\/ast\/wp-json\/wp\/v2\/media?parent=2670"}],"wp:term":[{"taxonomy":"category","embeddable":true,"href":"https:\/\/serasturianu.com\/ast\/wp-json\/wp\/v2\/categories?post=2670"},{"taxonomy":"post_tag","embeddable":true,"href":"https:\/\/serasturianu.com\/ast\/wp-json\/wp\/v2\/tags?post=2670"}],"curies":[{"name":"wp","href":"https:\/\/api.w.org\/{rel}","templated":true}]}}