{"id":2631,"date":"2020-04-12T18:01:57","date_gmt":"2020-04-12T16:01:57","guid":{"rendered":"https:\/\/serasturianu.com\/?p=2631"},"modified":"2020-04-12T18:01:57","modified_gmt":"2020-04-12T16:01:57","slug":"cuaya-el-conde-que-aterrorizo-asturias","status":"publish","type":"post","link":"https:\/\/serasturianu.com\/ast\/2020\/04\/12\/cuaya-el-conde-que-aterrorizo-asturias\/","title":{"rendered":"Cuaya, el conde que aterroriz\u00f3 Asturias"},"content":{"rendered":"<h2 style=\"text-align: justify;\" data-adtags-visited=\"true\"><strong>La turbulenta historia del noble mosc\u00f3n que sembr\u00f3 el terror en la Asturias del siglo XIV<\/strong><\/h2>\n<p><span style=\"font-size: 8pt;\"><em>Por Denis Soria<\/em><\/span><\/p>\n<p style=\"text-align: justify;\" data-adtags-visited=\"true\">El final de la Edad Media trajo a nuestra tierra una serie de cambios profundos; al ir desplaz\u00e1ndose los centros de poder a Le\u00f3n primero y al Reino de Castilla despu\u00e9s, Asturias vive una situaci\u00f3n de aislamiento motivada por la exclusi\u00f3n de la nobleza asturiana en la realidad pol\u00edtica. Con todo ello, las crisis econ\u00f3micas y la decadencia de la sociedad feudal europea propiciaron una atm\u00f3sfera de delincuencia generalizada. En los miles de caminos de aquella Asturias oscura y asilvestrada exist\u00edan desde recaudadores ilegales que estafaban a los mercaderes exigiendo portazgos desorbitados, hasta otros que directamente asaltaban a espada y cuchillo a los viajeros quien pod\u00edan perder la bolsa o el honor en el mejor de los casos, o la vida en los m\u00e1s.<\/p>\n<p data-adtags-visited=\"true\"><img data-recalc-dims=\"1\" fetchpriority=\"high\" decoding=\"async\" class=\"size-medium aligncenter\" src=\"https:\/\/i0.wp.com\/viejocubia.grao.net\/fotos\/monum\/ccoa.JPG?resize=584%2C922&#038;ssl=1\" width=\"584\" height=\"922\" \/><\/p>\n<p style=\"text-align: justify;\" data-adtags-visited=\"true\">Y es aqu\u00ed donde entra nuestro <strong>Gonzalu Pel\u00e1iz<\/strong>, que a pesar del nombre no tiene nada que ver con aquel que se sublevara en 1132 contra el rey de Le\u00f3n en pro -parece ser- de la independenca de Asturias. Este conde, el de <strong>Cuaya<\/strong>, que era analfabeto a conciencia y m\u00e1s feo que una nevera por detr\u00e1s, naci\u00f3 en Villanueva (Grau) a finales del siglo XIII. Ya desde joven empezar\u00eda a codiciar la villa de Grau, que intent\u00f3 tomar por la fuerza en alguna ocasi\u00f3n. La cosa promet\u00eda. Esta pola estaba bajo <em>realengo<\/em> (es decir, bajo jurisdicci\u00f3n directa del rey de Castilla), as\u00ed que cuando <strong>Fernando IV<\/strong> -con solo diez a\u00f1os- accede al trono en 1295, Pel\u00e1iz aprovecha la minor\u00eda de edad del monarca y solicita la concesi\u00f3n de la villa. Los moscones, conocedores de los antecedentes del conde, dijeron que <em>ni de Blas<\/em> y enviaron una comitiva a la corte evitando sus pretensiones.<\/p>\n<p style=\"text-align: justify;\" data-adtags-visited=\"true\">Pero como Gonzalu Pel\u00e1iz no lo tom\u00f3 muy bien, decidi\u00f3 <em>cafiar<\/em> todo lo que pudo; arras\u00f3 las tierras y aldeas del conceyu y aniquil\u00f3 a todo el que entraba o sal\u00eda de las murallas de la pola de Grau. As\u00ed, por m\u00e1s que los vecinos de la villa defendieran su hogar a toda costa, el comercio y la agricultura se paraliz\u00f3 totalmente poni\u00e9ndolos nuna situaci\u00f3n realmente desesperada. Ello les llev\u00f3 -en 1301- a rogar auxilio al rey de Castilla, que ignora la petici\u00f3n, y m\u00e1s tarde al conceyu de Uvi\u00e9u, que no se lo da por mor del conflicto entre el Obispo de San Salvador (<strong>Fernando Gonzali<\/strong>) y su Cabildo con los vecinos de la ciudad. Informado Cuaya, ampl\u00eda sus <em>malfetr\u00edas<\/em> al alfoz de Uvi\u00e9u y al valle del Nora usando como resorte la fortaleza de Priorio, conchab\u00e1ndose con el obispado y compartiendo con la mitra el bot\u00edn de sus cr\u00edmenes.<\/p>\n<p style=\"text-align: justify;\" data-adtags-visited=\"true\">Y como si todo ello no le bastara, <strong>en la noche del 1 de marzo de 1308 lanza un ataque por sorpresa sobre Grau<\/strong>. Esta vez logra atravesar los muros, masacra a casi toda la poblaci\u00f3n y prende fuego a la villa antes de volver a Cuaya con el producto del saqueo. Sabiendo del desentendimiento del monarca castellano con Asturias y en venganza por negarse aqu\u00e9l a reconocerle \u201c<em>sus derechos\u201d<\/em> sobre Grau, toma el castillo quirosano de Aguilar (de propiedad real) d\u00edas despu\u00e9s.<\/p>\n<p style=\"text-align: justify;\" data-adtags-visited=\"true\">La indignaci\u00f3n de los asturianos rebosa el vaso y algunos hombres de armas de Uvi\u00e9u, m\u00e1s otros de los conceyos vecinos, se unen a los supervivientes de la quema de Grau y acuerdan poner sitio a la plaza donde se encontraba el conde. Pero no fue la amenaza de las milicias conceyiles lo que le hizo abandonar la torre, sino el socorro oportuno del obispado carbay\u00f3n, quien -en pleno conflicto con los siervos y comerciantes de la capital- le entrega los baluartes de Priorio y Tudela junto con el Coto de Lluniego y gran cantidad de refuerzos militares.<\/p>\n<p style=\"text-align: justify;\" data-adtags-visited=\"true\">No era el <strong>castillo de Tudela<\/strong> poco chollo. Aunque del solar que anta\u00f1o ocup\u00f3 hoy solo queden unas pocas piedras amontonadas con poca chica, era de aquella una de las fortalezas m\u00e1s imponentes de Asturias. Adem\u00e1s, se situaba en una ubicaci\u00f3n estrat\u00e9gica; guardando el Coto de Lluniego y a la entrada misma de la capital asturiana, donde todas las recuas de mercaderes que ven\u00edan de Le\u00f3n pagaban portazgo.<\/p>\n<figure class=\"thumbnail wp-caption aligncenter\" style=\"width: 1024px\"><img data-recalc-dims=\"1\" decoding=\"async\" class=\"size-medium\" src=\"https:\/\/i0.wp.com\/4.bp.blogspot.com\/-wENdjAbZQz0\/VogcX9X5VaI\/AAAAAAAAZi4\/DnrGc2Qc6fY\/s1600\/2.JPG?resize=1024%2C768&#038;ssl=1\" width=\"1024\" height=\"768\" \/><figcaption class=\"caption wp-caption-text\">Ruinas del castillo de Tudela (Fotograf\u00eda: Asturgeografic)<\/figcaption><\/figure>\n<p style=\"text-align: justify;\" data-adtags-visited=\"true\">Los asaltos a las caravanas no se hicieron esperar, interrumpiendo el comercio de la ciudad por meses. Y como la <em>pela \u00e9s la pela<\/em>, los ovetenses no se iban a quedar con las manos en los bolsillos mientras Cuaya hac\u00eda lo que le pegaba la gana. Accedieron a contratar a un mercenario para hacer frente al conde; <strong>Suer del Dado<\/strong>, un ayerano que ten\u00eda -junto con sus hombres- fama de ser el mejor guerrero de entre la brava nobleza asturiana. En pocos meses consiguen mantener a Pel\u00e1iz a raya y reestablecer el comercio. Uvi\u00e9u aprovecha el <em>impasse<\/em> para firmar -el 21 de octubre de 1309- una Carta de Hermandad con Grau. Esta alianza les permitir\u00e1 organizar mejor la ayuda militar, por lo que al poco contratan a otro noble batallador; <strong>Suer Menendi de Vald\u00e9s<\/strong>. Resulta interesante que fuera precisamente un Vald\u00e9s el que pusiera las armas al servicio de los conceyos, pues Vald\u00e9s era tambi\u00e9n la segunda mujer de Cuaya; <strong>Urraca Suari<\/strong> (viuda de Men\u00e9n Suari de Vald\u00e9s), que hab\u00eda vuelto a casarse con el pol\u00e9mico Don Gonzalu obligada seguramente por los problemas financieros que llevaba arrastrando.<\/p>\n<p style=\"text-align: justify;\" data-adtags-visited=\"true\">En los seis a\u00f1os siguientes tiene lugar una aut\u00e9ntica<strong> guerra civil<\/strong> entre el bando laico (la causa de los conceyos) y el eclesi\u00e1stico (representado por el obispado de Uvi\u00e9u y el Conde de Cuaya) hasta que -por fin- la regente del reci\u00e9n coronado <strong>Alfonso XI<\/strong>, <strong>Mar\u00eda de Molina<\/strong>, env\u00eda una carta al Obispo de San Salvador y su Cabildo poni\u00e9ndolos a parir y exigi\u00e9ndoles que retiraran el apoyo a Gonzalu Pel\u00e1iz. Al mismo tiempo, mandan al Comendero Real (<strong>Rodrigu \u00c1lvariz de les Asturies<\/strong>, conde de Nore\u00f1a) para encargarse del gobierno del pa\u00eds.<\/p>\n<p style=\"text-align: justify;\" data-adtags-visited=\"true\">Llega Rodrigu a terreno de Asturias con la ense\u00f1a real y pronto acuden a su lado las milicias conceyiles que plantan cara a Pel\u00e1iz hasta que logran neutralizarlo en el castillo de Tudela. El sitio dura cuatro meses y se emplean para ello m\u00e1quinas de guerra que el Comendero solicita a las autoridades ovetenses, desafiando el requerimiento interpuesto por el Obispo para que los <em>fierros et cuerdas del Engenio<\/em> no salieren de la capital.<\/p>\n<p style=\"text-align: justify;\" data-adtags-visited=\"true\">Por fin, <strong>en la primavera de 1316 las tropas toman la plaza<\/strong>. Enterados los de Grau, y hartos ya de tantos a\u00f1os de calamidades, entran en las tierras de Cuaya talando y quemando todo lo que pillan. Pero como mala hierba nunca muere, Gonzalu Pel\u00e1iz escapa en alg\u00fan momento del asedio y se exilia en Navarra -se cree- hasta su muerte.<\/p>\n<figure id=\"attachment_2643\" class=\"thumbnail wp-caption aligncenter\" style=\"width: 800px\"><img data-recalc-dims=\"1\" decoding=\"async\" class=\"wp-image-2643\" src=\"https:\/\/i0.wp.com\/serasturianu.com\/wp-content\/uploads\/2020\/04\/cuaaaa.png?resize=800%2C420&#038;ssl=1\" alt=\"\" width=\"800\" height=\"420\" srcset=\"https:\/\/i0.wp.com\/serasturianu.com\/wp-content\/uploads\/2020\/04\/cuaaaa.png?resize=300%2C158&amp;ssl=1 300w, https:\/\/i0.wp.com\/serasturianu.com\/wp-content\/uploads\/2020\/04\/cuaaaa.png?w=480&amp;ssl=1 480w\" sizes=\"(max-width: 800px) 100vw, 800px\" \/><figcaption class=\"caption wp-caption-text\">La \u00ab<strong><span style=\"color: #51bc4a;\"><a style=\"color: #51bc4a;\" href=\"https:\/\/www.ayto-grado.es\/la-ruta-del-conde-de-cuaya\">Ruta del Conde de Cuaya<\/a><\/span><\/strong>\u00bb recorre algunos pueblos del valle del r\u00edu las Varas.<\/figcaption><\/figure>\n<p style=\"text-align: justify;\" data-adtags-visited=\"true\">En los meses que siguieron a la toma de la fortaleza Rodrigu \u00c1lvariz, quien complementar\u00eda el gobierno de Asturias con la lucha contra los musulmanes de Granada, ordena confiscar las propiedades de Gonzalu y demoler el baluarte de Tudela para evitar que sirviese de punto de apoyo para futuros levantamientos contra la corona. Qui\u00e9n iba a pensar que vaya ser su hijo adoptado, <strong>Enrique de Trast\u00e1mara<\/strong> (bastardo de Alfonso XI), el que prenda la mecha en Asturias dando paso a la Guerra Civil Castellana (1351-1369) y algunos a\u00f1os m\u00e1s tarde su nieto; <strong>Alfonso Enr\u00edquez<\/strong> el que se subleve contra su t\u00edo, <strong>Juan I de Castilla<\/strong>, hasta la toma de Xix\u00f3n en 1395. Pero en fin, de ello hablaremos otro d\u00eda.<\/p>\n<p style=\"text-align: justify;\" data-adtags-visited=\"true\">Volviendo a nuestro conde preferido, es evidente que este personaje debi\u00f3 de dejar una huella bien profunda en los moscones para que, siete siglos despu\u00e9s, su recuerdo siga todav\u00eda vivo en la tradici\u00f3n oral del conceyu de Grau.<\/p>\n<p style=\"text-align: justify;\" data-adtags-visited=\"true\">Como vemos, el mito del prototipo de caballero feudal emp\u00e1tico y preocupado por sus s\u00fabditos, a los que proteg\u00eda de b\u00e1rbaros y dragones, es una falacia. El medievo fue una \u00e9poca en la que las \u00e9litas politicas no dudaban en aprovechar su situaci\u00f3n para satisfacer sus placeres mundanos pasando por arriba del bienestar de la gente del com\u00fan. Una \u00e9poca en la que la desigualdad y corrupci\u00f3n estaban a la orden del d\u00eda\u2026 Por desgracia, desde la Edad Media poco hemos cambiado en ese sentido.<\/p>\n<p data-adtags-visited=\"true\">\n<figure class=\"thumbnail wp-caption aligncenter\" style=\"width: 960px\"><img loading=\"lazy\" decoding=\"async\" class=\"size-medium\" src=\"https:\/\/scontent-mad1-1.xx.fbcdn.net\/v\/t1.0-9\/s960x960\/90800090_900608420390928_3475309028492443648_o.jpg?_nc_cat=108&amp;_nc_sid=8024bb&amp;_nc_ohc=Sk8d9ajm8S4AX-FUC72&amp;_nc_ht=scontent-mad1-1.xx&amp;_nc_tp=7&amp;oh=8f717885f11565e5b61443991e8b5547&amp;oe=5EB78C2D\" width=\"960\" height=\"641\" \/><figcaption class=\"caption wp-caption-text\">Palaciu de Villanueva (Grau), lugar de nacimiento del Conde de Cuaya.<\/figcaption><\/figure>","protected":false},"excerpt":{"rendered":"<p>La turbulenta historia del noble mosc\u00f3n que sembr\u00f3 el terror en la Asturias del siglo XIV Por Denis Soria El final de la Edad Media trajo a nuestra tierra una serie de cambios profundos; al ir desplaz\u00e1ndose los centros de &hellip; <a href=\"https:\/\/serasturianu.com\/ast\/2020\/04\/12\/cuaya-el-conde-que-aterrorizo-asturias\/\">Read More<\/a><\/p>","protected":false},"author":1,"featured_media":2642,"comment_status":"open","ping_status":"open","sticky":false,"template":"","format":"standard","meta":{"_monsterinsights_skip_tracking":false,"_monsterinsights_sitenote_active":false,"_monsterinsights_sitenote_note":"","_monsterinsights_sitenote_category":0,"_jetpack_memberships_contains_paid_content":false,"footnotes":""},"categories":[40,42],"tags":[273,265,672,670,676,682,674,271,678,680],"class_list":["post-2631","post","type-post","status-publish","format-standard","has-post-thumbnail","hentry","category-blog-es","category-curiosidades","tag-asturias-es","tag-asturies","tag-coalla","tag-conde-de-coalla","tag-conde-de-cuaya","tag-cuainxu","tag-cuaya","tag-edad-media","tag-grado","tag-grau"],"jetpack_featured_media_url":"https:\/\/i0.wp.com\/serasturianu.com\/wp-content\/uploads\/2020\/04\/cuay.png?fit=1000%2C668&ssl=1","jetpack_sharing_enabled":true,"_links":{"self":[{"href":"https:\/\/serasturianu.com\/ast\/wp-json\/wp\/v2\/posts\/2631","targetHints":{"allow":["GET"]}}],"collection":[{"href":"https:\/\/serasturianu.com\/ast\/wp-json\/wp\/v2\/posts"}],"about":[{"href":"https:\/\/serasturianu.com\/ast\/wp-json\/wp\/v2\/types\/post"}],"author":[{"embeddable":true,"href":"https:\/\/serasturianu.com\/ast\/wp-json\/wp\/v2\/users\/1"}],"replies":[{"embeddable":true,"href":"https:\/\/serasturianu.com\/ast\/wp-json\/wp\/v2\/comments?post=2631"}],"version-history":[{"count":15,"href":"https:\/\/serasturianu.com\/ast\/wp-json\/wp\/v2\/posts\/2631\/revisions"}],"predecessor-version":[{"id":2648,"href":"https:\/\/serasturianu.com\/ast\/wp-json\/wp\/v2\/posts\/2631\/revisions\/2648"}],"wp:featuredmedia":[{"embeddable":true,"href":"https:\/\/serasturianu.com\/ast\/wp-json\/wp\/v2\/media\/2642"}],"wp:attachment":[{"href":"https:\/\/serasturianu.com\/ast\/wp-json\/wp\/v2\/media?parent=2631"}],"wp:term":[{"taxonomy":"category","embeddable":true,"href":"https:\/\/serasturianu.com\/ast\/wp-json\/wp\/v2\/categories?post=2631"},{"taxonomy":"post_tag","embeddable":true,"href":"https:\/\/serasturianu.com\/ast\/wp-json\/wp\/v2\/tags?post=2631"}],"curies":[{"name":"wp","href":"https:\/\/api.w.org\/{rel}","templated":true}]}}