{"id":2619,"date":"2020-04-09T17:30:05","date_gmt":"2020-04-09T15:30:05","guid":{"rendered":"https:\/\/serasturianu.com\/?p=2619"},"modified":"2020-04-09T17:40:24","modified_gmt":"2020-04-09T15:40:24","slug":"aculla-del-cabrales-6-quesos-asturianos-pa-descubrir","status":"publish","type":"post","link":"https:\/\/serasturianu.com\/ast\/2020\/04\/09\/aculla-del-cabrales-6-quesos-asturianos-pa-descubrir\/","title":{"rendered":"Acull\u00e1 del Cabrales: 6 quesos asturianos pa descubrir"},"content":{"rendered":"<h2 style=\"text-align: justify;\"><strong>Seis propuestes asturianes pa los llocos de los quesos<\/strong><\/h2>\n<p><span style=\"font-size: 8pt;\"><em>Por Denis Soria<\/em><\/span><\/p>\n<p style=\"text-align: justify;\">Toos conocen el Quesu Cabrales, pero con una tradici\u00f3n ganadera milenaria que se remonta a les tribus astures, la mancha quesera m\u00e1s grande d&#8217;Europa ofrez munches m\u00e1s alternatives pal nuesu paladar. <strong>Asturies ye&#8217;l pa\u00eds de los 40 quesos<\/strong>. G\u00fcei tray\u00e9mosvos <strong>seis<\/strong> d&#8217;ellos.<\/p>\n<h2 style=\"text-align: justify;\"><strong>1. Quesu Cas\u00edn<\/strong><\/h2>\n<p style=\"text-align: justify;\">Esti quesu debe&#8217;l nome al conceyu de <strong>Casu<\/strong>, nel valle altu del Nal\u00f3n, anque la so producci\u00f3n abarca tami\u00e9n <strong>Sobrescoyu<\/strong> y <strong>Pilo\u00f1a<\/strong>, conceyos qu&#8217;integren la DOP. Ellab\u00f3rase con pasta amasao a partir de lleche crudo de vaca casina, una raza aut\u00f3ctona del monte asturianu. Pi\u00e9nsase que ye \u00fan de los m\u00e1s antigos, pos ta document\u00e1u dende&#8217;l sieglu XIII.<\/p>\n<p style=\"text-align: justify;\">Ye un quesu de tastu fuerte y mantecosu. La so particularid\u00e1 reside en que, una vuelta desuerao, am\u00e1sase formando <em>gorollos<\/em> que se dexen reposar unos d\u00edes pa dempu\u00e9s pasalos per una m\u00e1quina de rabilar cuantes veces se queria aumentar el picor y la intensid\u00e1 del sabor. Finalmente, gr\u00e1bense con un <strong>marcu<\/strong> de madera al env\u00eds d&#8217;identificar la queser\u00eda.<\/p>\n<p style=\"text-align: justify;\">Cuenta con <strong>cuatro queser\u00edes<\/strong>: Ca Llechi, El Viejo Mundo, Queser\u00eda Reciegos y La Corte (les dos \u00faltimes vistables). Am\u00e1s, la <strong>fin de selmana postrera d&#8217;agostu<\/strong> tien llugar el <strong>Certame del Quesu Cas\u00edn<\/strong> nos altos de<strong> La Coll\u00e1 d\u2019Arniciu (Casu)<\/strong>, un momentu afayadizu pa conocer les \u00faltimes novedaes y esfrutar d&#8217;unes vistes bien guapes al Parque Natural de Redes.<\/p>\n<p><img data-recalc-dims=\"1\" fetchpriority=\"high\" decoding=\"async\" class=\"alignnone size-medium\" src=\"https:\/\/i0.wp.com\/i.ytimg.com\/vi\/gHVtsTPLfwg\/maxresdefault.jpg?resize=1140%2C641&#038;ssl=1\" width=\"1140\" height=\"641\" \/><\/p>\n<h2 style=\"text-align: justify;\"><strong>2. Quesu Gamon\u00e9u<\/strong><\/h2>\n<p style=\"text-align: justify;\">Ellaborao nos conceyos de<strong> Cangues d\u2019On\u00eds <\/strong>y <strong>On\u00eds<\/strong>, ye \u00fan de los tr\u00e9s quesos azules que se faen nel entornu de los Picos d&#8217;Europa. El so tastu ye asemey\u00e1u daqu\u00e9 al Cabrales, pero&#8217;l preciu nun tien res que ver. Ello ye que la so producci\u00f3n ye muncho m\u00e1s peque\u00f1a y artesanal.<\/p>\n<p style=\"text-align: justify;\">Lo que lo fai tan especial ye tanto&#8217;l so afum\u00e1u como la so curaci\u00f3n en cueva, ente dos y cinco meses, que consigue una consistencia semidura, con manches de <em>penicilium<\/em> espard\u00edes pela corteya y un sabor penetrante. Ellab\u00f3rase a partir de lleche de vaca, oveya y cabra, si bien nel casu del quesu<strong> Gamon\u00e9u del Puertu<\/strong> han mecese a lo menos dos tipos de lleche (m\u00ednimu un 10% la d&#8217;ov\u00edn y\/o capr\u00edn). La producci\u00f3n d&#8217;esta varied\u00e1 ac\u00fatase a los meses de primavera y branu, tiempu de pastor\u00e9u nes vegues y mayaes, raz\u00f3n pola que ye m\u00e1s cotizada que la del <strong>Gamon\u00e9u del Valle.<\/strong><\/p>\n<p style=\"text-align: justify;\">Con cerca de <strong>18 queser\u00edes inscrites na DOP<\/strong>, tolos <strong>23 d&#8217;ochobre<\/strong> cel\u00e9brase en <strong>Benia<\/strong>, capital del conceyu d&#8217;On\u00eds, el <strong>Certame del quesu Gamon\u00e9u<\/strong>, que s&#8217;allarga a la fin de selmana.<\/p>\n<p><img data-recalc-dims=\"1\" decoding=\"async\" class=\"alignnone size-medium\" src=\"https:\/\/i0.wp.com\/images.squarespace-cdn.com\/content\/v1\/55173c0be4b0fd1c92d81760\/1461246068752-3XHSTMX9ITFEO2VQKUGM\/ke17ZwdGBToddI8pDm48kOKeVRM2jpvHoBe444ksH60UqsxRUqqbr1mOJYKfIPR7sg0-GfoMV80GaKiJfH2s4nvmfmFA6ydg9ZkIEYdHN9J8xtCicPSQ8QUdQqC-eBXTInPi9iDjx9w8K4ZfjXt2dvY0C_oSwA8lVq_2RjQB4GfUgLl52QvjQf2RVNcqcld5G6v6ULRah83RgHXAWD5lbQ\/Gamoneu_FfA_Copyrighted_MonicaRGoya_08.jpg?resize=1000%2C660&#038;ssl=1\" width=\"1000\" height=\"660\" \/><\/p>\n<h2 style=\"text-align: justify;\"><strong>3. Quesu de Los Beyos<\/strong><\/h2>\n<p style=\"text-align: justify;\">Con <strong>Indicaci\u00f3n Geogr\u00e1fica Protexida (IPG)<\/strong>, produzse nos conceyos asturianos de <strong>Ponga <\/strong>y<strong> Amieva<\/strong> y nel llion\u00e9s d<strong>&#8216;Oseya de Sayambre<\/strong>. El so nome vien del escobiu de Los Beyos.<\/p>\n<p style=\"text-align: justify;\">El quesu de Beyos puede ellaborase con lleche de vaca, cabra y oveya, magar qu&#8217;ensin amestar. Ye un quesu cremoso, f\u00e1cil d&#8217;esfaraguyar al corte y daqu\u00e9 acedo, m\u00e1s intensu nos d&#8217;oveya y de cabra, y m\u00e1s suave nos de vaca.<\/p>\n<p style=\"text-align: justify;\">Existen <strong>tr\u00e9s cert\u00e1menes<\/strong> d&#8217;esti quesu:<\/p>\n<ul style=\"text-align: justify;\">\n<li><em>San Xuan de Bele\u00f1o (Ponga):<\/em> Domingu \u00faltimu de mayu.<\/li>\n<li><em>Amieva:<\/em> Primer s\u00e1badu de xunu.<\/li>\n<li><em>Oseya de Sayambre (Lli\u00f3n)<\/em>: Ochobre.<\/li>\n<\/ul>\n<p style=\"text-align: justify;\"><img data-recalc-dims=\"1\" decoding=\"async\" class=\"size-medium aligncenter\" src=\"https:\/\/i0.wp.com\/s2.productosdeasturias.com\/480-thickbox_default\/queso-los-beyos-igp-de-cabra-400-g.jpg?resize=671%2C671&#038;ssl=1\" width=\"671\" height=\"671\" \/><\/p>\n<p>&nbsp;<\/p>\n<h2 style=\"text-align: justify;\"><strong>4. Quesu Pr\u00eda<\/strong><\/h2>\n<p style=\"text-align: justify;\">Propiu de la parroquia costera de <strong>Pr\u00eda<\/strong>, nel <strong>conceyu de Llanes<\/strong>, esti quesu tien lo singular de ser ellaborao con lleche de vaca y mantega d&#8217;oveya. De les sos muches variedaes, la m\u00e1s demandada ye&#8217;l famosu <strong><em>\u1e25um\u00e1u de Pr\u00eda<\/em><\/strong>, un quesu afumao con madera de carbayu, tienro, de tastu semidulce y prestosu.<\/p>\n<p style=\"text-align: justify;\"><img data-recalc-dims=\"1\" loading=\"lazy\" decoding=\"async\" class=\"size-medium aligncenter\" src=\"https:\/\/i0.wp.com\/s2.productosdeasturias.com\/478-thickbox_default\/queso-de-vaca-y-oveja-ahumado-de-pria-500-g.jpg?resize=671%2C671&#038;ssl=1\" width=\"671\" height=\"671\" \/><\/p>\n<p>&nbsp;<\/p>\n<h2 style=\"text-align: justify;\"><strong>5. Quesu pic\u00f3n<\/strong><\/h2>\n<p style=\"text-align: justify;\">Ye \u00fan de los quesos m\u00e1s enigm\u00e1ticos d&#8217;Asturies y, a xulgar pola so ellaboraci\u00f3n, de los m\u00e1s antigos. La so producci\u00f3n ye dom\u00e9stica cuasi dafechamente, arrequexada al <strong>monte meridional asturianu<\/strong>, onde tien nomes distintos y variaciones seg\u00fan el conceyu: <em>queisu de fonte, queisu d\u2019odre, queisu de bota<\/em> o <em>queixu de vexiga<\/em> en <strong>Quir\u00f3s, Proaza<\/strong> y<strong> Somiedu<\/strong>,<em> quisu pic\u00f3n<\/em> en <strong><span class=\"st\">\u1e36\u1e37<\/span>ena<\/strong> y <em>quisu d\u2019Urbi\u00e9s<\/em> nel <strong>valle de Tur\u00f3n (Mieres)<\/strong>.<\/p>\n<p style=\"text-align: justify;\">Tr\u00e1tase d&#8217;un quesu fecho a base de <em>calostru <\/em>o <em>caliestru<\/em> (lleche de vaques par\u00edes de reci\u00e9n), poco graso, pastoso y cremoso, ideal pa untar. El so sabor nun ye aptu pa tolos gustos, pos ye particularmente intensu y picante, motivu pol qu&#8217;en delles cases suelen amestar cantidaes peque\u00f1es d&#8217;aguardiente de miel o mantega, p&#8217;amatagar l&#8217;acidez.<\/p>\n<p style=\"text-align: justify;\">Anque una vuelta cuayada la masa puede desuerase en fardeles de tela, en dellos pueblos siguen faci\u00e9ndolo en pelleyes de corderu o cabritu, onde se dexa formentar al calor del llume de la cocina pa que sude&#8217;l sueru. Tr\u00e9s meses m\u00e1s tarde p\u00e1sase a una fonte o tarre\u00f1a onde se remueve a lo llargo d&#8217;ocho meses pa que&#8217;l mofu de la superficie s&#8217;esparda de manera homox\u00e9nea.<\/p>\n<p style=\"text-align: justify;\">Esti quesu en peligru de desaniciu ye enforma dif\u00edcil de mercar, conque lo recomendable ye acudir a les distintes feries:<\/p>\n<ul style=\"text-align: justify;\">\n<li><em>Certame del Quesu d\u2019Urbi\u00e9s (Mieres):<\/em> Segundu domingu de xunu.<\/li>\n<li><em>Certame del Quesu de Bota (Bermiego, Quir\u00f3s):<\/em> Primeros de xunu.<\/li>\n<li><em>Certame del Quesu de Fonte (Proaza):<\/em> Primeros de febreru.<\/li>\n<\/ul>\n<p style=\"text-align: justify;\"><img loading=\"lazy\" decoding=\"async\" class=\"alignnone size-medium\" src=\"https:\/\/img2.rtve.es\/v\/5511670?w=1600&amp;preview=1581624022530.jpg\" width=\"1600\" height=\"895\" \/><\/p>\n<p><img loading=\"lazy\" decoding=\"async\" class=\"alignnone size-medium\" src=\"https:\/\/upload.wikimedia.org\/wikipedia\/commons\/3\/3f\/QuesodeFuente.jpg\" width=\"848\" height=\"735\" \/><\/p>\n<p>&nbsp;<\/p>\n<h2 style=\"text-align: justify;\"><strong>6. Quesu Afuega&#8217;l Pitu<\/strong><\/h2>\n<p style=\"text-align: justify;\">Al empar que&#8217;l Cas\u00edn, ye \u00fan de los quesos asturianos m\u00e1s antigos, y de fechu ta documentao como moneda de pagu d&#8217;impuestos nel sieglu XVIII. Faise con lleche de vaca carre\u00f1a o frisona en peque\u00f1es caser\u00edes, si bien anta\u00f1o la so producci\u00f3n taba presente en cuasi tolos conceyos ente&#8217;l Narcea y el Seya. Poseye la so propia DOP de magar el 2008.<\/p>\n<p style=\"text-align: justify;\">L&#8217;orixe del so nome, raru cuanti si m\u00e1s, dio llugar a interpretaciones alloriaes. Pa unos el nome alude a que, al tragar, la so testura pastosa ap\u00e9gase al paladar y al garg\u00fcelu, como un pitu. Otros defenden que se debe al procesu de desuer\u00e1u de la varied\u00e1<em> de pu\u00f1u<\/em>, na que s&#8217;afuega&#8217;l trapu o fardela pa recudir primero d&#8217;engolala.<\/p>\n<p style=\"text-align: justify;\">El quesu Afuega\u2019l Picu pres\u00e9ntase en tr\u00e9s modalidaes, curaos, semicuraos o tienros y hasta cuatro variedaes en funci\u00f3n de la so forma: <strong>Atronc\u00e1u blancu<\/strong>, de forma troncoc\u00f3nica, de color blancu y ensin amasar o <strong>Atronc\u00e1u roxu<\/strong>, de forma troncoc\u00f3nica, con piment\u00f3n (lo que-y da un color encarn\u00e1u) y amasao. Les otres variedaes son <em>de trapu<\/em> o <em>de pu\u00f1u,<\/em> <strong>Trapu blancu<\/strong> y <strong>Trapu roxu<\/strong>, que s&#8217;estremen de les anteriores pola so forma ronda y pol desuer\u00e1u en trapos o fardeles.<\/p>\n<p style=\"text-align: justify;\">El <strong>certame m\u00e1s importante<\/strong> d&#8217;estu quesu tien llugar a <strong>\u00faltimos de xineru <\/strong>en <strong>La Foz (Morc\u00edn)<\/strong>, onde participen delles queser\u00edes llegaes de diferentes conceyos: Tin\u00e9u (Tierra de Tineo), Salas (Valle del Narcea, Agrovald\u00e9s, El Viso y La Arquera) Grau (Ca Sanchu, Borbolla y Temia), Pravia (La Pe\u00f1ona y Rey Silo) y Morc\u00edn (La Figar).<\/p>\n<p><img data-recalc-dims=\"1\" decoding=\"async\" src=\"https:\/\/i0.wp.com\/www.expogourmetmagazine.com\/uploads\/fotos_noticias\/2020\/02\/w800px_21131-168466-nuestros-quesos-afuegal-pitu.jpg?w=1140&#038;ssl=1\" \/><\/p>","protected":false},"excerpt":{"rendered":"<p>Seis propuestes asturianes pa los llocos de los quesos Por Denis Soria Toos conocen el Quesu Cabrales, pero con una tradici\u00f3n ganadera milenaria que se remonta a les tribus astures, la mancha quesera m\u00e1s grande d&#8217;Europa ofrez munches m\u00e1s alternatives &hellip; <a href=\"https:\/\/serasturianu.com\/ast\/2020\/04\/09\/aculla-del-cabrales-6-quesos-asturianos-pa-descubrir\/\">Read More<\/a><\/p>","protected":false},"author":1,"featured_media":2617,"comment_status":"open","ping_status":"open","sticky":false,"template":"","format":"standard","meta":{"_monsterinsights_skip_tracking":false,"_jetpack_memberships_contains_paid_content":false,"footnotes":""},"categories":[109],"tags":[],"class_list":["post-2619","post","type-post","status-publish","format-standard","has-post-thumbnail","hentry","category-curiosidaes"],"yoast_head":"<!-- This site is optimized with the Yoast SEO plugin v28.2 - https:\/\/yoast.com\/product\/yoast-seo-wordpress\/ -->\n<title>Acull\u00e1 del Cabrales: 6 quesos asturianos pa descubrir - Ser Asturianu<\/title>\n<meta name=\"robots\" content=\"index, follow, max-snippet:-1, max-image-preview:large, max-video-preview:-1\" \/>\n<link rel=\"canonical\" href=\"https:\/\/serasturianu.com\/ast\/2020\/04\/09\/aculla-del-cabrales-6-quesos-asturianos-pa-descubrir\/\" \/>\n<meta property=\"og:locale\" content=\"en_US\" \/>\n<meta property=\"og:type\" content=\"article\" \/>\n<meta property=\"og:title\" content=\"Acull\u00e1 del Cabrales: 6 quesos asturianos pa descubrir - Ser Asturianu\" \/>\n<meta property=\"og:description\" content=\"Seis propuestes asturianes pa los llocos de los quesos Por Denis Soria Toos conocen el Quesu Cabrales, pero con una tradici\u00f3n ganadera milenaria que se remonta a les tribus astures, la mancha quesera m\u00e1s grande d&#8217;Europa ofrez munches m\u00e1s alternatives &hellip; Read More\" \/>\n<meta property=\"og:url\" content=\"https:\/\/serasturianu.com\/ast\/2020\/04\/09\/aculla-del-cabrales-6-quesos-asturianos-pa-descubrir\/\" \/>\n<meta property=\"og:site_name\" content=\"Ser Asturianu\" \/>\n<meta property=\"article:publisher\" content=\"https:\/\/www.facebook.com\/serasturianu\" \/>\n<meta property=\"article:published_time\" content=\"2020-04-09T15:30:05+00:00\" \/>\n<meta property=\"article:modified_time\" content=\"2020-04-09T15:40:24+00:00\" \/>\n<meta property=\"og:image\" content=\"https:\/\/i0.wp.com\/serasturianu.com\/wp-content\/uploads\/2020\/04\/portq.png?fit=1000%2C668&ssl=1\" \/>\n\t<meta property=\"og:image:width\" content=\"1000\" \/>\n\t<meta property=\"og:image:height\" content=\"668\" \/>\n\t<meta property=\"og:image:type\" content=\"image\/png\" \/>\n<meta name=\"author\" content=\"serasturianu\" \/>\n<meta name=\"twitter:card\" content=\"summary_large_image\" \/>\n<meta name=\"twitter:creator\" content=\"@SerAsturianu\" \/>\n<meta name=\"twitter:site\" content=\"@SerAsturianu\" \/>\n<meta name=\"twitter:label1\" content=\"Written by\" \/>\n\t<meta name=\"twitter:data1\" content=\"serasturianu\" \/>\n\t<meta name=\"twitter:label2\" content=\"Est. reading time\" \/>\n\t<meta name=\"twitter:data2\" content=\"6 minutes\" \/>\n<script type=\"application\/ld+json\" class=\"yoast-schema-graph\">{\"@context\":\"https:\\\/\\\/schema.org\",\"@graph\":[{\"@type\":\"Article\",\"@id\":\"https:\\\/\\\/serasturianu.com\\\/ast\\\/2020\\\/04\\\/09\\\/aculla-del-cabrales-6-quesos-asturianos-pa-descubrir\\\/#article\",\"isPartOf\":{\"@id\":\"https:\\\/\\\/serasturianu.com\\\/ast\\\/2020\\\/04\\\/09\\\/aculla-del-cabrales-6-quesos-asturianos-pa-descubrir\\\/\"},\"author\":{\"name\":\"serasturianu\",\"@id\":\"https:\\\/\\\/serasturianu.com\\\/ast\\\/#\\\/schema\\\/person\\\/7d40831736e46924e4c0f05b50eb56e3\"},\"headline\":\"Acull\u00e1 del Cabrales: 6 quesos asturianos pa descubrir\",\"datePublished\":\"2020-04-09T15:30:05+00:00\",\"dateModified\":\"2020-04-09T15:40:24+00:00\",\"mainEntityOfPage\":{\"@id\":\"https:\\\/\\\/serasturianu.com\\\/ast\\\/2020\\\/04\\\/09\\\/aculla-del-cabrales-6-quesos-asturianos-pa-descubrir\\\/\"},\"wordCount\":1242,\"commentCount\":0,\"publisher\":{\"@id\":\"https:\\\/\\\/serasturianu.com\\\/ast\\\/#organization\"},\"image\":{\"@id\":\"https:\\\/\\\/serasturianu.com\\\/ast\\\/2020\\\/04\\\/09\\\/aculla-del-cabrales-6-quesos-asturianos-pa-descubrir\\\/#primaryimage\"},\"thumbnailUrl\":\"https:\\\/\\\/i0.wp.com\\\/serasturianu.com\\\/wp-content\\\/uploads\\\/2020\\\/04\\\/portq.png?fit=1000%2C668&ssl=1\",\"articleSection\":[\"Curiosidaes\"],\"inLanguage\":\"ast\",\"potentialAction\":[{\"@type\":\"CommentAction\",\"name\":\"Comment\",\"target\":[\"https:\\\/\\\/serasturianu.com\\\/ast\\\/2020\\\/04\\\/09\\\/aculla-del-cabrales-6-quesos-asturianos-pa-descubrir\\\/#respond\"]}]},{\"@type\":\"WebPage\",\"@id\":\"https:\\\/\\\/serasturianu.com\\\/ast\\\/2020\\\/04\\\/09\\\/aculla-del-cabrales-6-quesos-asturianos-pa-descubrir\\\/\",\"url\":\"https:\\\/\\\/serasturianu.com\\\/ast\\\/2020\\\/04\\\/09\\\/aculla-del-cabrales-6-quesos-asturianos-pa-descubrir\\\/\",\"name\":\"Acull\u00e1 del Cabrales: 6 quesos asturianos pa descubrir - Ser Asturianu\",\"isPartOf\":{\"@id\":\"https:\\\/\\\/serasturianu.com\\\/ast\\\/#website\"},\"primaryImageOfPage\":{\"@id\":\"https:\\\/\\\/serasturianu.com\\\/ast\\\/2020\\\/04\\\/09\\\/aculla-del-cabrales-6-quesos-asturianos-pa-descubrir\\\/#primaryimage\"},\"image\":{\"@id\":\"https:\\\/\\\/serasturianu.com\\\/ast\\\/2020\\\/04\\\/09\\\/aculla-del-cabrales-6-quesos-asturianos-pa-descubrir\\\/#primaryimage\"},\"thumbnailUrl\":\"https:\\\/\\\/i0.wp.com\\\/serasturianu.com\\\/wp-content\\\/uploads\\\/2020\\\/04\\\/portq.png?fit=1000%2C668&ssl=1\",\"datePublished\":\"2020-04-09T15:30:05+00:00\",\"dateModified\":\"2020-04-09T15:40:24+00:00\",\"breadcrumb\":{\"@id\":\"https:\\\/\\\/serasturianu.com\\\/ast\\\/2020\\\/04\\\/09\\\/aculla-del-cabrales-6-quesos-asturianos-pa-descubrir\\\/#breadcrumb\"},\"inLanguage\":\"ast\",\"potentialAction\":[{\"@type\":\"ReadAction\",\"target\":[\"https:\\\/\\\/serasturianu.com\\\/ast\\\/2020\\\/04\\\/09\\\/aculla-del-cabrales-6-quesos-asturianos-pa-descubrir\\\/\"]}]},{\"@type\":\"ImageObject\",\"inLanguage\":\"ast\",\"@id\":\"https:\\\/\\\/serasturianu.com\\\/ast\\\/2020\\\/04\\\/09\\\/aculla-del-cabrales-6-quesos-asturianos-pa-descubrir\\\/#primaryimage\",\"url\":\"https:\\\/\\\/i0.wp.com\\\/serasturianu.com\\\/wp-content\\\/uploads\\\/2020\\\/04\\\/portq.png?fit=1000%2C668&ssl=1\",\"contentUrl\":\"https:\\\/\\\/i0.wp.com\\\/serasturianu.com\\\/wp-content\\\/uploads\\\/2020\\\/04\\\/portq.png?fit=1000%2C668&ssl=1\",\"width\":1000,\"height\":668},{\"@type\":\"BreadcrumbList\",\"@id\":\"https:\\\/\\\/serasturianu.com\\\/ast\\\/2020\\\/04\\\/09\\\/aculla-del-cabrales-6-quesos-asturianos-pa-descubrir\\\/#breadcrumb\",\"itemListElement\":[{\"@type\":\"ListItem\",\"position\":1,\"name\":\"Portada\",\"item\":\"https:\\\/\\\/serasturianu.com\\\/ast\\\/\"},{\"@type\":\"ListItem\",\"position\":2,\"name\":\"Acull\u00e1 del Cabrales: 6 quesos asturianos pa descubrir\"}]},{\"@type\":\"WebSite\",\"@id\":\"https:\\\/\\\/serasturianu.com\\\/ast\\\/#website\",\"url\":\"https:\\\/\\\/serasturianu.com\\\/ast\\\/\",\"name\":\"Ser Asturianu\",\"description\":\"Tours aut\u00e9nticos\",\"publisher\":{\"@id\":\"https:\\\/\\\/serasturianu.com\\\/ast\\\/#organization\"},\"potentialAction\":[{\"@type\":\"SearchAction\",\"target\":{\"@type\":\"EntryPoint\",\"urlTemplate\":\"https:\\\/\\\/serasturianu.com\\\/ast\\\/?s={search_term_string}\"},\"query-input\":{\"@type\":\"PropertyValueSpecification\",\"valueRequired\":true,\"valueName\":\"search_term_string\"}}],\"inLanguage\":\"ast\"},{\"@type\":\"Organization\",\"@id\":\"https:\\\/\\\/serasturianu.com\\\/ast\\\/#organization\",\"name\":\"Ser Asturianu\",\"url\":\"https:\\\/\\\/serasturianu.com\\\/ast\\\/\",\"logo\":{\"@type\":\"ImageObject\",\"inLanguage\":\"ast\",\"@id\":\"https:\\\/\\\/serasturianu.com\\\/ast\\\/#\\\/schema\\\/logo\\\/image\\\/\",\"url\":\"https:\\\/\\\/i0.wp.com\\\/serasturianu.com\\\/wp-content\\\/uploads\\\/2022\\\/01\\\/logofondu.png?fit=510%2C510&ssl=1\",\"contentUrl\":\"https:\\\/\\\/i0.wp.com\\\/serasturianu.com\\\/wp-content\\\/uploads\\\/2022\\\/01\\\/logofondu.png?fit=510%2C510&ssl=1\",\"width\":510,\"height\":510,\"caption\":\"Ser Asturianu\"},\"image\":{\"@id\":\"https:\\\/\\\/serasturianu.com\\\/ast\\\/#\\\/schema\\\/logo\\\/image\\\/\"},\"sameAs\":[\"https:\\\/\\\/www.facebook.com\\\/serasturianu\",\"https:\\\/\\\/x.com\\\/SerAsturianu\",\"https:\\\/\\\/www.instagram.com\\\/ser_asturianu\\\/\"]},{\"@type\":\"Person\",\"@id\":\"https:\\\/\\\/serasturianu.com\\\/ast\\\/#\\\/schema\\\/person\\\/7d40831736e46924e4c0f05b50eb56e3\",\"name\":\"serasturianu\",\"image\":{\"@type\":\"ImageObject\",\"inLanguage\":\"ast\",\"@id\":\"https:\\\/\\\/secure.gravatar.com\\\/avatar\\\/e402fe1cb4d6685aeaadf5eca83a377394f2f6e2b29898eb1dd1589b9b7d8614?s=96&d=mm&r=g\",\"url\":\"https:\\\/\\\/secure.gravatar.com\\\/avatar\\\/e402fe1cb4d6685aeaadf5eca83a377394f2f6e2b29898eb1dd1589b9b7d8614?s=96&d=mm&r=g\",\"contentUrl\":\"https:\\\/\\\/secure.gravatar.com\\\/avatar\\\/e402fe1cb4d6685aeaadf5eca83a377394f2f6e2b29898eb1dd1589b9b7d8614?s=96&d=mm&r=g\",\"caption\":\"serasturianu\"},\"url\":\"https:\\\/\\\/serasturianu.com\\\/ast\\\/author\\\/serasturianu\\\/\"}]}<\/script>\n<!-- \/ Yoast SEO plugin. -->","yoast_head_json":{"title":"Acull\u00e1 del Cabrales: 6 quesos asturianos pa descubrir - Ser Asturianu","robots":{"index":"index","follow":"follow","max-snippet":"max-snippet:-1","max-image-preview":"max-image-preview:large","max-video-preview":"max-video-preview:-1"},"canonical":"https:\/\/serasturianu.com\/ast\/2020\/04\/09\/aculla-del-cabrales-6-quesos-asturianos-pa-descubrir\/","og_locale":"en_US","og_type":"article","og_title":"Acull\u00e1 del Cabrales: 6 quesos asturianos pa descubrir - Ser Asturianu","og_description":"Seis propuestes asturianes pa los llocos de los quesos Por Denis Soria Toos conocen el Quesu Cabrales, pero con una tradici\u00f3n ganadera milenaria que se remonta a les tribus astures, la mancha quesera m\u00e1s grande d&#8217;Europa ofrez munches m\u00e1s alternatives &hellip; Read More","og_url":"https:\/\/serasturianu.com\/ast\/2020\/04\/09\/aculla-del-cabrales-6-quesos-asturianos-pa-descubrir\/","og_site_name":"Ser Asturianu","article_publisher":"https:\/\/www.facebook.com\/serasturianu","article_published_time":"2020-04-09T15:30:05+00:00","article_modified_time":"2020-04-09T15:40:24+00:00","og_image":[{"width":1000,"height":668,"url":"https:\/\/i0.wp.com\/serasturianu.com\/wp-content\/uploads\/2020\/04\/portq.png?fit=1000%2C668&ssl=1","type":"image\/png"}],"author":"serasturianu","twitter_card":"summary_large_image","twitter_creator":"@SerAsturianu","twitter_site":"@SerAsturianu","twitter_misc":{"Written by":"serasturianu","Est. reading time":"6 minutes"},"schema":{"@context":"https:\/\/schema.org","@graph":[{"@type":"Article","@id":"https:\/\/serasturianu.com\/ast\/2020\/04\/09\/aculla-del-cabrales-6-quesos-asturianos-pa-descubrir\/#article","isPartOf":{"@id":"https:\/\/serasturianu.com\/ast\/2020\/04\/09\/aculla-del-cabrales-6-quesos-asturianos-pa-descubrir\/"},"author":{"name":"serasturianu","@id":"https:\/\/serasturianu.com\/ast\/#\/schema\/person\/7d40831736e46924e4c0f05b50eb56e3"},"headline":"Acull\u00e1 del Cabrales: 6 quesos asturianos pa descubrir","datePublished":"2020-04-09T15:30:05+00:00","dateModified":"2020-04-09T15:40:24+00:00","mainEntityOfPage":{"@id":"https:\/\/serasturianu.com\/ast\/2020\/04\/09\/aculla-del-cabrales-6-quesos-asturianos-pa-descubrir\/"},"wordCount":1242,"commentCount":0,"publisher":{"@id":"https:\/\/serasturianu.com\/ast\/#organization"},"image":{"@id":"https:\/\/serasturianu.com\/ast\/2020\/04\/09\/aculla-del-cabrales-6-quesos-asturianos-pa-descubrir\/#primaryimage"},"thumbnailUrl":"https:\/\/i0.wp.com\/serasturianu.com\/wp-content\/uploads\/2020\/04\/portq.png?fit=1000%2C668&ssl=1","articleSection":["Curiosidaes"],"inLanguage":"ast","potentialAction":[{"@type":"CommentAction","name":"Comment","target":["https:\/\/serasturianu.com\/ast\/2020\/04\/09\/aculla-del-cabrales-6-quesos-asturianos-pa-descubrir\/#respond"]}]},{"@type":"WebPage","@id":"https:\/\/serasturianu.com\/ast\/2020\/04\/09\/aculla-del-cabrales-6-quesos-asturianos-pa-descubrir\/","url":"https:\/\/serasturianu.com\/ast\/2020\/04\/09\/aculla-del-cabrales-6-quesos-asturianos-pa-descubrir\/","name":"Acull\u00e1 del Cabrales: 6 quesos asturianos pa descubrir - Ser Asturianu","isPartOf":{"@id":"https:\/\/serasturianu.com\/ast\/#website"},"primaryImageOfPage":{"@id":"https:\/\/serasturianu.com\/ast\/2020\/04\/09\/aculla-del-cabrales-6-quesos-asturianos-pa-descubrir\/#primaryimage"},"image":{"@id":"https:\/\/serasturianu.com\/ast\/2020\/04\/09\/aculla-del-cabrales-6-quesos-asturianos-pa-descubrir\/#primaryimage"},"thumbnailUrl":"https:\/\/i0.wp.com\/serasturianu.com\/wp-content\/uploads\/2020\/04\/portq.png?fit=1000%2C668&ssl=1","datePublished":"2020-04-09T15:30:05+00:00","dateModified":"2020-04-09T15:40:24+00:00","breadcrumb":{"@id":"https:\/\/serasturianu.com\/ast\/2020\/04\/09\/aculla-del-cabrales-6-quesos-asturianos-pa-descubrir\/#breadcrumb"},"inLanguage":"ast","potentialAction":[{"@type":"ReadAction","target":["https:\/\/serasturianu.com\/ast\/2020\/04\/09\/aculla-del-cabrales-6-quesos-asturianos-pa-descubrir\/"]}]},{"@type":"ImageObject","inLanguage":"ast","@id":"https:\/\/serasturianu.com\/ast\/2020\/04\/09\/aculla-del-cabrales-6-quesos-asturianos-pa-descubrir\/#primaryimage","url":"https:\/\/i0.wp.com\/serasturianu.com\/wp-content\/uploads\/2020\/04\/portq.png?fit=1000%2C668&ssl=1","contentUrl":"https:\/\/i0.wp.com\/serasturianu.com\/wp-content\/uploads\/2020\/04\/portq.png?fit=1000%2C668&ssl=1","width":1000,"height":668},{"@type":"BreadcrumbList","@id":"https:\/\/serasturianu.com\/ast\/2020\/04\/09\/aculla-del-cabrales-6-quesos-asturianos-pa-descubrir\/#breadcrumb","itemListElement":[{"@type":"ListItem","position":1,"name":"Portada","item":"https:\/\/serasturianu.com\/ast\/"},{"@type":"ListItem","position":2,"name":"Acull\u00e1 del Cabrales: 6 quesos asturianos pa descubrir"}]},{"@type":"WebSite","@id":"https:\/\/serasturianu.com\/ast\/#website","url":"https:\/\/serasturianu.com\/ast\/","name":"Ser Asturianu","description":"Tours aut\u00e9nticos","publisher":{"@id":"https:\/\/serasturianu.com\/ast\/#organization"},"potentialAction":[{"@type":"SearchAction","target":{"@type":"EntryPoint","urlTemplate":"https:\/\/serasturianu.com\/ast\/?s={search_term_string}"},"query-input":{"@type":"PropertyValueSpecification","valueRequired":true,"valueName":"search_term_string"}}],"inLanguage":"ast"},{"@type":"Organization","@id":"https:\/\/serasturianu.com\/ast\/#organization","name":"Ser Asturianu","url":"https:\/\/serasturianu.com\/ast\/","logo":{"@type":"ImageObject","inLanguage":"ast","@id":"https:\/\/serasturianu.com\/ast\/#\/schema\/logo\/image\/","url":"https:\/\/i0.wp.com\/serasturianu.com\/wp-content\/uploads\/2022\/01\/logofondu.png?fit=510%2C510&ssl=1","contentUrl":"https:\/\/i0.wp.com\/serasturianu.com\/wp-content\/uploads\/2022\/01\/logofondu.png?fit=510%2C510&ssl=1","width":510,"height":510,"caption":"Ser Asturianu"},"image":{"@id":"https:\/\/serasturianu.com\/ast\/#\/schema\/logo\/image\/"},"sameAs":["https:\/\/www.facebook.com\/serasturianu","https:\/\/x.com\/SerAsturianu","https:\/\/www.instagram.com\/ser_asturianu\/"]},{"@type":"Person","@id":"https:\/\/serasturianu.com\/ast\/#\/schema\/person\/7d40831736e46924e4c0f05b50eb56e3","name":"serasturianu","image":{"@type":"ImageObject","inLanguage":"ast","@id":"https:\/\/secure.gravatar.com\/avatar\/e402fe1cb4d6685aeaadf5eca83a377394f2f6e2b29898eb1dd1589b9b7d8614?s=96&d=mm&r=g","url":"https:\/\/secure.gravatar.com\/avatar\/e402fe1cb4d6685aeaadf5eca83a377394f2f6e2b29898eb1dd1589b9b7d8614?s=96&d=mm&r=g","contentUrl":"https:\/\/secure.gravatar.com\/avatar\/e402fe1cb4d6685aeaadf5eca83a377394f2f6e2b29898eb1dd1589b9b7d8614?s=96&d=mm&r=g","caption":"serasturianu"},"url":"https:\/\/serasturianu.com\/ast\/author\/serasturianu\/"}]}},"jetpack_featured_media_url":"https:\/\/i0.wp.com\/serasturianu.com\/wp-content\/uploads\/2020\/04\/portq.png?fit=1000%2C668&ssl=1","jetpack_sharing_enabled":true,"_links":{"self":[{"href":"https:\/\/serasturianu.com\/ast\/wp-json\/wp\/v2\/posts\/2619","targetHints":{"allow":["GET"]}}],"collection":[{"href":"https:\/\/serasturianu.com\/ast\/wp-json\/wp\/v2\/posts"}],"about":[{"href":"https:\/\/serasturianu.com\/ast\/wp-json\/wp\/v2\/types\/post"}],"author":[{"embeddable":true,"href":"https:\/\/serasturianu.com\/ast\/wp-json\/wp\/v2\/users\/1"}],"replies":[{"embeddable":true,"href":"https:\/\/serasturianu.com\/ast\/wp-json\/wp\/v2\/comments?post=2619"}],"version-history":[{"count":5,"href":"https:\/\/serasturianu.com\/ast\/wp-json\/wp\/v2\/posts\/2619\/revisions"}],"predecessor-version":[{"id":2626,"href":"https:\/\/serasturianu.com\/ast\/wp-json\/wp\/v2\/posts\/2619\/revisions\/2626"}],"wp:featuredmedia":[{"embeddable":true,"href":"https:\/\/serasturianu.com\/ast\/wp-json\/wp\/v2\/media\/2617"}],"wp:attachment":[{"href":"https:\/\/serasturianu.com\/ast\/wp-json\/wp\/v2\/media?parent=2619"}],"wp:term":[{"taxonomy":"category","embeddable":true,"href":"https:\/\/serasturianu.com\/ast\/wp-json\/wp\/v2\/categories?post=2619"},{"taxonomy":"post_tag","embeddable":true,"href":"https:\/\/serasturianu.com\/ast\/wp-json\/wp\/v2\/tags?post=2619"}],"curies":[{"name":"wp","href":"https:\/\/api.w.org\/{rel}","templated":true}]}}