{"id":2597,"date":"2020-03-30T23:28:02","date_gmt":"2020-03-30T21:28:02","guid":{"rendered":"https:\/\/serasturianu.com\/?p=2597"},"modified":"2020-03-30T23:28:02","modified_gmt":"2020-03-30T21:28:02","slug":"foces-del-riu-pendon-nava-2","status":"publish","type":"post","link":"https:\/\/serasturianu.com\/ast\/2020\/03\/30\/foces-del-riu-pendon-nava-2\/","title":{"rendered":"Foces del R\u00edu Pend\u00f3n, Nava"},"content":{"rendered":"<div>\n<h2 style=\"text-align: justify;\">Ye la ruta m\u00e1s conocida de Nava, una circular de dificult\u00e1 moderada que s&#8217;adientra nel escobiu form\u00e1u pol r\u00edu Pend\u00f3n<\/h2>\n<p style=\"text-align: justify;\"><span style=\"font-size: 8pt;\"><em>Por Denis Soria<\/em><\/span><\/p>\n<p style=\"text-align: justify;\">Ente la montonera de propuestes que mos esperen na <em><strong>Comarca de la Sidra<\/strong><\/em>, el conceyu de <strong>Nava<\/strong> ofrez esfrutar del aut\u00e9nticu sabor del monte astur a malpenes 20 minutos de la costa. Na ruta que g\u00fcei vos trayemos percorreremos una preciosa garganta natural, pero ensin el v\u00e9rtigu y la dificult\u00e1 d&#8217;otros paisaxes asemeyaos (como&#8217;l Cares).<\/p>\n<dl>\n<dt><strong>Distancia<\/strong><\/dt>\n<dd>10,2 Km<\/dd>\n<dt><strong>Desnivel<\/strong><\/dt>\n<dd>350 m<\/dd>\n<dt><strong>Tiempu aproxim\u00e1u<\/strong><\/dt>\n<dd>4 h<\/dd>\n<dt><strong>Dificult\u00e1<\/strong><\/dt>\n<dd>Media\/Baxa<\/dd>\n<\/dl>\n<p style=\"text-align: center;\"><iframe src=\"https:\/\/es.wikiloc.com\/wikiloc\/spatialArtifacts.do?event=view&amp;id=9180317&amp;measures=off&amp;title=off&amp;near=off&amp;images=off&amp;maptype=H\" width=\"700\" height=\"600\" frameborder=\"0\" scrolling=\"no\"><span style=\"display: inline-block; width: 0px; overflow: hidden; line-height: 0;\" data-mce-type=\"bookmark\" class=\"mce_SELRES_start\"><\/span><\/iframe><\/p>\n<div style=\"background-color: #ffffff; color: #777777; font-size: 11px; line-height: 16px; text-align: center;\">Powered by <a style=\"color: #06d; font-size: 11px; line-height: 16px;\" href=\"https:\/\/es.wikiloc.com\" target=\"_blank\" rel=\"noopener noreferrer\">Wikiloc<\/a><\/div>\n<p style=\"text-align: justify;\">Entamamos el nuesu itinerariu xunta la conocida <strong>embotelladora de Fuensanta<\/strong>, en \u1e24uentesanta, un vieyu balneariu inaugur\u00e1u en 1846. Llueu de pasar la ponte sobre&#8217;l r\u00edu Pra xubiremos per un cam\u00edn ascendente hasta la primer encruceyada, d\u00e1ndomos la posibilid\u00e1 de continuar per <strong>Los Fornos<\/strong> o contra&#8217;l <em>May\u00e1u Pastor<\/em> pel llanu de <em>Tabl\u00e9u<\/em>. Escoyeremos nesti casu la primer opci\u00f3n, contra l&#8217;Este.<\/p>\n<p><img data-recalc-dims=\"1\" fetchpriority=\"high\" decoding=\"async\" class=\"aligncenter wp-image-2584\" src=\"https:\/\/i0.wp.com\/serasturianu.com\/wp-content\/uploads\/2020\/03\/foa1.png?resize=800%2C534&#038;ssl=1\" alt=\"\" width=\"800\" height=\"534\" srcset=\"https:\/\/i0.wp.com\/serasturianu.com\/wp-content\/uploads\/2020\/03\/foa1.png?resize=300%2C200&amp;ssl=1 300w, https:\/\/i0.wp.com\/serasturianu.com\/wp-content\/uploads\/2020\/03\/foa1.png?resize=1024%2C684&amp;ssl=1 1024w, https:\/\/i0.wp.com\/serasturianu.com\/wp-content\/uploads\/2020\/03\/foa1.png?resize=768%2C513&amp;ssl=1 768w, https:\/\/i0.wp.com\/serasturianu.com\/wp-content\/uploads\/2020\/03\/foa1.png?resize=1080%2C721&amp;ssl=1 1080w, https:\/\/i0.wp.com\/serasturianu.com\/wp-content\/uploads\/2020\/03\/foa1.png?resize=600%2C401&amp;ssl=1 600w, https:\/\/i0.wp.com\/serasturianu.com\/wp-content\/uploads\/2020\/03\/foa1.png?w=1198&amp;ssl=1 1198w\" sizes=\"(max-width: 800px) 100vw, 800px\" \/><\/p>\n<p style=\"text-align: justify;\">El bebederu del <strong>Coll\u00e1u Los Fornos<\/strong> indicar\u00e1mos que tamos bien empobinaos. Tami\u00e9n, un lletreru se\u00f1alar\u00e1 l&#8217;empiezu del beyu fur\u00e1u pol <em>R\u00edu Pend\u00f3n<\/em>, conoc\u00edu per equ\u00ed como <strong>La Pe\u00f1a<\/strong>. Dende esti puntu tendremos unes vistes perguapes sobre&#8217;l sur de Nava, Pilo\u00f1a y Parres, alcanzando inclusive a ver El Monte Inc\u00f3s y la Xerra del Sueve.<\/p>\n<p><img data-recalc-dims=\"1\" decoding=\"async\" class=\"aligncenter wp-image-2583 size-full\" src=\"https:\/\/i0.wp.com\/serasturianu.com\/wp-content\/uploads\/2020\/03\/fo2.png?resize=800%2C534&#038;ssl=1\" alt=\"\" width=\"800\" height=\"534\" srcset=\"https:\/\/i0.wp.com\/serasturianu.com\/wp-content\/uploads\/2020\/03\/fo2.png?w=800&amp;ssl=1 800w, https:\/\/i0.wp.com\/serasturianu.com\/wp-content\/uploads\/2020\/03\/fo2.png?resize=300%2C200&amp;ssl=1 300w, https:\/\/i0.wp.com\/serasturianu.com\/wp-content\/uploads\/2020\/03\/fo2.png?resize=768%2C513&amp;ssl=1 768w, https:\/\/i0.wp.com\/serasturianu.com\/wp-content\/uploads\/2020\/03\/fo2.png?resize=600%2C401&amp;ssl=1 600w\" sizes=\"(max-width: 800px) 100vw, 800px\" \/><\/p>\n<p style=\"text-align: justify;\">El senderu que cuerre paralelu al r\u00edu dir\u00e1 estrech\u00e1ndose cada vegada m\u00e1s hasta aportar al colector d&#8217;agua de <strong>Les Mece\u00fares<\/strong>, sumi\u00e9ndose nuna tupida viesca d&#8217;ablanos, carbayos, casta\u00f1ales y fayes. La calma y la paz del llugar cargar\u00e1mos les piles primero de vadiar la <em>riega de Bomalu<\/em> y ascender al <strong>Coll\u00e1u de la Boca de la Canal<\/strong>. Esti cachu en zig-zag bautiz\u00e1u -curioso- como <em>Les Vueltes<\/em> va ser el m\u00e1s emprunu de la ruta, anque podremos facer peque\u00f1es poses pa descansar y reparar na soberbia naturaleza qu&#8217;arrama a la solombra del <em>Picu la M\u00faa.<\/em><\/p>\n<p><img data-recalc-dims=\"1\" decoding=\"async\" class=\"aligncenter wp-image-2591 size-full\" src=\"https:\/\/i0.wp.com\/serasturianu.com\/wp-content\/uploads\/2020\/03\/fo3.png?resize=800%2C534&#038;ssl=1\" alt=\"\" width=\"800\" height=\"534\" srcset=\"https:\/\/i0.wp.com\/serasturianu.com\/wp-content\/uploads\/2020\/03\/fo3.png?w=800&amp;ssl=1 800w, https:\/\/i0.wp.com\/serasturianu.com\/wp-content\/uploads\/2020\/03\/fo3.png?resize=300%2C200&amp;ssl=1 300w, https:\/\/i0.wp.com\/serasturianu.com\/wp-content\/uploads\/2020\/03\/fo3.png?resize=768%2C513&amp;ssl=1 768w, https:\/\/i0.wp.com\/serasturianu.com\/wp-content\/uploads\/2020\/03\/fo3.png?resize=600%2C401&amp;ssl=1 600w\" sizes=\"(max-width: 800px) 100vw, 800px\" \/><\/p>\n<p><img data-recalc-dims=\"1\" loading=\"lazy\" decoding=\"async\" class=\"aligncenter wp-image-2589 size-full\" src=\"https:\/\/i0.wp.com\/serasturianu.com\/wp-content\/uploads\/2020\/03\/fo4.png?resize=800%2C534&#038;ssl=1\" alt=\"\" width=\"800\" height=\"534\" srcset=\"https:\/\/i0.wp.com\/serasturianu.com\/wp-content\/uploads\/2020\/03\/fo4.png?w=800&amp;ssl=1 800w, https:\/\/i0.wp.com\/serasturianu.com\/wp-content\/uploads\/2020\/03\/fo4.png?resize=300%2C200&amp;ssl=1 300w, https:\/\/i0.wp.com\/serasturianu.com\/wp-content\/uploads\/2020\/03\/fo4.png?resize=768%2C513&amp;ssl=1 768w, https:\/\/i0.wp.com\/serasturianu.com\/wp-content\/uploads\/2020\/03\/fo4.png?resize=600%2C401&amp;ssl=1 600w\" sizes=\"(max-width: 800px) 100vw, 800px\" \/><\/p>\n<figure id=\"attachment_2581\" class=\"thumbnail wp-caption aligncenter\" style=\"width: 800px\"><img data-recalc-dims=\"1\" loading=\"lazy\" decoding=\"async\" class=\"wp-image-2581\" src=\"https:\/\/i0.wp.com\/serasturianu.com\/wp-content\/uploads\/2020\/03\/fo1.png?resize=800%2C534&#038;ssl=1\" alt=\"\" width=\"800\" height=\"534\" srcset=\"https:\/\/i0.wp.com\/serasturianu.com\/wp-content\/uploads\/2020\/03\/fo1.png?resize=300%2C200&amp;ssl=1 300w, https:\/\/i0.wp.com\/serasturianu.com\/wp-content\/uploads\/2020\/03\/fo1.png?resize=1024%2C684&amp;ssl=1 1024w, https:\/\/i0.wp.com\/serasturianu.com\/wp-content\/uploads\/2020\/03\/fo1.png?resize=768%2C513&amp;ssl=1 768w, https:\/\/i0.wp.com\/serasturianu.com\/wp-content\/uploads\/2020\/03\/fo1.png?resize=1080%2C721&amp;ssl=1 1080w, https:\/\/i0.wp.com\/serasturianu.com\/wp-content\/uploads\/2020\/03\/fo1.png?resize=600%2C401&amp;ssl=1 600w, https:\/\/i0.wp.com\/serasturianu.com\/wp-content\/uploads\/2020\/03\/fo1.png?w=1500&amp;ssl=1 1500w\" sizes=\"(max-width: 800px) 100vw, 800px\" \/><figcaption class=\"caption wp-caption-text\">Ascendiendo per Les Vueltes, col Picu la M\u00faa al fondu.<\/figcaption><\/figure>\n<p><img data-recalc-dims=\"1\" loading=\"lazy\" decoding=\"async\" class=\"aligncenter wp-image-2587 size-full\" src=\"https:\/\/i0.wp.com\/serasturianu.com\/wp-content\/uploads\/2020\/03\/fo6.png?resize=800%2C534&#038;ssl=1\" alt=\"\" width=\"800\" height=\"534\" srcset=\"https:\/\/i0.wp.com\/serasturianu.com\/wp-content\/uploads\/2020\/03\/fo6.png?w=800&amp;ssl=1 800w, https:\/\/i0.wp.com\/serasturianu.com\/wp-content\/uploads\/2020\/03\/fo6.png?resize=300%2C200&amp;ssl=1 300w, https:\/\/i0.wp.com\/serasturianu.com\/wp-content\/uploads\/2020\/03\/fo6.png?resize=768%2C513&amp;ssl=1 768w, https:\/\/i0.wp.com\/serasturianu.com\/wp-content\/uploads\/2020\/03\/fo6.png?resize=600%2C401&amp;ssl=1 600w\" sizes=\"(max-width: 800px) 100vw, 800px\" \/><\/p>\n<p style=\"text-align: justify;\">Una vuelta arriba, el paisaxe va paecemos puzzle de <em>mayaos<\/em> y caba\u00f1es. Y ye qu&#8217;esta zona de <strong>La Llama de Les Canellines<\/strong>, onde s&#8217;enmarca&#8217;l <strong>May\u00e1u Pastor,<\/strong> sirve d&#8217;abellugu pa los ganaderos de Nava y Bimenes pela primavera y el branu. Dende equ\u00ed&#8217;l cam\u00edn va enanchando nuna pista c\u00f3moda, per onde baxaremos pali pali pelos mayaos d&#8217;<em>Entrexerres y<\/em> la <strong>fonte del Faeu<\/strong>, volviendo a gozar de la panor\u00e1mica sobre Nava y los pueblos de Gr\u00e1tila, Pilo\u00f1eta, Ov\u00edn, Om\u00e9u y Buyeres. En pasando <strong>Los Xerrapos<\/strong> la ruta retoma una pindirura piqui\u00f1ina, anque la nuesa mirada quedar\u00e1 prindada d&#8217;una casona se\u00f1orial cuasi amatagada ente la frondosid\u00e1 del valle del r\u00edu Pra: el <strong>Palaciu de La Ferrer\u00eda<\/strong>, de propied\u00e1 particular. Esti edificiu tien la so historia. Vencey\u00e1u a los <span class=\"css-901oao css-16my406 r-1qd0xha r-ad9z0x r-bcqeeo r-qvutc0\">\u00c1lvarez <\/span><span class=\"css-901oao css-16my406 r-1qd0xha r-vw2c0b r-ad9z0x r-bcqeeo r-qvutc0\">de<\/span><span class=\"css-901oao css-16my406 r-1qd0xha r-ad9z0x r-bcqeeo r-qvutc0\"> les Asturies, tr\u00e1tase del solar <\/span><span class=\"css-901oao css-16my406 r-1qd0xha r-vw2c0b r-ad9z0x r-bcqeeo r-qvutc0\">de<\/span><span class=\"css-901oao css-16my406 r-1qd0xha r-ad9z0x r-bcqeeo r-qvutc0\"> la Casa <\/span><span class=\"css-901oao css-16my406 r-1qd0xha r-vw2c0b r-ad9z0x r-bcqeeo r-qvutc0\">de<\/span><span class=\"css-901oao css-16my406 r-1qd0xha r-ad9z0x r-bcqeeo r-qvutc0\"> Nava. Nel sieglu XV foi asedi\u00e1u polos Condes <\/span><span class=\"css-901oao css-16my406 r-1qd0xha r-vw2c0b r-ad9z0x r-bcqeeo r-qvutc0\">de<\/span><span class=\"css-901oao css-16my406 r-1qd0xha r-ad9z0x r-bcqeeo r-qvutc0\"> \u1e36\u1e37una, que capturaron a Pedro <\/span><span class=\"css-901oao css-16my406 r-1qd0xha r-vw2c0b r-ad9z0x r-bcqeeo r-qvutc0\">de<\/span><span class=\"css-901oao css-16my406 r-1qd0xha r-ad9z0x r-bcqeeo r-qvutc0\"> Nava. El f\u00edu, Suero <\/span><span class=\"css-901oao css-16my406 r-1qd0xha r-vw2c0b r-ad9z0x r-bcqeeo r-qvutc0\">de<\/span><span class=\"css-901oao css-16my406 r-1qd0xha r-ad9z0x r-bcqeeo r-qvutc0\"> Nava, entardar\u00e1 cinco a\u00f1os en lliberalu dempu\u00e9s de muncho batallar.<\/span><\/p>\n<p><img data-recalc-dims=\"1\" loading=\"lazy\" decoding=\"async\" class=\"aligncenter wp-image-2586 size-full\" src=\"https:\/\/i0.wp.com\/serasturianu.com\/wp-content\/uploads\/2020\/03\/fo7.png?resize=800%2C534&#038;ssl=1\" alt=\"\" width=\"800\" height=\"534\" srcset=\"https:\/\/i0.wp.com\/serasturianu.com\/wp-content\/uploads\/2020\/03\/fo7.png?w=800&amp;ssl=1 800w, https:\/\/i0.wp.com\/serasturianu.com\/wp-content\/uploads\/2020\/03\/fo7.png?resize=300%2C200&amp;ssl=1 300w, https:\/\/i0.wp.com\/serasturianu.com\/wp-content\/uploads\/2020\/03\/fo7.png?resize=768%2C513&amp;ssl=1 768w, https:\/\/i0.wp.com\/serasturianu.com\/wp-content\/uploads\/2020\/03\/fo7.png?resize=600%2C401&amp;ssl=1 600w\" sizes=\"(max-width: 800px) 100vw, 800px\" \/><\/p>\n<p style=\"text-align: justify;\">Los \u00faltimos pasos van ser ente <strong>carbayos americanos<\/strong> (<em>quercus rubra<\/em>), una especie procedente del este de Norteam\u00e9rica que compite colos carbayos del pa\u00eds na fabricaci\u00f3n de moblames de calid\u00e1 y -especialmente- de pipes de vinu. Ye f\u00e1cil d&#8217;identificar poles sos fueyes grandes, con ll\u00f3bulos fondos y punt\u00edos, que pela seronda pa\u00f1en un color encarn\u00e1u mui intensu. Tornamos seliquino al puntu de partida cuasi ensin decatanos, en <strong>\u1e24uentesanta<\/strong>, pa pegar un suerbu na fonte de <strong>La Vegona<\/strong> y alitar. El siguiente vamos pegalu de sidra, y\u00e1 na villa de Nava, con un culete bien merec\u00edu.<\/p>\n<p><img data-recalc-dims=\"1\" loading=\"lazy\" decoding=\"async\" class=\"aligncenter wp-image-2593 size-full\" src=\"https:\/\/i0.wp.com\/serasturianu.com\/wp-content\/uploads\/2020\/03\/fo9.png?resize=800%2C534&#038;ssl=1\" alt=\"\" width=\"800\" height=\"534\" srcset=\"https:\/\/i0.wp.com\/serasturianu.com\/wp-content\/uploads\/2020\/03\/fo9.png?w=800&amp;ssl=1 800w, https:\/\/i0.wp.com\/serasturianu.com\/wp-content\/uploads\/2020\/03\/fo9.png?resize=300%2C200&amp;ssl=1 300w, https:\/\/i0.wp.com\/serasturianu.com\/wp-content\/uploads\/2020\/03\/fo9.png?resize=768%2C513&amp;ssl=1 768w, https:\/\/i0.wp.com\/serasturianu.com\/wp-content\/uploads\/2020\/03\/fo9.png?resize=600%2C401&amp;ssl=1 600w\" sizes=\"(max-width: 800px) 100vw, 800px\" \/><\/p>\n<\/div>","protected":false},"excerpt":{"rendered":"<p>Ye la ruta m\u00e1s conocida de Nava, una circular de dificult\u00e1 moderada que s&#8217;adientra nel escobiu form\u00e1u pol r\u00edu Pend\u00f3n Por Denis Soria Ente la montonera de propuestes que mos esperen na Comarca de la Sidra, el conceyu de Nava &hellip; <a href=\"https:\/\/serasturianu.com\/ast\/2020\/03\/30\/foces-del-riu-pendon-nava-2\/\">Read More<\/a><\/p>","protected":false},"author":1,"featured_media":2595,"comment_status":"open","ping_status":"open","sticky":false,"template":"","format":"standard","meta":{"_monsterinsights_skip_tracking":false,"_jetpack_memberships_contains_paid_content":false,"footnotes":""},"categories":[4],"tags":[],"class_list":["post-2597","post","type-post","status-publish","format-standard","has-post-thumbnail","hentry","category-blogue"],"yoast_head":"<!-- This site is optimized with the Yoast SEO plugin v28.2 - https:\/\/yoast.com\/product\/yoast-seo-wordpress\/ -->\n<title>Foces del R\u00edu Pend\u00f3n, Nava - Ser Asturianu<\/title>\n<meta name=\"robots\" content=\"index, follow, max-snippet:-1, max-image-preview:large, max-video-preview:-1\" \/>\n<link rel=\"canonical\" href=\"https:\/\/serasturianu.com\/ast\/2020\/03\/30\/foces-del-riu-pendon-nava-2\/\" \/>\n<meta property=\"og:locale\" content=\"en_US\" \/>\n<meta property=\"og:type\" content=\"article\" \/>\n<meta property=\"og:title\" content=\"Foces del R\u00edu Pend\u00f3n, Nava - Ser Asturianu\" \/>\n<meta property=\"og:description\" content=\"Ye la ruta m\u00e1s conocida de Nava, una circular de dificult\u00e1 moderada que s&#8217;adientra nel escobiu form\u00e1u pol r\u00edu Pend\u00f3n Por Denis Soria Ente la montonera de propuestes que mos esperen na Comarca de la Sidra, el conceyu de Nava &hellip; Read More\" \/>\n<meta property=\"og:url\" content=\"https:\/\/serasturianu.com\/ast\/2020\/03\/30\/foces-del-riu-pendon-nava-2\/\" \/>\n<meta property=\"og:site_name\" content=\"Ser Asturianu\" \/>\n<meta property=\"article:publisher\" content=\"https:\/\/www.facebook.com\/serasturianu\" \/>\n<meta property=\"article:published_time\" content=\"2020-03-30T21:28:02+00:00\" \/>\n<meta property=\"og:image\" content=\"https:\/\/i0.wp.com\/serasturianu.com\/wp-content\/uploads\/2020\/03\/foces.png?fit=1000%2C668&ssl=1\" \/>\n\t<meta property=\"og:image:width\" content=\"1000\" \/>\n\t<meta property=\"og:image:height\" content=\"668\" \/>\n\t<meta property=\"og:image:type\" content=\"image\/png\" \/>\n<meta name=\"author\" content=\"serasturianu\" \/>\n<meta name=\"twitter:card\" content=\"summary_large_image\" \/>\n<meta name=\"twitter:creator\" content=\"@SerAsturianu\" \/>\n<meta name=\"twitter:site\" content=\"@SerAsturianu\" \/>\n<meta name=\"twitter:label1\" content=\"Written by\" \/>\n\t<meta name=\"twitter:data1\" content=\"serasturianu\" \/>\n\t<meta name=\"twitter:label2\" content=\"Est. reading time\" \/>\n\t<meta name=\"twitter:data2\" content=\"3 minutes\" \/>\n<script type=\"application\/ld+json\" class=\"yoast-schema-graph\">{\"@context\":\"https:\\\/\\\/schema.org\",\"@graph\":[{\"@type\":\"Article\",\"@id\":\"https:\\\/\\\/serasturianu.com\\\/ast\\\/2020\\\/03\\\/30\\\/foces-del-riu-pendon-nava-2\\\/#article\",\"isPartOf\":{\"@id\":\"https:\\\/\\\/serasturianu.com\\\/ast\\\/2020\\\/03\\\/30\\\/foces-del-riu-pendon-nava-2\\\/\"},\"author\":{\"name\":\"serasturianu\",\"@id\":\"https:\\\/\\\/serasturianu.com\\\/ast\\\/#\\\/schema\\\/person\\\/7d40831736e46924e4c0f05b50eb56e3\"},\"headline\":\"Foces del R\u00edu Pend\u00f3n, Nava\",\"datePublished\":\"2020-03-30T21:28:02+00:00\",\"mainEntityOfPage\":{\"@id\":\"https:\\\/\\\/serasturianu.com\\\/ast\\\/2020\\\/03\\\/30\\\/foces-del-riu-pendon-nava-2\\\/\"},\"wordCount\":665,\"commentCount\":0,\"publisher\":{\"@id\":\"https:\\\/\\\/serasturianu.com\\\/ast\\\/#organization\"},\"image\":{\"@id\":\"https:\\\/\\\/serasturianu.com\\\/ast\\\/2020\\\/03\\\/30\\\/foces-del-riu-pendon-nava-2\\\/#primaryimage\"},\"thumbnailUrl\":\"https:\\\/\\\/i0.wp.com\\\/serasturianu.com\\\/wp-content\\\/uploads\\\/2020\\\/03\\\/foces.png?fit=1000%2C668&ssl=1\",\"articleSection\":[\"Blogue\"],\"inLanguage\":\"ast\",\"potentialAction\":[{\"@type\":\"CommentAction\",\"name\":\"Comment\",\"target\":[\"https:\\\/\\\/serasturianu.com\\\/ast\\\/2020\\\/03\\\/30\\\/foces-del-riu-pendon-nava-2\\\/#respond\"]}]},{\"@type\":\"WebPage\",\"@id\":\"https:\\\/\\\/serasturianu.com\\\/ast\\\/2020\\\/03\\\/30\\\/foces-del-riu-pendon-nava-2\\\/\",\"url\":\"https:\\\/\\\/serasturianu.com\\\/ast\\\/2020\\\/03\\\/30\\\/foces-del-riu-pendon-nava-2\\\/\",\"name\":\"Foces del R\u00edu Pend\u00f3n, Nava - Ser Asturianu\",\"isPartOf\":{\"@id\":\"https:\\\/\\\/serasturianu.com\\\/ast\\\/#website\"},\"primaryImageOfPage\":{\"@id\":\"https:\\\/\\\/serasturianu.com\\\/ast\\\/2020\\\/03\\\/30\\\/foces-del-riu-pendon-nava-2\\\/#primaryimage\"},\"image\":{\"@id\":\"https:\\\/\\\/serasturianu.com\\\/ast\\\/2020\\\/03\\\/30\\\/foces-del-riu-pendon-nava-2\\\/#primaryimage\"},\"thumbnailUrl\":\"https:\\\/\\\/i0.wp.com\\\/serasturianu.com\\\/wp-content\\\/uploads\\\/2020\\\/03\\\/foces.png?fit=1000%2C668&ssl=1\",\"datePublished\":\"2020-03-30T21:28:02+00:00\",\"breadcrumb\":{\"@id\":\"https:\\\/\\\/serasturianu.com\\\/ast\\\/2020\\\/03\\\/30\\\/foces-del-riu-pendon-nava-2\\\/#breadcrumb\"},\"inLanguage\":\"ast\",\"potentialAction\":[{\"@type\":\"ReadAction\",\"target\":[\"https:\\\/\\\/serasturianu.com\\\/ast\\\/2020\\\/03\\\/30\\\/foces-del-riu-pendon-nava-2\\\/\"]}]},{\"@type\":\"ImageObject\",\"inLanguage\":\"ast\",\"@id\":\"https:\\\/\\\/serasturianu.com\\\/ast\\\/2020\\\/03\\\/30\\\/foces-del-riu-pendon-nava-2\\\/#primaryimage\",\"url\":\"https:\\\/\\\/i0.wp.com\\\/serasturianu.com\\\/wp-content\\\/uploads\\\/2020\\\/03\\\/foces.png?fit=1000%2C668&ssl=1\",\"contentUrl\":\"https:\\\/\\\/i0.wp.com\\\/serasturianu.com\\\/wp-content\\\/uploads\\\/2020\\\/03\\\/foces.png?fit=1000%2C668&ssl=1\",\"width\":1000,\"height\":668},{\"@type\":\"BreadcrumbList\",\"@id\":\"https:\\\/\\\/serasturianu.com\\\/ast\\\/2020\\\/03\\\/30\\\/foces-del-riu-pendon-nava-2\\\/#breadcrumb\",\"itemListElement\":[{\"@type\":\"ListItem\",\"position\":1,\"name\":\"Portada\",\"item\":\"https:\\\/\\\/serasturianu.com\\\/ast\\\/\"},{\"@type\":\"ListItem\",\"position\":2,\"name\":\"Foces del R\u00edu Pend\u00f3n, Nava\"}]},{\"@type\":\"WebSite\",\"@id\":\"https:\\\/\\\/serasturianu.com\\\/ast\\\/#website\",\"url\":\"https:\\\/\\\/serasturianu.com\\\/ast\\\/\",\"name\":\"Ser Asturianu\",\"description\":\"Tours aut\u00e9nticos\",\"publisher\":{\"@id\":\"https:\\\/\\\/serasturianu.com\\\/ast\\\/#organization\"},\"potentialAction\":[{\"@type\":\"SearchAction\",\"target\":{\"@type\":\"EntryPoint\",\"urlTemplate\":\"https:\\\/\\\/serasturianu.com\\\/ast\\\/?s={search_term_string}\"},\"query-input\":{\"@type\":\"PropertyValueSpecification\",\"valueRequired\":true,\"valueName\":\"search_term_string\"}}],\"inLanguage\":\"ast\"},{\"@type\":\"Organization\",\"@id\":\"https:\\\/\\\/serasturianu.com\\\/ast\\\/#organization\",\"name\":\"Ser Asturianu\",\"url\":\"https:\\\/\\\/serasturianu.com\\\/ast\\\/\",\"logo\":{\"@type\":\"ImageObject\",\"inLanguage\":\"ast\",\"@id\":\"https:\\\/\\\/serasturianu.com\\\/ast\\\/#\\\/schema\\\/logo\\\/image\\\/\",\"url\":\"https:\\\/\\\/i0.wp.com\\\/serasturianu.com\\\/wp-content\\\/uploads\\\/2022\\\/01\\\/logofondu.png?fit=510%2C510&ssl=1\",\"contentUrl\":\"https:\\\/\\\/i0.wp.com\\\/serasturianu.com\\\/wp-content\\\/uploads\\\/2022\\\/01\\\/logofondu.png?fit=510%2C510&ssl=1\",\"width\":510,\"height\":510,\"caption\":\"Ser Asturianu\"},\"image\":{\"@id\":\"https:\\\/\\\/serasturianu.com\\\/ast\\\/#\\\/schema\\\/logo\\\/image\\\/\"},\"sameAs\":[\"https:\\\/\\\/www.facebook.com\\\/serasturianu\",\"https:\\\/\\\/x.com\\\/SerAsturianu\",\"https:\\\/\\\/www.instagram.com\\\/ser_asturianu\\\/\"]},{\"@type\":\"Person\",\"@id\":\"https:\\\/\\\/serasturianu.com\\\/ast\\\/#\\\/schema\\\/person\\\/7d40831736e46924e4c0f05b50eb56e3\",\"name\":\"serasturianu\",\"image\":{\"@type\":\"ImageObject\",\"inLanguage\":\"ast\",\"@id\":\"https:\\\/\\\/secure.gravatar.com\\\/avatar\\\/e402fe1cb4d6685aeaadf5eca83a377394f2f6e2b29898eb1dd1589b9b7d8614?s=96&d=mm&r=g\",\"url\":\"https:\\\/\\\/secure.gravatar.com\\\/avatar\\\/e402fe1cb4d6685aeaadf5eca83a377394f2f6e2b29898eb1dd1589b9b7d8614?s=96&d=mm&r=g\",\"contentUrl\":\"https:\\\/\\\/secure.gravatar.com\\\/avatar\\\/e402fe1cb4d6685aeaadf5eca83a377394f2f6e2b29898eb1dd1589b9b7d8614?s=96&d=mm&r=g\",\"caption\":\"serasturianu\"},\"url\":\"https:\\\/\\\/serasturianu.com\\\/ast\\\/author\\\/serasturianu\\\/\"}]}<\/script>\n<!-- \/ Yoast SEO plugin. -->","yoast_head_json":{"title":"Foces del R\u00edu Pend\u00f3n, Nava - Ser Asturianu","robots":{"index":"index","follow":"follow","max-snippet":"max-snippet:-1","max-image-preview":"max-image-preview:large","max-video-preview":"max-video-preview:-1"},"canonical":"https:\/\/serasturianu.com\/ast\/2020\/03\/30\/foces-del-riu-pendon-nava-2\/","og_locale":"en_US","og_type":"article","og_title":"Foces del R\u00edu Pend\u00f3n, Nava - Ser Asturianu","og_description":"Ye la ruta m\u00e1s conocida de Nava, una circular de dificult\u00e1 moderada que s&#8217;adientra nel escobiu form\u00e1u pol r\u00edu Pend\u00f3n Por Denis Soria Ente la montonera de propuestes que mos esperen na Comarca de la Sidra, el conceyu de Nava &hellip; Read More","og_url":"https:\/\/serasturianu.com\/ast\/2020\/03\/30\/foces-del-riu-pendon-nava-2\/","og_site_name":"Ser Asturianu","article_publisher":"https:\/\/www.facebook.com\/serasturianu","article_published_time":"2020-03-30T21:28:02+00:00","og_image":[{"width":1000,"height":668,"url":"https:\/\/i0.wp.com\/serasturianu.com\/wp-content\/uploads\/2020\/03\/foces.png?fit=1000%2C668&ssl=1","type":"image\/png"}],"author":"serasturianu","twitter_card":"summary_large_image","twitter_creator":"@SerAsturianu","twitter_site":"@SerAsturianu","twitter_misc":{"Written by":"serasturianu","Est. reading time":"3 minutes"},"schema":{"@context":"https:\/\/schema.org","@graph":[{"@type":"Article","@id":"https:\/\/serasturianu.com\/ast\/2020\/03\/30\/foces-del-riu-pendon-nava-2\/#article","isPartOf":{"@id":"https:\/\/serasturianu.com\/ast\/2020\/03\/30\/foces-del-riu-pendon-nava-2\/"},"author":{"name":"serasturianu","@id":"https:\/\/serasturianu.com\/ast\/#\/schema\/person\/7d40831736e46924e4c0f05b50eb56e3"},"headline":"Foces del R\u00edu Pend\u00f3n, Nava","datePublished":"2020-03-30T21:28:02+00:00","mainEntityOfPage":{"@id":"https:\/\/serasturianu.com\/ast\/2020\/03\/30\/foces-del-riu-pendon-nava-2\/"},"wordCount":665,"commentCount":0,"publisher":{"@id":"https:\/\/serasturianu.com\/ast\/#organization"},"image":{"@id":"https:\/\/serasturianu.com\/ast\/2020\/03\/30\/foces-del-riu-pendon-nava-2\/#primaryimage"},"thumbnailUrl":"https:\/\/i0.wp.com\/serasturianu.com\/wp-content\/uploads\/2020\/03\/foces.png?fit=1000%2C668&ssl=1","articleSection":["Blogue"],"inLanguage":"ast","potentialAction":[{"@type":"CommentAction","name":"Comment","target":["https:\/\/serasturianu.com\/ast\/2020\/03\/30\/foces-del-riu-pendon-nava-2\/#respond"]}]},{"@type":"WebPage","@id":"https:\/\/serasturianu.com\/ast\/2020\/03\/30\/foces-del-riu-pendon-nava-2\/","url":"https:\/\/serasturianu.com\/ast\/2020\/03\/30\/foces-del-riu-pendon-nava-2\/","name":"Foces del R\u00edu Pend\u00f3n, Nava - Ser Asturianu","isPartOf":{"@id":"https:\/\/serasturianu.com\/ast\/#website"},"primaryImageOfPage":{"@id":"https:\/\/serasturianu.com\/ast\/2020\/03\/30\/foces-del-riu-pendon-nava-2\/#primaryimage"},"image":{"@id":"https:\/\/serasturianu.com\/ast\/2020\/03\/30\/foces-del-riu-pendon-nava-2\/#primaryimage"},"thumbnailUrl":"https:\/\/i0.wp.com\/serasturianu.com\/wp-content\/uploads\/2020\/03\/foces.png?fit=1000%2C668&ssl=1","datePublished":"2020-03-30T21:28:02+00:00","breadcrumb":{"@id":"https:\/\/serasturianu.com\/ast\/2020\/03\/30\/foces-del-riu-pendon-nava-2\/#breadcrumb"},"inLanguage":"ast","potentialAction":[{"@type":"ReadAction","target":["https:\/\/serasturianu.com\/ast\/2020\/03\/30\/foces-del-riu-pendon-nava-2\/"]}]},{"@type":"ImageObject","inLanguage":"ast","@id":"https:\/\/serasturianu.com\/ast\/2020\/03\/30\/foces-del-riu-pendon-nava-2\/#primaryimage","url":"https:\/\/i0.wp.com\/serasturianu.com\/wp-content\/uploads\/2020\/03\/foces.png?fit=1000%2C668&ssl=1","contentUrl":"https:\/\/i0.wp.com\/serasturianu.com\/wp-content\/uploads\/2020\/03\/foces.png?fit=1000%2C668&ssl=1","width":1000,"height":668},{"@type":"BreadcrumbList","@id":"https:\/\/serasturianu.com\/ast\/2020\/03\/30\/foces-del-riu-pendon-nava-2\/#breadcrumb","itemListElement":[{"@type":"ListItem","position":1,"name":"Portada","item":"https:\/\/serasturianu.com\/ast\/"},{"@type":"ListItem","position":2,"name":"Foces del R\u00edu Pend\u00f3n, Nava"}]},{"@type":"WebSite","@id":"https:\/\/serasturianu.com\/ast\/#website","url":"https:\/\/serasturianu.com\/ast\/","name":"Ser Asturianu","description":"Tours aut\u00e9nticos","publisher":{"@id":"https:\/\/serasturianu.com\/ast\/#organization"},"potentialAction":[{"@type":"SearchAction","target":{"@type":"EntryPoint","urlTemplate":"https:\/\/serasturianu.com\/ast\/?s={search_term_string}"},"query-input":{"@type":"PropertyValueSpecification","valueRequired":true,"valueName":"search_term_string"}}],"inLanguage":"ast"},{"@type":"Organization","@id":"https:\/\/serasturianu.com\/ast\/#organization","name":"Ser Asturianu","url":"https:\/\/serasturianu.com\/ast\/","logo":{"@type":"ImageObject","inLanguage":"ast","@id":"https:\/\/serasturianu.com\/ast\/#\/schema\/logo\/image\/","url":"https:\/\/i0.wp.com\/serasturianu.com\/wp-content\/uploads\/2022\/01\/logofondu.png?fit=510%2C510&ssl=1","contentUrl":"https:\/\/i0.wp.com\/serasturianu.com\/wp-content\/uploads\/2022\/01\/logofondu.png?fit=510%2C510&ssl=1","width":510,"height":510,"caption":"Ser Asturianu"},"image":{"@id":"https:\/\/serasturianu.com\/ast\/#\/schema\/logo\/image\/"},"sameAs":["https:\/\/www.facebook.com\/serasturianu","https:\/\/x.com\/SerAsturianu","https:\/\/www.instagram.com\/ser_asturianu\/"]},{"@type":"Person","@id":"https:\/\/serasturianu.com\/ast\/#\/schema\/person\/7d40831736e46924e4c0f05b50eb56e3","name":"serasturianu","image":{"@type":"ImageObject","inLanguage":"ast","@id":"https:\/\/secure.gravatar.com\/avatar\/e402fe1cb4d6685aeaadf5eca83a377394f2f6e2b29898eb1dd1589b9b7d8614?s=96&d=mm&r=g","url":"https:\/\/secure.gravatar.com\/avatar\/e402fe1cb4d6685aeaadf5eca83a377394f2f6e2b29898eb1dd1589b9b7d8614?s=96&d=mm&r=g","contentUrl":"https:\/\/secure.gravatar.com\/avatar\/e402fe1cb4d6685aeaadf5eca83a377394f2f6e2b29898eb1dd1589b9b7d8614?s=96&d=mm&r=g","caption":"serasturianu"},"url":"https:\/\/serasturianu.com\/ast\/author\/serasturianu\/"}]}},"jetpack_featured_media_url":"https:\/\/i0.wp.com\/serasturianu.com\/wp-content\/uploads\/2020\/03\/foces.png?fit=1000%2C668&ssl=1","jetpack_sharing_enabled":true,"_links":{"self":[{"href":"https:\/\/serasturianu.com\/ast\/wp-json\/wp\/v2\/posts\/2597","targetHints":{"allow":["GET"]}}],"collection":[{"href":"https:\/\/serasturianu.com\/ast\/wp-json\/wp\/v2\/posts"}],"about":[{"href":"https:\/\/serasturianu.com\/ast\/wp-json\/wp\/v2\/types\/post"}],"author":[{"embeddable":true,"href":"https:\/\/serasturianu.com\/ast\/wp-json\/wp\/v2\/users\/1"}],"replies":[{"embeddable":true,"href":"https:\/\/serasturianu.com\/ast\/wp-json\/wp\/v2\/comments?post=2597"}],"version-history":[{"count":3,"href":"https:\/\/serasturianu.com\/ast\/wp-json\/wp\/v2\/posts\/2597\/revisions"}],"predecessor-version":[{"id":2600,"href":"https:\/\/serasturianu.com\/ast\/wp-json\/wp\/v2\/posts\/2597\/revisions\/2600"}],"wp:featuredmedia":[{"embeddable":true,"href":"https:\/\/serasturianu.com\/ast\/wp-json\/wp\/v2\/media\/2595"}],"wp:attachment":[{"href":"https:\/\/serasturianu.com\/ast\/wp-json\/wp\/v2\/media?parent=2597"}],"wp:term":[{"taxonomy":"category","embeddable":true,"href":"https:\/\/serasturianu.com\/ast\/wp-json\/wp\/v2\/categories?post=2597"},{"taxonomy":"post_tag","embeddable":true,"href":"https:\/\/serasturianu.com\/ast\/wp-json\/wp\/v2\/tags?post=2597"}],"curies":[{"name":"wp","href":"https:\/\/api.w.org\/{rel}","templated":true}]}}