{"id":2498,"date":"2020-02-14T16:45:53","date_gmt":"2020-02-14T15:45:53","guid":{"rendered":"https:\/\/serasturianu.com\/?p=2498"},"modified":"2020-02-14T16:45:53","modified_gmt":"2020-02-14T15:45:53","slug":"la-leyenda-del-puente-del-beso-de-%e1%b8%b7%e1%b8%b7uarca","status":"publish","type":"post","link":"https:\/\/serasturianu.com\/ast\/2020\/02\/14\/la-leyenda-del-puente-del-beso-de-%e1%b8%b7%e1%b8%b7uarca\/","title":{"rendered":"La leyenda del puente del beso de \u1e36\u1e37uarca"},"content":{"rendered":"<h2 style=\"text-align: justify;\"><b>Sobre el origen de la leyenda m\u00e1s conocida de la villa blanca<\/b><\/h2>\n<p style=\"text-align: justify;\">Asturias es una tierra generosa en historias, impregnadas casi siempre por el aroma de sus bosques y monta\u00f1as, de su mar o de su sidra, pues en la letan\u00eda de nuestros d\u00edas grises muchos de nuestros cuentos y seres mitol\u00f3gicos habr\u00edan proliferado al calor de la le\u00f1a, cuando no del alcohol\u2026<\/p>\n<p><img data-recalc-dims=\"1\" fetchpriority=\"high\" decoding=\"async\" class=\"aligncenter wp-image-2499\" src=\"https:\/\/i0.wp.com\/serasturianu.com\/wp-content\/uploads\/2020\/02\/D13iuR8WoAAKXK6.jpg?resize=800%2C533&ssl=1\" alt=\"\" width=\"800\" height=\"533\" srcset=\"https:\/\/i0.wp.com\/serasturianu.com\/wp-content\/uploads\/2020\/02\/D13iuR8WoAAKXK6.jpg?resize=300%2C200&ssl=1 300w, https:\/\/i0.wp.com\/serasturianu.com\/wp-content\/uploads\/2020\/02\/D13iuR8WoAAKXK6.jpg?resize=1024%2C683&ssl=1 1024w, https:\/\/i0.wp.com\/serasturianu.com\/wp-content\/uploads\/2020\/02\/D13iuR8WoAAKXK6.jpg?resize=768%2C512&ssl=1 768w, https:\/\/i0.wp.com\/serasturianu.com\/wp-content\/uploads\/2020\/02\/D13iuR8WoAAKXK6.jpg?resize=1080%2C720&ssl=1 1080w, https:\/\/i0.wp.com\/serasturianu.com\/wp-content\/uploads\/2020\/02\/D13iuR8WoAAKXK6.jpg?resize=600%2C400&ssl=1 600w, https:\/\/i0.wp.com\/serasturianu.com\/wp-content\/uploads\/2020\/02\/D13iuR8WoAAKXK6.jpg?w=1200&ssl=1 1200w\" sizes=\"(max-width: 800px) 100vw, 800px\" \/><\/p>\n<p style=\"text-align: justify;\">Eso bien lo saben bien los vecinos de la villa de <strong><span class=\"st\">\u1e36\u1e37<\/span>uarca<\/strong>, quienes no desaprovechan la ocasi\u00f3n para relatar con orgullo de la<strong> leyenda del pirata Cambaral<\/strong>, transcurrida en el tiempo en que piratas berberiscos y otros malhechores asolaban las costas gallegas y asturianas a fin de saciar su sed de sangre y p\u00e9rfidos vicios. El m\u00e1s famoso de estos piratas habr\u00eda sido el vil Cambaral, conocido por su crueldad y que tuvo la osad\u00eda de atacar las cercan\u00edas de <span class=\"st\">\u1e36\u1e37<\/span>uarca. Para su mala fortuna, en lo m\u00e1s alto de esta villa viv\u00eda el <strong>se\u00f1or de La Telaya<\/strong>, un hombre de gran ingenio que logr\u00f3 tenderle una emboscada, haciendo pasar a sus hombres por pescadores, y apresando al pirata tras una dura batalla.<\/p>\n<p style=\"text-align: justify;\">As\u00ed pues, malherido, el berberisco fue recluido en las mazmorras de La Telaya a la espera de justicia. La leyenda repara, sin embargo, en la hija del se\u00f1or de Lluarca, una doncella cuya pureza y piedad la llev\u00f3 hasta los barrotes de la celda para curar las heridas de Cambaral. Desde que cruzaron sus miradas por primera vez, el amor surgi\u00f3 con la misma intensidad que aquellas olas azotadas contra los acantilados durante las noches de galerna. Fue esa misma pasi\u00f3n la que les condujo a emprender la huida, creyendo sortear la vigilancia de los confiados guardias, pero no as\u00ed de su padre.<\/p>\n<p style=\"text-align: justify;\">Cuando llegaron al puerto, donde les esperaba una barca, los amantes se pensaron a salvo y se fundieron en un tierno beso bajo la luz de la luna. Pero el padre de la muchacha, horrorizado y borracho por la ira, corri\u00f3 a cercenar con su espada las cabezas de los amantes, que cayeron unidas por siempre en un suave beso al fondo del mar. Desde entonces, el lugar ser\u00eda conocido por los lluarquinos como <b><i>la ponte del beisu<\/i><\/b>, mientras que uno de los barrios m\u00e1s marineros y populares, <b><i>El Cambaral<\/i><\/b>, hizo suyo el nombre del pirata.<\/p>\n<p><img data-recalc-dims=\"1\" decoding=\"async\" class=\"aligncenter wp-image-2500\" src=\"https:\/\/i0.wp.com\/serasturianu.com\/wp-content\/uploads\/2020\/02\/ponte.png?resize=800%2C534&ssl=1\" alt=\"\" width=\"800\" height=\"534\" srcset=\"https:\/\/i0.wp.com\/serasturianu.com\/wp-content\/uploads\/2020\/02\/ponte.png?resize=300%2C200&ssl=1 300w, https:\/\/i0.wp.com\/serasturianu.com\/wp-content\/uploads\/2020\/02\/ponte.png?resize=1024%2C684&ssl=1 1024w, https:\/\/i0.wp.com\/serasturianu.com\/wp-content\/uploads\/2020\/02\/ponte.png?resize=768%2C513&ssl=1 768w, https:\/\/i0.wp.com\/serasturianu.com\/wp-content\/uploads\/2020\/02\/ponte.png?resize=1080%2C721&ssl=1 1080w, https:\/\/i0.wp.com\/serasturianu.com\/wp-content\/uploads\/2020\/02\/ponte.png?resize=600%2C401&ssl=1 600w, https:\/\/i0.wp.com\/serasturianu.com\/wp-content\/uploads\/2020\/02\/ponte.png?w=1500&ssl=1 1500w\" sizes=\"(max-width: 800px) 100vw, 800px\" \/><\/p>\n<p style=\"text-align: justify;\">Arrascando un poco acerca del origen de la historia, que muchos han cre\u00eddo antiqu\u00edsimo, El Cambaral no debe interpretarse como alg\u00fan nombre \u00e1rabe, turco o bereber, sino que en realidad alude a un lugar con abundancia de <b><i>c\u00e1mbaros<\/i><\/b> (\u201ccangrejos\u201d, en asturleon\u00e9s). Pero adem\u00e1s, Juan Antonio Martinez Losada, cronista oficial de Vald\u00e9s, atribuye la autor\u00eda de esta leyenda nada menos que al escritor y periodista <strong>Jes\u00fas Evaristo Casariego<\/strong>, quien fuera director del RIDEA y una persona muy dada a la fabulaci\u00f3n, haciendo pasar muchas de sus creaciones literarias por leyendas recogidas supuestamente en la oralidad, quiz\u00e1s para otorgar a su lugar de nacimiento de mayor enjundia. Queda demostrado, pues, que la leyenda del pirata Cambaral y su ponte del beisu, tienen un origen reciente y erudito.<\/p>\n<p style=\"text-align: justify;\">Despu\u00e9s de todo, parece que algunas de nuestras leyendas m\u00e1s conocidas y popularizadas no tienen una p\u00e1tina tan ancestral ni tan popular, si bien es verdad que alguno perdi\u00f3 la cabeza por amor\u2026<\/p>","protected":false},"excerpt":{"rendered":"<p>Sobre el origen de la leyenda m\u00e1s conocida de la villa blanca Asturias es una tierra generosa en historias, impregnadas casi siempre por el aroma de sus bosques y monta\u00f1as, de su mar o de su sidra, pues en la &hellip; <a href=\"https:\/\/serasturianu.com\/ast\/2020\/02\/14\/la-leyenda-del-puente-del-beso-de-%e1%b8%b7%e1%b8%b7uarca\/\">Read More<\/a><\/p>","protected":false},"author":1,"featured_media":2501,"comment_status":"open","ping_status":"open","sticky":false,"template":"","format":"standard","meta":{"_monsterinsights_skip_tracking":false,"_monsterinsights_sitenote_active":false,"_monsterinsights_sitenote_note":"","_monsterinsights_sitenote_category":0,"_jetpack_memberships_contains_paid_content":false,"footnotes":""},"categories":[40,42],"tags":[567,569,571,561,563,565],"class_list":["post-2498","post","type-post","status-publish","format-standard","has-post-thumbnail","hentry","category-blog-es","category-curiosidades","tag-cambaral","tag-leyendas","tag-leyendas-asturianas","tag-uarca","tag-luarca","tag-puente-del-beso"],"yoast_head":"<!-- This site is optimized with the Yoast SEO plugin v27.5 - https:\/\/yoast.com\/product\/yoast-seo-wordpress\/ -->\n<title>La leyenda del puente del beso de \u1e36\u1e37uarca - Ser Asturianu<\/title>\n<meta name=\"robots\" content=\"index, follow, max-snippet:-1, max-image-preview:large, max-video-preview:-1\" \/>\n<link rel=\"canonical\" href=\"https:\/\/serasturianu.com\/ast\/2020\/02\/14\/la-leyenda-del-puente-del-beso-de-\u1e37\u1e37uarca\/\" \/>\n<meta property=\"og:locale\" content=\"en_US\" \/>\n<meta property=\"og:type\" content=\"article\" \/>\n<meta property=\"og:title\" content=\"La leyenda del puente del beso de \u1e36\u1e37uarca - Ser Asturianu\" \/>\n<meta property=\"og:description\" content=\"Sobre el origen de la leyenda m\u00e1s conocida de la villa blanca Asturias es una tierra generosa en historias, impregnadas casi siempre por el aroma de sus bosques y monta\u00f1as, de su mar o de su sidra, pues en la &hellip; Read More\" \/>\n<meta property=\"og:url\" content=\"https:\/\/serasturianu.com\/ast\/2020\/02\/14\/la-leyenda-del-puente-del-beso-de-\u1e37\u1e37uarca\/\" \/>\n<meta property=\"og:site_name\" content=\"Ser Asturianu\" \/>\n<meta property=\"article:publisher\" content=\"https:\/\/www.facebook.com\/serasturianu\" \/>\n<meta property=\"article:published_time\" content=\"2020-02-14T15:45:53+00:00\" \/>\n<meta property=\"og:image\" content=\"https:\/\/i0.wp.com\/serasturianu.com\/wp-content\/uploads\/2020\/02\/llupo.png?fit=1000%2C668&ssl=1\" \/>\n\t<meta property=\"og:image:width\" content=\"1000\" \/>\n\t<meta property=\"og:image:height\" content=\"668\" \/>\n\t<meta property=\"og:image:type\" content=\"image\/png\" \/>\n<meta name=\"author\" content=\"serasturianu\" \/>\n<meta name=\"twitter:card\" content=\"summary_large_image\" \/>\n<meta name=\"twitter:creator\" content=\"@SerAsturianu\" \/>\n<meta name=\"twitter:site\" content=\"@SerAsturianu\" \/>\n<meta name=\"twitter:label1\" content=\"Written by\" \/>\n\t<meta name=\"twitter:data1\" content=\"serasturianu\" \/>\n\t<meta name=\"twitter:label2\" content=\"Est. reading time\" \/>\n\t<meta name=\"twitter:data2\" content=\"3 minutes\" \/>\n<script type=\"application\/ld+json\" class=\"yoast-schema-graph\">{\"@context\":\"https:\\\/\\\/schema.org\",\"@graph\":[{\"@type\":\"Article\",\"@id\":\"https:\\\/\\\/serasturianu.com\\\/ast\\\/2020\\\/02\\\/14\\\/la-leyenda-del-puente-del-beso-de-%e1%b8%b7%e1%b8%b7uarca\\\/#article\",\"isPartOf\":{\"@id\":\"https:\\\/\\\/serasturianu.com\\\/ast\\\/2020\\\/02\\\/14\\\/la-leyenda-del-puente-del-beso-de-%e1%b8%b7%e1%b8%b7uarca\\\/\"},\"author\":{\"name\":\"serasturianu\",\"@id\":\"https:\\\/\\\/serasturianu.com\\\/#\\\/schema\\\/person\\\/7d40831736e46924e4c0f05b50eb56e3\"},\"headline\":\"La leyenda del puente del beso de \u1e36\u1e37uarca\",\"datePublished\":\"2020-02-14T15:45:53+00:00\",\"mainEntityOfPage\":{\"@id\":\"https:\\\/\\\/serasturianu.com\\\/ast\\\/2020\\\/02\\\/14\\\/la-leyenda-del-puente-del-beso-de-%e1%b8%b7%e1%b8%b7uarca\\\/\"},\"wordCount\":585,\"commentCount\":0,\"publisher\":{\"@id\":\"https:\\\/\\\/serasturianu.com\\\/#organization\"},\"image\":{\"@id\":\"https:\\\/\\\/serasturianu.com\\\/ast\\\/2020\\\/02\\\/14\\\/la-leyenda-del-puente-del-beso-de-%e1%b8%b7%e1%b8%b7uarca\\\/#primaryimage\"},\"thumbnailUrl\":\"https:\\\/\\\/i0.wp.com\\\/serasturianu.com\\\/wp-content\\\/uploads\\\/2020\\\/02\\\/llupo.png?fit=1000%2C668&ssl=1\",\"keywords\":[\"Cambaral\",\"Leyendas\",\"leyendas asturianas\",\"\u1e36\u1e37uarca\",\"Luarca\",\"Puente del Beso\"],\"articleSection\":[\"Blog\",\"Curiosidades\"],\"inLanguage\":\"ast\",\"potentialAction\":[{\"@type\":\"CommentAction\",\"name\":\"Comment\",\"target\":[\"https:\\\/\\\/serasturianu.com\\\/ast\\\/2020\\\/02\\\/14\\\/la-leyenda-del-puente-del-beso-de-%e1%b8%b7%e1%b8%b7uarca\\\/#respond\"]}]},{\"@type\":\"WebPage\",\"@id\":\"https:\\\/\\\/serasturianu.com\\\/ast\\\/2020\\\/02\\\/14\\\/la-leyenda-del-puente-del-beso-de-%e1%b8%b7%e1%b8%b7uarca\\\/\",\"url\":\"https:\\\/\\\/serasturianu.com\\\/ast\\\/2020\\\/02\\\/14\\\/la-leyenda-del-puente-del-beso-de-%e1%b8%b7%e1%b8%b7uarca\\\/\",\"name\":\"La leyenda del puente del beso de \u1e36\u1e37uarca - Ser Asturianu\",\"isPartOf\":{\"@id\":\"https:\\\/\\\/serasturianu.com\\\/#website\"},\"primaryImageOfPage\":{\"@id\":\"https:\\\/\\\/serasturianu.com\\\/ast\\\/2020\\\/02\\\/14\\\/la-leyenda-del-puente-del-beso-de-%e1%b8%b7%e1%b8%b7uarca\\\/#primaryimage\"},\"image\":{\"@id\":\"https:\\\/\\\/serasturianu.com\\\/ast\\\/2020\\\/02\\\/14\\\/la-leyenda-del-puente-del-beso-de-%e1%b8%b7%e1%b8%b7uarca\\\/#primaryimage\"},\"thumbnailUrl\":\"https:\\\/\\\/i0.wp.com\\\/serasturianu.com\\\/wp-content\\\/uploads\\\/2020\\\/02\\\/llupo.png?fit=1000%2C668&ssl=1\",\"datePublished\":\"2020-02-14T15:45:53+00:00\",\"breadcrumb\":{\"@id\":\"https:\\\/\\\/serasturianu.com\\\/ast\\\/2020\\\/02\\\/14\\\/la-leyenda-del-puente-del-beso-de-%e1%b8%b7%e1%b8%b7uarca\\\/#breadcrumb\"},\"inLanguage\":\"ast\",\"potentialAction\":[{\"@type\":\"ReadAction\",\"target\":[\"https:\\\/\\\/serasturianu.com\\\/ast\\\/2020\\\/02\\\/14\\\/la-leyenda-del-puente-del-beso-de-%e1%b8%b7%e1%b8%b7uarca\\\/\"]}]},{\"@type\":\"ImageObject\",\"inLanguage\":\"ast\",\"@id\":\"https:\\\/\\\/serasturianu.com\\\/ast\\\/2020\\\/02\\\/14\\\/la-leyenda-del-puente-del-beso-de-%e1%b8%b7%e1%b8%b7uarca\\\/#primaryimage\",\"url\":\"https:\\\/\\\/i0.wp.com\\\/serasturianu.com\\\/wp-content\\\/uploads\\\/2020\\\/02\\\/llupo.png?fit=1000%2C668&ssl=1\",\"contentUrl\":\"https:\\\/\\\/i0.wp.com\\\/serasturianu.com\\\/wp-content\\\/uploads\\\/2020\\\/02\\\/llupo.png?fit=1000%2C668&ssl=1\",\"width\":1000,\"height\":668},{\"@type\":\"BreadcrumbList\",\"@id\":\"https:\\\/\\\/serasturianu.com\\\/ast\\\/2020\\\/02\\\/14\\\/la-leyenda-del-puente-del-beso-de-%e1%b8%b7%e1%b8%b7uarca\\\/#breadcrumb\",\"itemListElement\":[{\"@type\":\"ListItem\",\"position\":1,\"name\":\"Portada\",\"item\":\"https:\\\/\\\/serasturianu.com\\\/ast\\\/\"},{\"@type\":\"ListItem\",\"position\":2,\"name\":\"La leyenda del puente del beso de \u1e36\u1e37uarca\"}]},{\"@type\":\"WebSite\",\"@id\":\"https:\\\/\\\/serasturianu.com\\\/#website\",\"url\":\"https:\\\/\\\/serasturianu.com\\\/\",\"name\":\"Ser Asturianu\",\"description\":\"Tours aut\u00e9nticos\",\"publisher\":{\"@id\":\"https:\\\/\\\/serasturianu.com\\\/#organization\"},\"potentialAction\":[{\"@type\":\"SearchAction\",\"target\":{\"@type\":\"EntryPoint\",\"urlTemplate\":\"https:\\\/\\\/serasturianu.com\\\/?s={search_term_string}\"},\"query-input\":{\"@type\":\"PropertyValueSpecification\",\"valueRequired\":true,\"valueName\":\"search_term_string\"}}],\"inLanguage\":\"ast\"},{\"@type\":\"Organization\",\"@id\":\"https:\\\/\\\/serasturianu.com\\\/#organization\",\"name\":\"Ser Asturianu\",\"url\":\"https:\\\/\\\/serasturianu.com\\\/\",\"logo\":{\"@type\":\"ImageObject\",\"inLanguage\":\"ast\",\"@id\":\"https:\\\/\\\/serasturianu.com\\\/#\\\/schema\\\/logo\\\/image\\\/\",\"url\":\"https:\\\/\\\/i0.wp.com\\\/serasturianu.com\\\/wp-content\\\/uploads\\\/2022\\\/01\\\/logofondu.png?fit=510%2C510&ssl=1\",\"contentUrl\":\"https:\\\/\\\/i0.wp.com\\\/serasturianu.com\\\/wp-content\\\/uploads\\\/2022\\\/01\\\/logofondu.png?fit=510%2C510&ssl=1\",\"width\":510,\"height\":510,\"caption\":\"Ser Asturianu\"},\"image\":{\"@id\":\"https:\\\/\\\/serasturianu.com\\\/#\\\/schema\\\/logo\\\/image\\\/\"},\"sameAs\":[\"https:\\\/\\\/www.facebook.com\\\/serasturianu\",\"https:\\\/\\\/x.com\\\/SerAsturianu\",\"https:\\\/\\\/www.instagram.com\\\/ser_asturianu\\\/\"]},{\"@type\":\"Person\",\"@id\":\"https:\\\/\\\/serasturianu.com\\\/#\\\/schema\\\/person\\\/7d40831736e46924e4c0f05b50eb56e3\",\"name\":\"serasturianu\",\"image\":{\"@type\":\"ImageObject\",\"inLanguage\":\"ast\",\"@id\":\"https:\\\/\\\/secure.gravatar.com\\\/avatar\\\/e402fe1cb4d6685aeaadf5eca83a377394f2f6e2b29898eb1dd1589b9b7d8614?s=96&d=mm&r=g\",\"url\":\"https:\\\/\\\/secure.gravatar.com\\\/avatar\\\/e402fe1cb4d6685aeaadf5eca83a377394f2f6e2b29898eb1dd1589b9b7d8614?s=96&d=mm&r=g\",\"contentUrl\":\"https:\\\/\\\/secure.gravatar.com\\\/avatar\\\/e402fe1cb4d6685aeaadf5eca83a377394f2f6e2b29898eb1dd1589b9b7d8614?s=96&d=mm&r=g\",\"caption\":\"serasturianu\"},\"url\":\"https:\\\/\\\/serasturianu.com\\\/ast\\\/author\\\/serasturianu\\\/\"}]}<\/script>\n<!-- \/ Yoast SEO plugin. -->","yoast_head_json":{"title":"La leyenda del puente del beso de \u1e36\u1e37uarca - Ser Asturianu","robots":{"index":"index","follow":"follow","max-snippet":"max-snippet:-1","max-image-preview":"max-image-preview:large","max-video-preview":"max-video-preview:-1"},"canonical":"https:\/\/serasturianu.com\/ast\/2020\/02\/14\/la-leyenda-del-puente-del-beso-de-\u1e37\u1e37uarca\/","og_locale":"en_US","og_type":"article","og_title":"La leyenda del puente del beso de \u1e36\u1e37uarca - Ser Asturianu","og_description":"Sobre el origen de la leyenda m\u00e1s conocida de la villa blanca Asturias es una tierra generosa en historias, impregnadas casi siempre por el aroma de sus bosques y monta\u00f1as, de su mar o de su sidra, pues en la &hellip; Read More","og_url":"https:\/\/serasturianu.com\/ast\/2020\/02\/14\/la-leyenda-del-puente-del-beso-de-\u1e37\u1e37uarca\/","og_site_name":"Ser Asturianu","article_publisher":"https:\/\/www.facebook.com\/serasturianu","article_published_time":"2020-02-14T15:45:53+00:00","og_image":[{"width":1000,"height":668,"url":"https:\/\/i0.wp.com\/serasturianu.com\/wp-content\/uploads\/2020\/02\/llupo.png?fit=1000%2C668&ssl=1","type":"image\/png"}],"author":"serasturianu","twitter_card":"summary_large_image","twitter_creator":"@SerAsturianu","twitter_site":"@SerAsturianu","twitter_misc":{"Written by":"serasturianu","Est. reading time":"3 minutes"},"schema":{"@context":"https:\/\/schema.org","@graph":[{"@type":"Article","@id":"https:\/\/serasturianu.com\/ast\/2020\/02\/14\/la-leyenda-del-puente-del-beso-de-%e1%b8%b7%e1%b8%b7uarca\/#article","isPartOf":{"@id":"https:\/\/serasturianu.com\/ast\/2020\/02\/14\/la-leyenda-del-puente-del-beso-de-%e1%b8%b7%e1%b8%b7uarca\/"},"author":{"name":"serasturianu","@id":"https:\/\/serasturianu.com\/#\/schema\/person\/7d40831736e46924e4c0f05b50eb56e3"},"headline":"La leyenda del puente del beso de \u1e36\u1e37uarca","datePublished":"2020-02-14T15:45:53+00:00","mainEntityOfPage":{"@id":"https:\/\/serasturianu.com\/ast\/2020\/02\/14\/la-leyenda-del-puente-del-beso-de-%e1%b8%b7%e1%b8%b7uarca\/"},"wordCount":585,"commentCount":0,"publisher":{"@id":"https:\/\/serasturianu.com\/#organization"},"image":{"@id":"https:\/\/serasturianu.com\/ast\/2020\/02\/14\/la-leyenda-del-puente-del-beso-de-%e1%b8%b7%e1%b8%b7uarca\/#primaryimage"},"thumbnailUrl":"https:\/\/i0.wp.com\/serasturianu.com\/wp-content\/uploads\/2020\/02\/llupo.png?fit=1000%2C668&ssl=1","keywords":["Cambaral","Leyendas","leyendas asturianas","\u1e36\u1e37uarca","Luarca","Puente del Beso"],"articleSection":["Blog","Curiosidades"],"inLanguage":"ast","potentialAction":[{"@type":"CommentAction","name":"Comment","target":["https:\/\/serasturianu.com\/ast\/2020\/02\/14\/la-leyenda-del-puente-del-beso-de-%e1%b8%b7%e1%b8%b7uarca\/#respond"]}]},{"@type":"WebPage","@id":"https:\/\/serasturianu.com\/ast\/2020\/02\/14\/la-leyenda-del-puente-del-beso-de-%e1%b8%b7%e1%b8%b7uarca\/","url":"https:\/\/serasturianu.com\/ast\/2020\/02\/14\/la-leyenda-del-puente-del-beso-de-%e1%b8%b7%e1%b8%b7uarca\/","name":"La leyenda del puente del beso de \u1e36\u1e37uarca - Ser Asturianu","isPartOf":{"@id":"https:\/\/serasturianu.com\/#website"},"primaryImageOfPage":{"@id":"https:\/\/serasturianu.com\/ast\/2020\/02\/14\/la-leyenda-del-puente-del-beso-de-%e1%b8%b7%e1%b8%b7uarca\/#primaryimage"},"image":{"@id":"https:\/\/serasturianu.com\/ast\/2020\/02\/14\/la-leyenda-del-puente-del-beso-de-%e1%b8%b7%e1%b8%b7uarca\/#primaryimage"},"thumbnailUrl":"https:\/\/i0.wp.com\/serasturianu.com\/wp-content\/uploads\/2020\/02\/llupo.png?fit=1000%2C668&ssl=1","datePublished":"2020-02-14T15:45:53+00:00","breadcrumb":{"@id":"https:\/\/serasturianu.com\/ast\/2020\/02\/14\/la-leyenda-del-puente-del-beso-de-%e1%b8%b7%e1%b8%b7uarca\/#breadcrumb"},"inLanguage":"ast","potentialAction":[{"@type":"ReadAction","target":["https:\/\/serasturianu.com\/ast\/2020\/02\/14\/la-leyenda-del-puente-del-beso-de-%e1%b8%b7%e1%b8%b7uarca\/"]}]},{"@type":"ImageObject","inLanguage":"ast","@id":"https:\/\/serasturianu.com\/ast\/2020\/02\/14\/la-leyenda-del-puente-del-beso-de-%e1%b8%b7%e1%b8%b7uarca\/#primaryimage","url":"https:\/\/i0.wp.com\/serasturianu.com\/wp-content\/uploads\/2020\/02\/llupo.png?fit=1000%2C668&ssl=1","contentUrl":"https:\/\/i0.wp.com\/serasturianu.com\/wp-content\/uploads\/2020\/02\/llupo.png?fit=1000%2C668&ssl=1","width":1000,"height":668},{"@type":"BreadcrumbList","@id":"https:\/\/serasturianu.com\/ast\/2020\/02\/14\/la-leyenda-del-puente-del-beso-de-%e1%b8%b7%e1%b8%b7uarca\/#breadcrumb","itemListElement":[{"@type":"ListItem","position":1,"name":"Portada","item":"https:\/\/serasturianu.com\/ast\/"},{"@type":"ListItem","position":2,"name":"La leyenda del puente del beso de \u1e36\u1e37uarca"}]},{"@type":"WebSite","@id":"https:\/\/serasturianu.com\/#website","url":"https:\/\/serasturianu.com\/","name":"Ser Asturianu","description":"Tours aut\u00e9nticos","publisher":{"@id":"https:\/\/serasturianu.com\/#organization"},"potentialAction":[{"@type":"SearchAction","target":{"@type":"EntryPoint","urlTemplate":"https:\/\/serasturianu.com\/?s={search_term_string}"},"query-input":{"@type":"PropertyValueSpecification","valueRequired":true,"valueName":"search_term_string"}}],"inLanguage":"ast"},{"@type":"Organization","@id":"https:\/\/serasturianu.com\/#organization","name":"Ser Asturianu","url":"https:\/\/serasturianu.com\/","logo":{"@type":"ImageObject","inLanguage":"ast","@id":"https:\/\/serasturianu.com\/#\/schema\/logo\/image\/","url":"https:\/\/i0.wp.com\/serasturianu.com\/wp-content\/uploads\/2022\/01\/logofondu.png?fit=510%2C510&ssl=1","contentUrl":"https:\/\/i0.wp.com\/serasturianu.com\/wp-content\/uploads\/2022\/01\/logofondu.png?fit=510%2C510&ssl=1","width":510,"height":510,"caption":"Ser Asturianu"},"image":{"@id":"https:\/\/serasturianu.com\/#\/schema\/logo\/image\/"},"sameAs":["https:\/\/www.facebook.com\/serasturianu","https:\/\/x.com\/SerAsturianu","https:\/\/www.instagram.com\/ser_asturianu\/"]},{"@type":"Person","@id":"https:\/\/serasturianu.com\/#\/schema\/person\/7d40831736e46924e4c0f05b50eb56e3","name":"serasturianu","image":{"@type":"ImageObject","inLanguage":"ast","@id":"https:\/\/secure.gravatar.com\/avatar\/e402fe1cb4d6685aeaadf5eca83a377394f2f6e2b29898eb1dd1589b9b7d8614?s=96&d=mm&r=g","url":"https:\/\/secure.gravatar.com\/avatar\/e402fe1cb4d6685aeaadf5eca83a377394f2f6e2b29898eb1dd1589b9b7d8614?s=96&d=mm&r=g","contentUrl":"https:\/\/secure.gravatar.com\/avatar\/e402fe1cb4d6685aeaadf5eca83a377394f2f6e2b29898eb1dd1589b9b7d8614?s=96&d=mm&r=g","caption":"serasturianu"},"url":"https:\/\/serasturianu.com\/ast\/author\/serasturianu\/"}]}},"jetpack_featured_media_url":"https:\/\/i0.wp.com\/serasturianu.com\/wp-content\/uploads\/2020\/02\/llupo.png?fit=1000%2C668&ssl=1","jetpack_sharing_enabled":true,"_links":{"self":[{"href":"https:\/\/serasturianu.com\/ast\/wp-json\/wp\/v2\/posts\/2498","targetHints":{"allow":["GET"]}}],"collection":[{"href":"https:\/\/serasturianu.com\/ast\/wp-json\/wp\/v2\/posts"}],"about":[{"href":"https:\/\/serasturianu.com\/ast\/wp-json\/wp\/v2\/types\/post"}],"author":[{"embeddable":true,"href":"https:\/\/serasturianu.com\/ast\/wp-json\/wp\/v2\/users\/1"}],"replies":[{"embeddable":true,"href":"https:\/\/serasturianu.com\/ast\/wp-json\/wp\/v2\/comments?post=2498"}],"version-history":[{"count":2,"href":"https:\/\/serasturianu.com\/ast\/wp-json\/wp\/v2\/posts\/2498\/revisions"}],"predecessor-version":[{"id":2503,"href":"https:\/\/serasturianu.com\/ast\/wp-json\/wp\/v2\/posts\/2498\/revisions\/2503"}],"wp:featuredmedia":[{"embeddable":true,"href":"https:\/\/serasturianu.com\/ast\/wp-json\/wp\/v2\/media\/2501"}],"wp:attachment":[{"href":"https:\/\/serasturianu.com\/ast\/wp-json\/wp\/v2\/media?parent=2498"}],"wp:term":[{"taxonomy":"category","embeddable":true,"href":"https:\/\/serasturianu.com\/ast\/wp-json\/wp\/v2\/categories?post=2498"},{"taxonomy":"post_tag","embeddable":true,"href":"https:\/\/serasturianu.com\/ast\/wp-json\/wp\/v2\/tags?post=2498"}],"curies":[{"name":"wp","href":"https:\/\/api.w.org\/{rel}","templated":true}]}}