{"id":2366,"date":"2019-10-30T21:47:01","date_gmt":"2019-10-30T20:47:01","guid":{"rendered":"https:\/\/serasturianu.com\/?p=2366"},"modified":"2019-10-30T22:16:53","modified_gmt":"2019-10-30T21:16:53","slug":"4-visites-nasturianu-pa-esfrutar-payares","status":"publish","type":"post","link":"https:\/\/serasturianu.com\/ast\/2019\/10\/30\/4-visites-nasturianu-pa-esfrutar-payares\/","title":{"rendered":"4 visites n&#8217;asturianu pa esfrutar payares"},"content":{"rendered":"<p style=\"text-align: justify;\"><strong><span style=\"font-size: 24pt;\">\u00abSer Asturianu\u00bb afita&#8217;l so programa de visites guiaes n&#8217;asturllion\u00e9s con una ruta cada s\u00e1badu del mes de payares.<\/span><\/strong><\/p>\n<p style=\"text-align: justify;\">L&#8217;\u00e9xitu de les rutes n&#8217;asturianu per Uvi\u00e9u de los caberos dos meses garantiza la so incorporaci\u00f3n definitiva a la ufierta d&#8217;ociu na capital asturiana. Tanto paisanos como visitantes amuesen cada vegada m\u00e1s inter\u00e9s por unes actividaes con un atractivu que reside en conocer la cara m\u00e1s aut\u00e9ntica d&#8217;Asturies, allo\u00f1ada de t\u00f3picos y complexos. Am\u00e1s, l&#8217;usu de la llingua asturiana, llonxe de ser una torga pa siguir la visita, torn\u00f3se nuna esperiencia d&#8217;inmersi\u00f3n na que poder averase a la cultura y la historia de los asturianos de forma fresca y prestosa.<\/p>\n<p style=\"text-align: justify;\">Toles visites t\u00e1n dirix\u00edes por <strong>Denis Soria<\/strong>, gu\u00eda oficial de turismu d&#8217;Asturies.<\/p>\n<h2><span style=\"font-size: 24pt;\"><strong>S\u00c1BADU 9: RUTA DE LA REVOLUCI\u00d3N D&#8217;OCHOBRE DE 1934<br \/>\n<\/strong><\/span><\/h2>\n<h4><img data-recalc-dims=\"1\" fetchpriority=\"high\" decoding=\"async\" class=\"aligncenter wp-image-2352 size-full\" src=\"https:\/\/i0.wp.com\/serasturianu.com\/wp-content\/uploads\/2019\/10\/ochobre30OK.png?resize=800%2C800&#038;ssl=1\" alt=\"\" width=\"800\" height=\"800\" srcset=\"https:\/\/i0.wp.com\/serasturianu.com\/wp-content\/uploads\/2019\/10\/ochobre30OK.png?w=800&amp;ssl=1 800w, https:\/\/i0.wp.com\/serasturianu.com\/wp-content\/uploads\/2019\/10\/ochobre30OK.png?resize=150%2C150&amp;ssl=1 150w, https:\/\/i0.wp.com\/serasturianu.com\/wp-content\/uploads\/2019\/10\/ochobre30OK.png?resize=300%2C300&amp;ssl=1 300w, https:\/\/i0.wp.com\/serasturianu.com\/wp-content\/uploads\/2019\/10\/ochobre30OK.png?resize=768%2C768&amp;ssl=1 768w, https:\/\/i0.wp.com\/serasturianu.com\/wp-content\/uploads\/2019\/10\/ochobre30OK.png?resize=600%2C600&amp;ssl=1 600w, https:\/\/i0.wp.com\/serasturianu.com\/wp-content\/uploads\/2019\/10\/ochobre30OK.png?resize=100%2C100&amp;ssl=1 100w\" sizes=\"(max-width: 800px) 100vw, 800px\" \/><\/h4>\n<h4><\/h4>\n<h4 style=\"text-align: justify;\">Feches y horarios<\/h4>\n<p style=\"text-align: justify;\">\u2013 S\u00e1badu 9 de payares, 18h<\/p>\n<h4 style=\"text-align: justify;\"><\/h4>\n<h4 style=\"text-align: justify;\">Puntu d&#8217;alcuentru<\/h4>\n<p style=\"text-align: justify;\"><strong>Parque d&#8217;El Campill\u00edn <\/strong>(Uvi\u00e9u<span class=\"LrzXr\">).<\/span><\/p>\n<h4 style=\"text-align: justify;\"><\/h4>\n<h4 style=\"text-align: justify;\">Tarifes y reserves<\/h4>\n<p style=\"text-align: justify;\">\u2013 Adultos: <strong>5\u20ac<\/strong><em><br \/>\n<\/em><\/p>\n<p>\u2013 Menores de 12 a\u00f1os: <strong><em>De baldre<\/em><\/strong><em><br \/>\n<\/em><\/p>\n<p style=\"text-align: justify;\">P&#8217;apuntare ye imprescindible acutar con antelaci\u00f3n nel corr\u00e9u lletr\u00f3nicu <a href=\"https:\/\/serasturianu.com\/ast\/entamu\/#correu\"><strong>infoserasturianu@gmail.com<\/strong><\/a><\/p>\n<p style=\"text-align: justify;\"><a href=\"\/ast\/serasturianu.com\/ast\/entamu\/#correu\"><img data-recalc-dims=\"1\" decoding=\"async\" class=\"aligncenter wp-image-1529\" src=\"https:\/\/i0.wp.com\/serasturianu.com\/wp-content\/uploads\/2019\/03\/ASTQ-1.png?resize=190%2C47&#038;ssl=1\" alt=\"\" width=\"190\" height=\"47\" srcset=\"https:\/\/i0.wp.com\/serasturianu.com\/wp-content\/uploads\/2019\/03\/ASTQ-1.png?resize=300%2C74&amp;ssl=1 300w, https:\/\/i0.wp.com\/serasturianu.com\/wp-content\/uploads\/2019\/03\/ASTQ-1.png?w=504&amp;ssl=1 504w\" sizes=\"(max-width: 190px) 100vw, 190px\" \/><\/a><\/p>\n<h2><span style=\"font-size: 24pt;\"><strong>S\u00c1BADU 16: LA CATEDRAL NA LLITERATURA ASTURIANA<br \/>\n<\/strong><\/span><\/h2>\n<h4><img data-recalc-dims=\"1\" decoding=\"async\" class=\"aligncenter wp-image-2355 size-full\" src=\"https:\/\/i0.wp.com\/serasturianu.com\/wp-content\/uploads\/2019\/10\/cartelu-cuadrau-catedral.png?resize=800%2C800&#038;ssl=1\" alt=\"\" width=\"800\" height=\"800\" srcset=\"https:\/\/i0.wp.com\/serasturianu.com\/wp-content\/uploads\/2019\/10\/cartelu-cuadrau-catedral.png?w=800&amp;ssl=1 800w, https:\/\/i0.wp.com\/serasturianu.com\/wp-content\/uploads\/2019\/10\/cartelu-cuadrau-catedral.png?resize=150%2C150&amp;ssl=1 150w, https:\/\/i0.wp.com\/serasturianu.com\/wp-content\/uploads\/2019\/10\/cartelu-cuadrau-catedral.png?resize=300%2C300&amp;ssl=1 300w, https:\/\/i0.wp.com\/serasturianu.com\/wp-content\/uploads\/2019\/10\/cartelu-cuadrau-catedral.png?resize=768%2C768&amp;ssl=1 768w, https:\/\/i0.wp.com\/serasturianu.com\/wp-content\/uploads\/2019\/10\/cartelu-cuadrau-catedral.png?resize=600%2C600&amp;ssl=1 600w, https:\/\/i0.wp.com\/serasturianu.com\/wp-content\/uploads\/2019\/10\/cartelu-cuadrau-catedral.png?resize=100%2C100&amp;ssl=1 100w\" sizes=\"(max-width: 800px) 100vw, 800px\" \/><\/h4>\n<h4><\/h4>\n<h4 style=\"text-align: justify;\">Feches y horarios<\/h4>\n<p style=\"text-align: justify;\">\u2013 S\u00e1badu 16 de payares, 11:30h<\/p>\n<h4 style=\"text-align: justify;\"><\/h4>\n<h4 style=\"text-align: justify;\">Puntu d&#8217;alcuentru<\/h4>\n<p style=\"text-align: justify;\"><strong>Plaza d&#8217;Alfonso II <\/strong>(Uvi\u00e9u<span class=\"LrzXr\">).<\/span><\/p>\n<h4 style=\"text-align: justify;\"><\/h4>\n<h4 style=\"text-align: justify;\">Tarifes y reserves<\/h4>\n<p style=\"text-align: justify;\">\u2013 Adultos: <strong>10\u20ac<\/strong>, <em>incl\u00fai preciu d&#8217;entrada a la catedral (7\u20ac)<br \/>\n<\/em><\/p>\n<p>\u2013 Menores de 12 a\u00f1os: <strong><em>De baldre<\/em><\/strong><em><br \/>\n<\/em><\/p>\n<p style=\"text-align: justify;\">P&#8217;apuntase ye imprescindible acutar con antelaci\u00f3n nel corr\u00e9u lletr\u00f3nicu <a href=\"https:\/\/serasturianu.com\/ast\/entamu\/#correu\"><strong>infoserasturianu@gmail.com<\/strong><\/a><\/p>\n<p style=\"text-align: justify;\"><a href=\"\/ast\/serasturianu.com\/ast\/entamu\/#correu\"><img data-recalc-dims=\"1\" decoding=\"async\" class=\"aligncenter wp-image-1529\" src=\"https:\/\/i0.wp.com\/serasturianu.com\/wp-content\/uploads\/2019\/03\/ASTQ-1.png?resize=190%2C47&#038;ssl=1\" alt=\"\" width=\"190\" height=\"47\" srcset=\"https:\/\/i0.wp.com\/serasturianu.com\/wp-content\/uploads\/2019\/03\/ASTQ-1.png?resize=300%2C74&amp;ssl=1 300w, https:\/\/i0.wp.com\/serasturianu.com\/wp-content\/uploads\/2019\/03\/ASTQ-1.png?w=504&amp;ssl=1 504w\" sizes=\"(max-width: 190px) 100vw, 190px\" \/><\/a><\/p>\n<h2><span style=\"font-size: 24pt;\"><strong>S\u00c1BADU 23: PRERROM\u00c1NICU DEL NARANCO<br \/>\n<\/strong><\/span><\/h2>\n<h4><img data-recalc-dims=\"1\" loading=\"lazy\" decoding=\"async\" class=\"aligncenter wp-image-2356 size-full\" src=\"https:\/\/i0.wp.com\/serasturianu.com\/wp-content\/uploads\/2019\/10\/23-payares-Prerrom%C3%A1nicu.png?resize=800%2C800&#038;ssl=1\" alt=\"\" width=\"800\" height=\"800\" srcset=\"https:\/\/i0.wp.com\/serasturianu.com\/wp-content\/uploads\/2019\/10\/23-payares-Prerrom%C3%A1nicu.png?w=800&amp;ssl=1 800w, https:\/\/i0.wp.com\/serasturianu.com\/wp-content\/uploads\/2019\/10\/23-payares-Prerrom%C3%A1nicu.png?resize=150%2C150&amp;ssl=1 150w, https:\/\/i0.wp.com\/serasturianu.com\/wp-content\/uploads\/2019\/10\/23-payares-Prerrom%C3%A1nicu.png?resize=300%2C300&amp;ssl=1 300w, https:\/\/i0.wp.com\/serasturianu.com\/wp-content\/uploads\/2019\/10\/23-payares-Prerrom%C3%A1nicu.png?resize=768%2C768&amp;ssl=1 768w, https:\/\/i0.wp.com\/serasturianu.com\/wp-content\/uploads\/2019\/10\/23-payares-Prerrom%C3%A1nicu.png?resize=600%2C600&amp;ssl=1 600w, https:\/\/i0.wp.com\/serasturianu.com\/wp-content\/uploads\/2019\/10\/23-payares-Prerrom%C3%A1nicu.png?resize=100%2C100&amp;ssl=1 100w\" sizes=\"(max-width: 800px) 100vw, 800px\" \/><\/h4>\n<h4><\/h4>\n<h4 style=\"text-align: justify;\">Feches y horarios<\/h4>\n<p style=\"text-align: justify;\">\u2013 S\u00e1badu 23 de payares, 11h<\/p>\n<h4 style=\"text-align: justify;\"><\/h4>\n<h4 style=\"text-align: justify;\">Puntu d&#8217;alcuentru<\/h4>\n<p style=\"text-align: justify;\"><strong>Centru d&#8217;Interpretaci\u00f3n <\/strong>(Escueles vieyes de Naranco, Uvi\u00e9u<span class=\"LrzXr\">).<\/span><\/p>\n<h4 style=\"text-align: justify;\"><\/h4>\n<h4 style=\"text-align: justify;\">Tarifes y reserves<\/h4>\n<p style=\"text-align: justify;\">\u2013 Adultos: <strong>8\u20ac<\/strong><em><br \/>\n<\/em><\/p>\n<p>\u2013 Menores de 12 a\u00f1os: <strong>3\u20ac<\/strong><em><br \/>\n<\/em><\/p>\n<p style=\"text-align: justify;\">P&#8217;apuntase ye imprescindible acutar con antelaci\u00f3n nel corr\u00e9u lletr\u00f3nicu <a href=\"https:\/\/serasturianu.com\/ast\/entamu\/#correu\"><strong>infoserasturianu@gmail.com<\/strong><\/a><\/p>\n<p style=\"text-align: justify;\"><a href=\"\/ast\/serasturianu.com\/ast\/entamu\/#correu\"><img data-recalc-dims=\"1\" decoding=\"async\" class=\"aligncenter wp-image-1529\" src=\"https:\/\/i0.wp.com\/serasturianu.com\/wp-content\/uploads\/2019\/03\/ASTQ-1.png?resize=190%2C47&#038;ssl=1\" alt=\"\" width=\"190\" height=\"47\" srcset=\"https:\/\/i0.wp.com\/serasturianu.com\/wp-content\/uploads\/2019\/03\/ASTQ-1.png?resize=300%2C74&amp;ssl=1 300w, https:\/\/i0.wp.com\/serasturianu.com\/wp-content\/uploads\/2019\/03\/ASTQ-1.png?w=504&amp;ssl=1 504w\" sizes=\"(max-width: 190px) 100vw, 190px\" \/><\/a><\/p>\n<h2><span style=\"font-size: 24pt;\"><strong>S\u00c1BADU 30: RUTA DE LA REVOLUCI\u00d3N D&#8217;OCHOBRE DE 1934<\/strong><\/span><\/h2>\n<h4><img data-recalc-dims=\"1\" loading=\"lazy\" decoding=\"async\" class=\"aligncenter wp-image-2357 size-full\" src=\"https:\/\/i0.wp.com\/serasturianu.com\/wp-content\/uploads\/2019\/10\/ochobre.png?resize=800%2C800&#038;ssl=1\" alt=\"\" width=\"800\" height=\"800\" srcset=\"https:\/\/i0.wp.com\/serasturianu.com\/wp-content\/uploads\/2019\/10\/ochobre.png?w=800&amp;ssl=1 800w, https:\/\/i0.wp.com\/serasturianu.com\/wp-content\/uploads\/2019\/10\/ochobre.png?resize=150%2C150&amp;ssl=1 150w, https:\/\/i0.wp.com\/serasturianu.com\/wp-content\/uploads\/2019\/10\/ochobre.png?resize=300%2C300&amp;ssl=1 300w, https:\/\/i0.wp.com\/serasturianu.com\/wp-content\/uploads\/2019\/10\/ochobre.png?resize=768%2C768&amp;ssl=1 768w, https:\/\/i0.wp.com\/serasturianu.com\/wp-content\/uploads\/2019\/10\/ochobre.png?resize=600%2C600&amp;ssl=1 600w, https:\/\/i0.wp.com\/serasturianu.com\/wp-content\/uploads\/2019\/10\/ochobre.png?resize=100%2C100&amp;ssl=1 100w\" sizes=\"(max-width: 800px) 100vw, 800px\" \/><\/h4>\n<h4><\/h4>\n<h4 style=\"text-align: justify;\">Feches y horarios<\/h4>\n<p style=\"text-align: justify;\">\u2013 S\u00e1badu 30 de payares, 18h<\/p>\n<h4 style=\"text-align: justify;\"><\/h4>\n<h4 style=\"text-align: justify;\">Puntu d&#8217;alcuentru<\/h4>\n<p style=\"text-align: justify;\"><strong>Parque d&#8217;El Campill\u00edn <\/strong>(Uvi\u00e9u<span class=\"LrzXr\">).<\/span><\/p>\n<h4 style=\"text-align: justify;\"><\/h4>\n<h4 style=\"text-align: justify;\">Tarifes y reserves<\/h4>\n<p style=\"text-align: justify;\">\u2013 Adultos: <strong>5\u20ac<\/strong><em><br \/>\n<\/em><\/p>\n<p>\u2013 Menores de 12 a\u00f1os: <strong><em>De baldre<\/em><\/strong><em><br \/>\n<\/em><\/p>\n<p style=\"text-align: justify;\">P&#8217;apuntase ye imprescindible acutar con antelaci\u00f3n nel corr\u00e9u lletr\u00f3nicu <a href=\"https:\/\/serasturianu.com\/ast\/entamu\/#correu\"><strong>infoserasturianu@gmail.com<\/strong><\/a><\/p>\n<p style=\"text-align: justify;\"><a href=\"\/ast\/serasturianu.com\/ast\/entamu\/#correu\"><img data-recalc-dims=\"1\" decoding=\"async\" class=\"aligncenter wp-image-1529\" src=\"https:\/\/i0.wp.com\/serasturianu.com\/wp-content\/uploads\/2019\/03\/ASTQ-1.png?resize=190%2C47&#038;ssl=1\" alt=\"\" width=\"190\" height=\"47\" srcset=\"https:\/\/i0.wp.com\/serasturianu.com\/wp-content\/uploads\/2019\/03\/ASTQ-1.png?resize=300%2C74&amp;ssl=1 300w, https:\/\/i0.wp.com\/serasturianu.com\/wp-content\/uploads\/2019\/03\/ASTQ-1.png?w=504&amp;ssl=1 504w\" sizes=\"(max-width: 190px) 100vw, 190px\" \/><\/a><\/p>","protected":false},"excerpt":{"rendered":"<p>\u00abSer Asturianu\u00bb afita&#8217;l so programa de visites guiaes n&#8217;asturllion\u00e9s con una ruta cada s\u00e1badu del mes de payares. L&#8217;\u00e9xitu de les rutes n&#8217;asturianu per Uvi\u00e9u de los caberos dos meses garantiza la so incorporaci\u00f3n definitiva a la ufierta d&#8217;ociu na &hellip; <a href=\"https:\/\/serasturianu.com\/ast\/2019\/10\/30\/4-visites-nasturianu-pa-esfrutar-payares\/\">Read More<\/a><\/p>","protected":false},"author":1,"featured_media":2372,"comment_status":"open","ping_status":"open","sticky":false,"template":"","format":"standard","meta":{"_monsterinsights_skip_tracking":false,"_monsterinsights_sitenote_active":false,"_monsterinsights_sitenote_note":"","_monsterinsights_sitenote_category":0,"_jetpack_memberships_contains_paid_content":false,"footnotes":""},"categories":[58,4,107],"tags":[252,409,254,500,496,498,242,494],"class_list":["post-2366","post","type-post","status-publish","format-standard","has-post-thumbnail","hentry","category-axenda","category-blogue","category-noticies","tag-asturianu","tag-asturlliones-ast","tag-bable","tag-denis-soria","tag-rutes","tag-rutes-guiaes","tag-uvieu","tag-visites-guiaes"],"jetpack_featured_media_url":"https:\/\/i0.wp.com\/serasturianu.com\/wp-content\/uploads\/2019\/10\/Screenshot_2019-10-30-rais-oficialid%C3%A1-en-Twitter-Per-prestosu-g%C3%BCei-sentir-a-denissfdz-na-ruta-Ochobrel-34-nUvi%C3%A9u-Y-per-p...-1.png?fit=743%2C494&ssl=1","jetpack_sharing_enabled":true,"_links":{"self":[{"href":"https:\/\/serasturianu.com\/ast\/wp-json\/wp\/v2\/posts\/2366","targetHints":{"allow":["GET"]}}],"collection":[{"href":"https:\/\/serasturianu.com\/ast\/wp-json\/wp\/v2\/posts"}],"about":[{"href":"https:\/\/serasturianu.com\/ast\/wp-json\/wp\/v2\/types\/post"}],"author":[{"embeddable":true,"href":"https:\/\/serasturianu.com\/ast\/wp-json\/wp\/v2\/users\/1"}],"replies":[{"embeddable":true,"href":"https:\/\/serasturianu.com\/ast\/wp-json\/wp\/v2\/comments?post=2366"}],"version-history":[{"count":2,"href":"https:\/\/serasturianu.com\/ast\/wp-json\/wp\/v2\/posts\/2366\/revisions"}],"predecessor-version":[{"id":2369,"href":"https:\/\/serasturianu.com\/ast\/wp-json\/wp\/v2\/posts\/2366\/revisions\/2369"}],"wp:featuredmedia":[{"embeddable":true,"href":"https:\/\/serasturianu.com\/ast\/wp-json\/wp\/v2\/media\/2372"}],"wp:attachment":[{"href":"https:\/\/serasturianu.com\/ast\/wp-json\/wp\/v2\/media?parent=2366"}],"wp:term":[{"taxonomy":"category","embeddable":true,"href":"https:\/\/serasturianu.com\/ast\/wp-json\/wp\/v2\/categories?post=2366"},{"taxonomy":"post_tag","embeddable":true,"href":"https:\/\/serasturianu.com\/ast\/wp-json\/wp\/v2\/tags?post=2366"}],"curies":[{"name":"wp","href":"https:\/\/api.w.org\/{rel}","templated":true}]}}