{"id":2223,"date":"2019-10-18T21:04:10","date_gmt":"2019-10-18T19:04:10","guid":{"rendered":"https:\/\/serasturianu.com\/?p=2223"},"modified":"2019-10-21T18:28:40","modified_gmt":"2019-10-21T16:28:40","slug":"por-que-asturias-es-un-principado","status":"publish","type":"post","link":"https:\/\/serasturianu.com\/ast\/2019\/10\/18\/por-que-asturias-es-un-principado\/","title":{"rendered":"\u00bfPor qu\u00e9 Asturias es un Principado?"},"content":{"rendered":"<div class=\"\" data-block=\"true\" data-editor=\"92ukn\" data-offset-key=\"88cbl-0-0\">\n<div data-offset-key=\"88cbl-0-0\"><span style=\"font-size: 18pt;\" data-offset-key=\"9290f-0-0\"><strong>Muchos asturianos piensan que el t\u00edtulo tiene que ver con el reino de Asturias, pero la causa real es mucho m\u00e1s humillante<\/strong><\/span><\/div>\n<\/div>\n<div class=\"\" style=\"text-align: justify;\" data-block=\"true\" data-editor=\"92ukn\" data-offset-key=\"6rndu-0-0\">\n<div class=\"public-DraftStyleDefault-block public-DraftStyleDefault-ltr\" data-offset-key=\"6rndu-0-0\"><span data-offset-key=\"6rndu-0-0\">\u00a0<\/span><\/div>\n<\/div>\n<p><img data-recalc-dims=\"1\" fetchpriority=\"high\" decoding=\"async\" class=\"aligncenter wp-image-2264 size-full\" src=\"https:\/\/i0.wp.com\/serasturianu.com\/wp-content\/uploads\/2019\/10\/Principado.png?resize=1000%2C668&#038;ssl=1\" alt=\"\" width=\"1000\" height=\"668\" srcset=\"https:\/\/i0.wp.com\/serasturianu.com\/wp-content\/uploads\/2019\/10\/Principado.png?w=1000&amp;ssl=1 1000w, https:\/\/i0.wp.com\/serasturianu.com\/wp-content\/uploads\/2019\/10\/Principado.png?resize=300%2C200&amp;ssl=1 300w, https:\/\/i0.wp.com\/serasturianu.com\/wp-content\/uploads\/2019\/10\/Principado.png?resize=768%2C513&amp;ssl=1 768w, https:\/\/i0.wp.com\/serasturianu.com\/wp-content\/uploads\/2019\/10\/Principado.png?resize=600%2C401&amp;ssl=1 600w\" sizes=\"(max-width: 1000px) 100vw, 1000px\" \/><\/p>\n<p>&nbsp;<\/p>\n<p style=\"text-align: justify;\"><span data-offset-key=\"9290f-0-0\">Ni Pelayo ni los reyes asturleoneses tienen que ver con el origen de un t\u00edtulo que se remonta al siglo XIV, mientras Europa se desangraba por la Guerra de los 100 a\u00f1os. Asturias era entonces un territorio m\u00e1s del reino de Le\u00f3n, integrado ahora en la Corona de Castilla. Y e<\/span><span data-offset-key=\"9290f-0-0\">n medio de este jaleo nacer\u00e1 nuestro protagonista, <strong>Alfonso Enr\u00edquez<\/strong>, hijo bastardo de Enrique de Trast\u00e1mara, cuya crianza hab\u00eda sido confiada a <strong>Rodrigo \u00c1lvarez de las Asturias<\/strong>, uno de los nobles m\u00e1s poderosos de su tiempo. <\/span><span data-offset-key=\"9290f-0-0\">Su padrastro acabar\u00eda encari\u00f1\u00e1ndose con \u00e9l, y le har\u00e1 heredero del condado de Nore\u00f1a, de Xix\u00f3n, y de casi tres quintas partes de Asturias, junto con algunas posesiones en tierras de Le\u00f3n.<\/span><\/p>\n<p><img data-recalc-dims=\"1\" decoding=\"async\" class=\"aligncenter wp-image-2276 size-full\" src=\"https:\/\/i0.wp.com\/serasturianu.com\/wp-content\/uploads\/2019\/10\/mapa-fonso.png?resize=1140%2C1140&#038;ssl=1\" alt=\"\" width=\"1140\" height=\"1140\" srcset=\"https:\/\/i0.wp.com\/serasturianu.com\/wp-content\/uploads\/2019\/10\/mapa-fonso.png?w=1320&amp;ssl=1 1320w, https:\/\/i0.wp.com\/serasturianu.com\/wp-content\/uploads\/2019\/10\/mapa-fonso.png?resize=150%2C150&amp;ssl=1 150w, https:\/\/i0.wp.com\/serasturianu.com\/wp-content\/uploads\/2019\/10\/mapa-fonso.png?resize=300%2C300&amp;ssl=1 300w, https:\/\/i0.wp.com\/serasturianu.com\/wp-content\/uploads\/2019\/10\/mapa-fonso.png?resize=768%2C768&amp;ssl=1 768w, https:\/\/i0.wp.com\/serasturianu.com\/wp-content\/uploads\/2019\/10\/mapa-fonso.png?resize=1024%2C1024&amp;ssl=1 1024w, https:\/\/i0.wp.com\/serasturianu.com\/wp-content\/uploads\/2019\/10\/mapa-fonso.png?resize=1080%2C1080&amp;ssl=1 1080w, https:\/\/i0.wp.com\/serasturianu.com\/wp-content\/uploads\/2019\/10\/mapa-fonso.png?resize=600%2C600&amp;ssl=1 600w, https:\/\/i0.wp.com\/serasturianu.com\/wp-content\/uploads\/2019\/10\/mapa-fonso.png?resize=100%2C100&amp;ssl=1 100w\" sizes=\"(max-width: 1140px) 100vw, 1140px\" \/><\/p>\n<p style=\"text-align: justify;\"><span data-offset-key=\"9290f-0-0\">Entretanto, hab\u00eda en Castilla dos hermanos enfrentados por el trono, Enrique y Pedro I (el cruel), que no paraban de buscarse las espaldas. Y no es una forma de hablar. Enrique lograr\u00e1 imponerse tras coser a Pedro a pu\u00f1aladas (lo que en Asturias conocemos como \u00ab<em>hacerse un Tomas\u00edn<\/em>\u00ab), un<\/span><span data-offset-key=\"9290f-0-0\"> suceso que vendr\u00eda a abrir la puerta a Alfonso para convertirse en heredero, poniendo su espada al servicio del ej\u00e9rcito castellano y buscando el favor de su padre con sus valerosas haza\u00f1as en Andaluc\u00eda y Portugal. Pero \u00e9ste ten\u00eda otros planes. <\/span><span data-offset-key=\"9290f-0-0\">Para firmar la paz con Portugal, Enrique II le prepara la boda con Isabel de Viseu.<\/span><\/p>\n<p style=\"text-align: justify;\"><span data-offset-key=\"9290f-0-0\">Alfonso no pod\u00eda estar m\u00e1s decepcionado, despu\u00e9s de tanto esfuerzo su padre le hab\u00eda \u00abrecompensado\u00bb con otra bastarda, y no con la heredera leg\u00edtima del trono portugu\u00e9s.<\/span><\/p>\n<figure id=\"attachment_2269\" class=\"thumbnail wp-caption aligncenter\" style=\"width: 1000px\"><img data-recalc-dims=\"1\" decoding=\"async\" class=\"wp-image-2269 size-full\" src=\"https:\/\/i0.wp.com\/serasturianu.com\/wp-content\/uploads\/2019\/10\/torre1.png?resize=1000%2C668&#038;ssl=1\" alt=\"\" width=\"1000\" height=\"668\" srcset=\"https:\/\/i0.wp.com\/serasturianu.com\/wp-content\/uploads\/2019\/10\/torre1.png?w=1000&amp;ssl=1 1000w, https:\/\/i0.wp.com\/serasturianu.com\/wp-content\/uploads\/2019\/10\/torre1.png?resize=300%2C200&amp;ssl=1 300w, https:\/\/i0.wp.com\/serasturianu.com\/wp-content\/uploads\/2019\/10\/torre1.png?resize=768%2C513&amp;ssl=1 768w, https:\/\/i0.wp.com\/serasturianu.com\/wp-content\/uploads\/2019\/10\/torre1.png?resize=600%2C401&amp;ssl=1 600w\" sizes=\"(max-width: 1000px) 100vw, 1000px\" \/><figcaption class=\"caption wp-caption-text\">Torre de los \u00c1lvarez de las Asturias (Trubia, Gij\u00f3n\/Xix\u00f3n)<\/figcaption><\/figure>\n<p style=\"text-align: justify;\"><span data-offset-key=\"9290f-0-0\">Pero cuando Enrique muere, en 1379, Alfonso perder\u00e1 otro tren al adelant\u00e1rsele su hermanastro Juan, quien ech\u00f3 todav\u00eda m\u00e1s le\u00f1a al fuego prohibiendo a los nobles cobrar impuestos a la Iglesia. <\/span><span data-offset-key=\"9290f-0-0\">En 1383 Alfonso conspira contra \u00e9l, pero sus planes son frustrados por el obispo de Oviedo\/Uvi\u00e9u, Gutierre de Toledo. Lejos de achantar, cuando se entera de los preparativos para el matrimonio entre Juan I y Beatriz, la heredera leg\u00edtima del trono portugu\u00e9s, el conde acaba estallando. Era el <em>acab\u00f3se.<\/em><\/span><\/p>\n<p style=\"text-align: justify;\">Viendo c\u00f3mo el trono se le volv\u00eda a escapar de las manos, el historiador xixon\u00e9s Estanislao Rendueles describe c\u00f3mo Alfonso intent\u00f3 entonces <strong><a href=\"https:\/\/books.google.es\/books?id=FBQ4bAT87koC&amp;pg=PA116&amp;lpg=PA116&amp;dq=estanislao+rendueles+estado+independiente+de+la+corona&amp;source=bl&amp;ots=RCzIKq4n0L&amp;sig=ACfU3U2XWFeghk6YQk_vhjTZjEsCEQiwlA&amp;hl=es&amp;sa=X&amp;ved=2ahUKEwjTq_DujKTlAhXs8OAKHdvpCBAQ6AEwCnoECAkQAQ#v=onepage&amp;q=estado%20independiente%20de%20la%20corona&amp;f=false\"><em>crear un estado independiente de la Corona<\/em><\/a><\/strong> en la primavera de 1382, ofreciendo el puerto de Gij\u00f3n\/Xix\u00f3n a ingleses y portugueses. Fracas\u00f3. <span class=\"css-901oao css-16my406 r-1qd0xha r-ad9z0x r-bcqeeo r-qvutc0\"><span data-offset-key=\"9290f-0-0\">Las tropas castellanas invaden Asturias por mar y tierra, y aplastan la resistencia de los castillos de Cangas y de Tin\u00e9u. Despu\u00e9s del asedio de Gij\u00f3n\/Xix\u00f3n Alfonso ser\u00e1 hecho prisionero y todos sus dominios van a ser confiscados por la Corona. Nada distinto a un desahucio de los de hoy en d\u00eda&#8230; De esta manera, la<\/span><\/span><span data-offset-key=\"9290f-0-0\"> importancia de esta rebeli\u00f3n fue determinante para que Juan I crease el <strong>PRINCIPADO DE ASTURIAS en 1388<\/strong>, una <strong>fotocopia de la conquista inglesa de Gales<\/strong> que supeditaba los se\u00f1or\u00edos asturianos directamente a la autoridad real. Y no, este t\u00edtulo no era un premio, era un <strong>mecanismo <\/strong><\/span><strong>de sometimiento a los castellanos.<\/strong><\/p>\n<blockquote>\n<p style=\"text-align: justify;\"><a href=\"https:\/\/books.google.es\/books?id=xuaADwAAQBAJ&amp;pg=PA304&amp;lpg=PA304&amp;dq=que+la+tierra+de+las+Asturias+que+nos+tomamos+para+la+corona&amp;source=bl&amp;ots=Lz5iV8bIbk&amp;sig=ACfU3U05fUJEW9tEesxKqIYp7KpvSKbzsg&amp;hl=es&amp;sa=X&amp;ved=2ahUKEwjEmJuxlqTlAhVt8OAKHd0oBuIQ6AEwDnoECAcQAQ#v=onepage&amp;q=que%20la%20tierra%20de%20las%20Asturias%20que%20nos%20tomamos%20para%20la%20corona&amp;f=false\"><em>\u00ab(&#8230;) que la tierra de las Asturias que n\u00f3s tomamos para la Corona del Regno por los yerros que el conde Alfonso nos fizo&#8230;<\/em><\/a><\/p>\n<\/blockquote>\n<div style=\"text-align: justify;\" data-contents=\"true\">\n<div class=\"\" data-block=\"true\" data-editor=\"73ep3\" data-offset-key=\"9290f-0-0\">\n<div class=\"public-DraftStyleDefault-block public-DraftStyleDefault-ltr\" style=\"text-align: justify;\" data-offset-key=\"9290f-0-0\">\n<figure id=\"attachment_2267\" class=\"thumbnail wp-caption aligncenter\" style=\"width: 1000px\"><img data-recalc-dims=\"1\" loading=\"lazy\" decoding=\"async\" class=\"wp-image-2267 size-full\" src=\"https:\/\/i0.wp.com\/serasturianu.com\/wp-content\/uploads\/2019\/10\/xuani.png?resize=1000%2C668&#038;ssl=1\" alt=\"\" width=\"1000\" height=\"668\" srcset=\"https:\/\/i0.wp.com\/serasturianu.com\/wp-content\/uploads\/2019\/10\/xuani.png?w=1000&amp;ssl=1 1000w, https:\/\/i0.wp.com\/serasturianu.com\/wp-content\/uploads\/2019\/10\/xuani.png?resize=300%2C200&amp;ssl=1 300w, https:\/\/i0.wp.com\/serasturianu.com\/wp-content\/uploads\/2019\/10\/xuani.png?resize=768%2C513&amp;ssl=1 768w, https:\/\/i0.wp.com\/serasturianu.com\/wp-content\/uploads\/2019\/10\/xuani.png?resize=600%2C401&amp;ssl=1 600w\" sizes=\"(max-width: 1000px) 100vw, 1000px\" \/><figcaption class=\"caption wp-caption-text\">Juan I de Castilla<\/figcaption><\/figure>\n<p><span data-offset-key=\"9290f-0-0\"><span class=\"css-901oao css-16my406 r-1qd0xha r-ad9z0x r-bcqeeo r-qvutc0\"><strong>Enrique III <\/strong>(hijo de Juan I) <strong>y Catalina de Lancaster ser\u00e1n los primeros pr\u00edncipes<\/strong>, y Asturias se convertir\u00e1 en un Risk particular donde se entrenar\u00e1n en las tareas nel gobierno<\/span>. Parec\u00eda que la historia de nuestro conde iba a acabar aqu\u00ed, pero la repentina muerte de Juan I en 1390 y la minor\u00eda de edad de Enrique III provoc\u00f3 un caos que Alfonso supo aprovechar a su favor, y despu\u00e9s de 6 a\u00f1os preso recobr\u00f3 por fin su libertad y posesiones. Estaba preparado <\/span><span data-offset-key=\"9290f-0-1\">para hacer <strong>otro intento de independencia en 1395<\/strong>, <em>the last<\/em>, el definitivu, l&#8217;arrancadera&#8230;<\/span><\/p>\n<p style=\"text-align: justify;\"><span data-offset-key=\"9290f-0-0\">Inmediatamente, los castellanos entran en Asturias por el puerto Payares con una fuerza de 2.600 hombres, y asedian la ciudad de Gij\u00f3n\/Xix\u00f3n por segunda vez. Alfonso Enr\u00edquez marchar\u00e1 a Baiona para recabar apoyo militar, pero entonces, \u00bfqui\u00e9n quedaba al mando de la defensa de la villa? Nada menos que su mujer, la portuguesa Isabel, y sus partidarios, como Cort\u00e9s de Parres,<span data-offset-key=\"9290f-0-1\"> muy inferiores en n\u00famero, pero apoyados en la morfolog\u00eda del pe\u00f1\u00f3n de Cimavilla, totalmente aislado durante la pleamar. <\/span><\/span><span data-offset-key=\"9290f-0-0\">El rigor del invierno enfri\u00f3 los \u00e1nimos y ambas partes se avinieron a una tregua en la se que busc\u00f3 la mediaci\u00f3n del rey de Francia, pero la guerra se reanudar\u00eda en agosto. Durante ese tiempo los castellanos ensayar\u00edan el uso de artiller\u00eda contra las murallas, en lo que ser\u00eda el <strong>prim<\/strong><\/span><span data-offset-key=\"9290f-0-1\"><strong>er testimonio del empleo de p\u00f3lvora en el norte peninsular.<\/strong><\/span><\/p>\n<p style=\"text-align: justify;\"><span data-offset-key=\"9290f-0-0\">Despu\u00e9s de un mes resistiendo a la desesperada, Isabel rinde la plaza ante a falta de refuerzos. Era <strong>6 de septiembre<\/strong>, una efem\u00e9ride que quedar\u00e1 por siempre grabada a fuego en la historia de Asturias:<\/span><\/p>\n<\/div>\n<\/div>\n<\/div>\n<blockquote>\n<p style=\"text-align: justify;\"><a href=\"https:\/\/books.google.es\/books?id=d0Ykriukdz4C&amp;pg=PA171&amp;lpg=PA171&amp;dq=Quemaronse+los+palacios+del+rey+Pelayo&amp;source=bl&amp;ots=E2f8pOo7Bk&amp;sig=ACfU3U2OZv1Z0soH9W6RsxXQ37aI4eyDsQ&amp;hl=es&amp;sa=X&amp;ved=2ahUKEwjh9-fI26XlAhWrx4UKHerCDi0Q6AEwAHoECAgQAQ#v=onepage&amp;q=Quemaronse%20los%20palacios%20del%20rey%20Pelayo&amp;f=false\"><em>\u201cQuemaronse los palacios del rey Pelayo (&#8230;) y tambi\u00e9n la Iglesia de La Virgen Mar\u00eda, levantada sobre el faro herculino, las casas todas de la ciudad, la Iglesia de San Juan levantada sobre el templo de Apolo, la torre Augusta fue demolida y tambi\u00e9n los establecimientos de las cohortes, todo fue demolido y quemado y se arroj\u00f3 sal sobre las tierras para hacerlas inf\u00e9rtiles\u201d\u2026<\/em><\/a><\/p>\n<\/blockquote>\n<div style=\"text-align: justify;\" data-contents=\"true\">\n<div class=\"\" data-block=\"true\" data-editor=\"73ep3\" data-offset-key=\"9290f-0-0\">\n<div data-offset-key=\"9290f-0-0\">\n<figure id=\"attachment_2268\" class=\"thumbnail wp-caption aligncenter\" style=\"width: 1000px\"><img data-recalc-dims=\"1\" loading=\"lazy\" decoding=\"async\" class=\"wp-image-2268 size-full\" src=\"https:\/\/i0.wp.com\/serasturianu.com\/wp-content\/uploads\/2019\/10\/enr.png?resize=1000%2C668&#038;ssl=1\" alt=\"\" width=\"1000\" height=\"668\" srcset=\"https:\/\/i0.wp.com\/serasturianu.com\/wp-content\/uploads\/2019\/10\/enr.png?w=1000&amp;ssl=1 1000w, https:\/\/i0.wp.com\/serasturianu.com\/wp-content\/uploads\/2019\/10\/enr.png?resize=300%2C200&amp;ssl=1 300w, https:\/\/i0.wp.com\/serasturianu.com\/wp-content\/uploads\/2019\/10\/enr.png?resize=768%2C513&amp;ssl=1 768w, https:\/\/i0.wp.com\/serasturianu.com\/wp-content\/uploads\/2019\/10\/enr.png?resize=600%2C401&amp;ssl=1 600w\" sizes=\"(max-width: 1000px) 100vw, 1000px\" \/><figcaption class=\"caption wp-caption-text\">Enrique III de Castilla<\/figcaption><\/figure>\n<\/div>\n<div data-offset-key=\"9290f-0-0\"><\/div>\n<div class=\"public-DraftStyleDefault-block public-DraftStyleDefault-ltr\" style=\"text-align: justify;\" data-offset-key=\"9290f-0-0\"><span data-offset-key=\"9290f-0-0\">Desgraciadamente, casi todo lo que conocemos sobre esta historia corresponde a la versi\u00f3n de los vencedores, como la cr\u00f3nica de <strong>L\u00f3pez de Ayala<\/strong>, que particip\u00f3 en persona en el asedio de Xix\u00f3n. Cronistas que sembaron sus escritos de falsedades tales como que la<em> \u00abmala fembra\u00bb<\/em> de Isabel h<\/span><span data-offset-key=\"9290f-0-1\">ab\u00eda incendiado la ciudad antes de entrar los castellanos&#8230;<\/span><\/div>\n<\/div>\n<div class=\"\" style=\"text-align: justify;\" data-block=\"true\" data-editor=\"73ep3\" data-offset-key=\"2bjq6-0-0\">\n<div class=\"public-DraftStyleDefault-block public-DraftStyleDefault-ltr\" data-offset-key=\"2bjq6-0-0\"><span data-offset-key=\"2bjq6-0-0\">\u00a0<\/span><\/div>\n<\/div>\n<div class=\"\" data-block=\"true\" data-editor=\"73ep3\" data-offset-key=\"18jg7-0-0\">\n<blockquote>\n<div class=\"public-DraftStyleDefault-block public-DraftStyleDefault-ltr\" style=\"text-align: justify;\" data-offset-key=\"18jg7-0-0\"><span data-offset-key=\"18jg7-0-0\">\u00abMas este chronista (&#8230;), e todos os mais escriptores Castelhanos, mostrar\u00e3o-se sempre e mostrar\u00e3o-se ainda hoje t\u00e3o pouco affei\u00e7oados ao Senhor D. Jo\u00e3o I, que tudo quanto elles dicem em desabono do caracter deste Illustre Principe, deve ficar, pelo menos duvidoso (&#8230;)\u00bb<\/span><\/div>\n<\/blockquote>\n<\/div>\n<\/div>\n<p style=\"text-align: justify;\"><span data-offset-key=\"9290f-0-0\">Como castigo, Enrique III retir\u00e1 a Xix\u00f3n el privilegio de comerciar por mar, que pasaba ahora a San Vicente de la Barquera, y prohibir\u00e1 a los vecinos volver a poblar Cimavilla, los cuales tuvieron que buscarse la vida en la zona de Somi\u00f3 durante a\u00f1os (y no en los chalets de hoy, precisamente). <\/span><span data-offset-key=\"9290f-0-1\">Pero hubo otras consecuencias; la <strong>ca\u00edda en desgracia de las familias partidarias de los Nore\u00f1a y el ascenso de las valedoras de los intereses castellanos<\/strong>, as\u00ed como el fortalecimiento de la autoridad de <strong>Gutierre de Toledo<\/strong>, responsable de la <strong>castellanizaci\u00f3n de la Iglesia asturiana<\/strong>. <\/span><span data-offset-key=\"9290f-0-0\">Junto a todo eso, el ahora \u00abPrincipado\u00bb vivir\u00e1 un proceso de disgregaci\u00f3n formal del reino de Le\u00f3n, desvincul\u00e1ndolo de algunas de sus instituciones y creando otras, como la <strong>Junta General<\/strong>, revitalizada por los borbones tras reconocer al Principado como <em>mayorazgo regio<\/em> desde 1707, <\/span><span data-offset-key=\"9290f-0-1\">quiz\u00e1s para compensar la implantaci\u00f3n de un organismo centralista como era la Real Audiencia (1717).<\/span><\/p>\n<p style=\"text-align: justify;\"><span data-offset-key=\"9290f-0-0\">Y as\u00ed, tras muchos ires y venires, e<\/span><span class=\"css-901oao css-16my406 r-1qd0xha r-ad9z0x r-bcqeeo r-qvutc0\"><span data-offset-key=\"50p37-0-0\">n <strong>1977<\/strong>, dos a\u00f1os despu\u00e9s de la restauraci\u00f3n de la monarqu\u00eda, <strong>Felipe de Borb\u00f3n<\/strong> recuperar\u00e1 el t\u00edtulo de \u00abpr\u00edncipe de Asturias\u00bb, celebrado por muchos asturianos. Otros, en cambio, ver\u00e1n en el t\u00edtulo el <strong>recuerdo humillante de la derrota de Asturias y de la destrucci\u00f3n de Xix\u00f3n.<\/strong><\/span><\/span><\/p>\n<p><img data-recalc-dims=\"1\" loading=\"lazy\" decoding=\"async\" class=\"alignnone wp-image-2074 size-full\" src=\"https:\/\/i0.wp.com\/serasturianu.com\/wp-content\/uploads\/2019\/08\/12748148_10206723078530029_6655057585538149166_o.jpg?resize=1140%2C806&#038;ssl=1\" alt=\"\" width=\"1140\" height=\"806\" srcset=\"https:\/\/i0.wp.com\/serasturianu.com\/wp-content\/uploads\/2019\/08\/12748148_10206723078530029_6655057585538149166_o.jpg?w=1920&amp;ssl=1 1920w, https:\/\/i0.wp.com\/serasturianu.com\/wp-content\/uploads\/2019\/08\/12748148_10206723078530029_6655057585538149166_o.jpg?resize=300%2C212&amp;ssl=1 300w, https:\/\/i0.wp.com\/serasturianu.com\/wp-content\/uploads\/2019\/08\/12748148_10206723078530029_6655057585538149166_o.jpg?resize=768%2C543&amp;ssl=1 768w, https:\/\/i0.wp.com\/serasturianu.com\/wp-content\/uploads\/2019\/08\/12748148_10206723078530029_6655057585538149166_o.jpg?resize=1024%2C724&amp;ssl=1 1024w, https:\/\/i0.wp.com\/serasturianu.com\/wp-content\/uploads\/2019\/08\/12748148_10206723078530029_6655057585538149166_o.jpg?resize=400%2C284&amp;ssl=1 400w, https:\/\/i0.wp.com\/serasturianu.com\/wp-content\/uploads\/2019\/08\/12748148_10206723078530029_6655057585538149166_o.jpg?resize=1080%2C764&amp;ssl=1 1080w, https:\/\/i0.wp.com\/serasturianu.com\/wp-content\/uploads\/2019\/08\/12748148_10206723078530029_6655057585538149166_o.jpg?resize=600%2C424&amp;ssl=1 600w\" sizes=\"(max-width: 1140px) 100vw, 1140px\" \/><\/p>\n<p><span data-offset-key=\"9290f-0-0\"><strong>\u00bfPero qu\u00e9 fue el conde de Nore\u00f1a?<\/strong> Al parecer, ser\u00eda asesinado por orden del rey en 1406. Su familia, refugiada en Portugal, fundar\u00e1 el poderoso<strong> linaje de los Noronha<\/strong> (Nore\u00f1a), cuyo recuerdo m\u00e1s tangible bien pudiera ser el visitad\u00edsimo palacio de los duques de Bragan\u00e7a, en Guimar\u00e3es, levantado <\/span><span data-offset-key=\"9290f-0-1\">por D. Alfonso y Constan\u00e7a de Noronha, hija de Isabel y Alfonso Enr\u00edquez.<\/span><\/p>\n<p>&nbsp;<\/p>\n<figure id=\"attachment_2275\" class=\"thumbnail wp-caption aligncenter\" style=\"width: 900px\"><img data-recalc-dims=\"1\" loading=\"lazy\" decoding=\"async\" class=\"wp-image-2275 size-full\" src=\"https:\/\/i0.wp.com\/serasturianu.com\/wp-content\/uploads\/2019\/10\/Paco-dos-duques-de-Braganca-Guimaraes.jpg?resize=900%2C599&#038;ssl=1\" alt=\"\" width=\"900\" height=\"599\" srcset=\"https:\/\/i0.wp.com\/serasturianu.com\/wp-content\/uploads\/2019\/10\/Paco-dos-duques-de-Braganca-Guimaraes.jpg?w=900&amp;ssl=1 900w, https:\/\/i0.wp.com\/serasturianu.com\/wp-content\/uploads\/2019\/10\/Paco-dos-duques-de-Braganca-Guimaraes.jpg?resize=300%2C200&amp;ssl=1 300w, https:\/\/i0.wp.com\/serasturianu.com\/wp-content\/uploads\/2019\/10\/Paco-dos-duques-de-Braganca-Guimaraes.jpg?resize=768%2C511&amp;ssl=1 768w, https:\/\/i0.wp.com\/serasturianu.com\/wp-content\/uploads\/2019\/10\/Paco-dos-duques-de-Braganca-Guimaraes.jpg?resize=600%2C399&amp;ssl=1 600w\" sizes=\"(max-width: 900px) 100vw, 900px\" \/><figcaption class=\"caption wp-caption-text\">Palacio de los Duques de Bragan\u00e7a, Guimar\u00e3es (Fotograf\u00eda: VisitPortugal)<\/figcaption><\/figure>","protected":false},"excerpt":{"rendered":"<p>Muchos asturianos piensan que el t\u00edtulo tiene que ver con el reino de Asturias, pero la causa real es mucho m\u00e1s humillante \u00a0 &nbsp; Ni Pelayo ni los reyes asturleoneses tienen que ver con el origen de un t\u00edtulo que &hellip; <a href=\"https:\/\/serasturianu.com\/ast\/2019\/10\/18\/por-que-asturias-es-un-principado\/\">Read More<\/a><\/p>","protected":false},"author":1,"featured_media":2264,"comment_status":"open","ping_status":"open","sticky":false,"template":"","format":"standard","meta":{"_monsterinsights_skip_tracking":false,"_monsterinsights_sitenote_active":false,"_monsterinsights_sitenote_note":"","_monsterinsights_sitenote_category":0,"_jetpack_memberships_contains_paid_content":false,"footnotes":""},"categories":[40,42],"tags":[443,439,271,435,437,445,347,441,433,447,453,449,431,451,345],"class_list":["post-2223","post","type-post","status-publish","format-standard","has-post-thumbnail","hentry","category-blog-es","category-curiosidades","tag-443","tag-alfonso-enriquez","tag-edad-media","tag-enrique-ii","tag-enrique-iii","tag-felipe-vi","tag-gijon","tag-isabel","tag-juan-i","tag-leonor","tag-premios-principe","tag-princesa","tag-principado","tag-principe","tag-xixon"],"jetpack_featured_media_url":"https:\/\/i0.wp.com\/serasturianu.com\/wp-content\/uploads\/2019\/10\/Principado.png?fit=1000%2C668&ssl=1","jetpack_sharing_enabled":true,"_links":{"self":[{"href":"https:\/\/serasturianu.com\/ast\/wp-json\/wp\/v2\/posts\/2223","targetHints":{"allow":["GET"]}}],"collection":[{"href":"https:\/\/serasturianu.com\/ast\/wp-json\/wp\/v2\/posts"}],"about":[{"href":"https:\/\/serasturianu.com\/ast\/wp-json\/wp\/v2\/types\/post"}],"author":[{"embeddable":true,"href":"https:\/\/serasturianu.com\/ast\/wp-json\/wp\/v2\/users\/1"}],"replies":[{"embeddable":true,"href":"https:\/\/serasturianu.com\/ast\/wp-json\/wp\/v2\/comments?post=2223"}],"version-history":[{"count":47,"href":"https:\/\/serasturianu.com\/ast\/wp-json\/wp\/v2\/posts\/2223\/revisions"}],"predecessor-version":[{"id":11036,"href":"https:\/\/serasturianu.com\/ast\/wp-json\/wp\/v2\/posts\/2223\/revisions\/11036"}],"wp:featuredmedia":[{"embeddable":true,"href":"https:\/\/serasturianu.com\/ast\/wp-json\/wp\/v2\/media\/2264"}],"wp:attachment":[{"href":"https:\/\/serasturianu.com\/ast\/wp-json\/wp\/v2\/media?parent=2223"}],"wp:term":[{"taxonomy":"category","embeddable":true,"href":"https:\/\/serasturianu.com\/ast\/wp-json\/wp\/v2\/categories?post=2223"},{"taxonomy":"post_tag","embeddable":true,"href":"https:\/\/serasturianu.com\/ast\/wp-json\/wp\/v2\/tags?post=2223"}],"curies":[{"name":"wp","href":"https:\/\/api.w.org\/{rel}","templated":true}]}}