{"id":2172,"date":"2019-09-17T01:21:32","date_gmt":"2019-09-16T23:21:32","guid":{"rendered":"https:\/\/serasturianu.com\/?p=2172"},"modified":"2019-09-18T21:09:12","modified_gmt":"2019-09-18T19:09:12","slug":"un-palacio-de-los-reyes-asturianos-en-asturiano","status":"publish","type":"post","link":"https:\/\/serasturianu.com\/ast\/2019\/09\/17\/un-palacio-de-los-reyes-asturianos-en-asturiano\/","title":{"rendered":"Un palacio de los reyes asturianos, en asturiano"},"content":{"rendered":"<p style=\"text-align: justify;\"><span style=\"font-size: 18pt;\"><strong>\u2018Ser Asturianu\u2019 organiza el 28 de septiembre la primera visita guiada en asturleon\u00e9s a los monumentos prerrom\u00e1nicos del Naranco<\/strong><\/span><\/p>\n<p style=\"text-align: justify;\">Levantado en el siglo IX en el reinado de Ramiro I, <b>Santa Mar\u00eda de Naranco<\/b> es el \u00fanico palacio que todav\u00eda se mantiene de un monarca asturiano, a escasos 10 min del centro de Oviedo\/Uvi\u00e9u. En esta visita haremos un viaje de m\u00e1s de mil a\u00f1os a un peque\u00f1o reinu que resist\u00eda contra el Islam desde sus montes tapados por la niebla, al tiempo que iba recibiendo ideas y estilos art\u00edsticos europeos. Bajo la corona de sus reyes \u00e9stos se fusionar\u00e1n con lo aut\u00f3ctono dando lugar al arte prerrom\u00e1nico asturiano, \u00fanico en el mundo.<\/p>\n<p style=\"text-align: justify;\">A lo largo de nuestra visita nos acercaremos tambi\u00e9n al templo privado de Ramiro I, <b>Samiguel de Lli\u00f1o<\/b>, una iglesia enigm\u00e1tica asituada en el claro de un bosque y repleta de hermosas celos\u00edas, donde la restauraci\u00f3n actual est\u00e1 sacando a la luz pintures milenaries con interesantes motivos.<\/p>\n<p style=\"text-align: justify;\">Ambos monumentos ramirenses est\u00e1n declarados <strong>Patrimonio Mundial de la Humanidad por la UNESCO<\/strong> desde 1985.<\/p>\n<p style=\"text-align: justify;\">Las visitas estar\u00e1n dirigidas por <strong>Denis Soria<\/strong>, gu\u00eda oficial de Asturias y gu\u00eda habilitado de la catedral.<\/p>\n<p style=\"text-align: justify;\"><img data-recalc-dims=\"1\" fetchpriority=\"high\" decoding=\"async\" class=\"aligncenter wp-image-2187 size-full\" src=\"https:\/\/i0.wp.com\/serasturianu.com\/wp-content\/uploads\/2019\/09\/visites-naranco-setiembre.png?resize=800%2C800&ssl=1\" alt=\"\" width=\"800\" height=\"800\" \/><\/p>\n<h4><\/h4>\n<h4 style=\"text-align: justify;\">Fechas y horarios<\/h4>\n<p style=\"text-align: justify;\">\u2013 S\u00e1bado 28 de septiembre, 16:15h<\/p>\n<h4 style=\"text-align: justify;\"><\/h4>\n<h4 style=\"text-align: justify;\">Puntu d'alcuentru<\/h4>\n<p style=\"text-align: justify;\"><strong>Centro de Interpretaci\u00f3n del Prerrom\u00e1nico <\/strong>(Antiguas Escuelas<span class=\"LrzXr\"> de Naranco, 33012).<\/span><\/p>\n<h4 style=\"text-align: justify;\"><\/h4>\n<h4 style=\"text-align: justify;\">Tarifas y reservas<\/h4>\n<p style=\"text-align: justify;\">\u2013 Adultos: <strong>8\u20ac<\/strong> <em>*incluye precio de entrada a Santa Mar\u00eda (3\u20ac).<br \/>\n<\/em><\/p>\n<p>\u2013 Menores de 12 a\u00f1os: <strong>3\u20ac<\/strong><em><br \/>\n<\/em><\/p>\n<p style=\"text-align: justify;\">Para apuntarse es imprescindible reservar con antelaci\u00f3n en el correo electr\u00f3nico <a href=\"https:\/\/serasturianu.com\/ast\/entamu\/#correu\"><strong>infoserasturianu@gmail.com<\/strong><\/a><\/p>\n<p style=\"text-align: justify;\"><a href=\"\/ast\/serasturianu.com\/ast\/entamu\/#correu\"><img data-recalc-dims=\"1\" decoding=\"async\" class=\"aligncenter wp-image-1529\" src=\"https:\/\/i0.wp.com\/serasturianu.com\/wp-content\/uploads\/2019\/03\/ASTQ-1.png?resize=190%2C47&ssl=1\" alt=\"\" width=\"190\" height=\"47\" srcset=\"https:\/\/i0.wp.com\/serasturianu.com\/wp-content\/uploads\/2019\/03\/ASTQ-1.png?resize=300%2C74&ssl=1 300w, https:\/\/i0.wp.com\/serasturianu.com\/wp-content\/uploads\/2019\/03\/ASTQ-1.png?w=504&ssl=1 504w\" sizes=\"(max-width: 190px) 100vw, 190px\" \/><\/a><\/p>","protected":false},"excerpt":{"rendered":"<p>\u2018Ser Asturianu\u2019 organiza el 28 de septiembre la primera visita guiada en asturleon\u00e9s a los monumentos prerrom\u00e1nicos del Naranco Levantado en el siglo IX en el reinado de Ramiro I, Santa Mar\u00eda de Naranco es el \u00fanico palacio que todav\u00eda &hellip; <a href=\"https:\/\/serasturianu.com\/ast\/2019\/09\/17\/un-palacio-de-los-reyes-asturianos-en-asturiano\/\">Read More<\/a><\/p>","protected":false},"author":1,"featured_media":2176,"comment_status":"open","ping_status":"open","sticky":false,"template":"","format":"standard","meta":{"_monsterinsights_skip_tracking":false,"_monsterinsights_sitenote_active":false,"_monsterinsights_sitenote_note":"","_monsterinsights_sitenote_category":0,"_jetpack_memberships_contains_paid_content":false,"footnotes":""},"categories":[1],"tags":[392,325,394,400,396,398,388,402],"class_list":["post-2172","post","type-post","status-publish","format-standard","has-post-thumbnail","hentry","category-uncategorized","tag-asturiano-es","tag-asturianu-es","tag-asturleones-es","tag-bable-es","tag-naranco","tag-oviedo","tag-prerromanico","tag-uvieu-es"],"yoast_head":"<!-- This site is optimized with the Yoast SEO plugin v27.5 - https:\/\/yoast.com\/product\/yoast-seo-wordpress\/ -->\n<title>Un palacio de los reyes asturianos, en asturiano - Ser Asturianu<\/title>\n<meta name=\"robots\" content=\"index, follow, max-snippet:-1, max-image-preview:large, max-video-preview:-1\" \/>\n<link rel=\"canonical\" href=\"https:\/\/serasturianu.com\/ast\/2019\/09\/17\/un-palacio-de-los-reyes-asturianos-en-asturiano\/\" \/>\n<meta property=\"og:locale\" content=\"en_US\" \/>\n<meta property=\"og:type\" content=\"article\" \/>\n<meta property=\"og:title\" content=\"Un palacio de los reyes asturianos, en asturiano - Ser Asturianu\" \/>\n<meta property=\"og:description\" content=\"\u2018Ser Asturianu\u2019 organiza el 28 de septiembre la primera visita guiada en asturleon\u00e9s a los monumentos prerrom\u00e1nicos del Naranco Levantado en el siglo IX en el reinado de Ramiro I, Santa Mar\u00eda de Naranco es el \u00fanico palacio que todav\u00eda &hellip; Read More\" \/>\n<meta property=\"og:url\" content=\"https:\/\/serasturianu.com\/ast\/2019\/09\/17\/un-palacio-de-los-reyes-asturianos-en-asturiano\/\" \/>\n<meta property=\"og:site_name\" content=\"Ser Asturianu\" \/>\n<meta property=\"article:publisher\" content=\"https:\/\/www.facebook.com\/serasturianu\" \/>\n<meta property=\"article:published_time\" content=\"2019-09-16T23:21:32+00:00\" \/>\n<meta property=\"article:modified_time\" content=\"2019-09-18T19:09:12+00:00\" \/>\n<meta property=\"og:image\" content=\"https:\/\/i0.wp.com\/serasturianu.com\/wp-content\/uploads\/2019\/09\/PRSantaMaria1.jpg?fit=708%2C449&ssl=1\" \/>\n\t<meta property=\"og:image:width\" content=\"708\" \/>\n\t<meta property=\"og:image:height\" content=\"449\" \/>\n\t<meta property=\"og:image:type\" content=\"image\/jpeg\" \/>\n<meta name=\"author\" content=\"serasturianu\" \/>\n<meta name=\"twitter:card\" content=\"summary_large_image\" \/>\n<meta name=\"twitter:creator\" content=\"@SerAsturianu\" \/>\n<meta name=\"twitter:site\" content=\"@SerAsturianu\" \/>\n<meta name=\"twitter:label1\" content=\"Written by\" \/>\n\t<meta name=\"twitter:data1\" content=\"serasturianu\" \/>\n\t<meta name=\"twitter:label2\" content=\"Est. reading time\" \/>\n\t<meta name=\"twitter:data2\" content=\"1 minute\" \/>\n<script type=\"application\/ld+json\" class=\"yoast-schema-graph\">{\"@context\":\"https:\\\/\\\/schema.org\",\"@graph\":[{\"@type\":\"Article\",\"@id\":\"https:\\\/\\\/serasturianu.com\\\/ast\\\/2019\\\/09\\\/17\\\/un-palacio-de-los-reyes-asturianos-en-asturiano\\\/#article\",\"isPartOf\":{\"@id\":\"https:\\\/\\\/serasturianu.com\\\/ast\\\/2019\\\/09\\\/17\\\/un-palacio-de-los-reyes-asturianos-en-asturiano\\\/\"},\"author\":{\"name\":\"serasturianu\",\"@id\":\"https:\\\/\\\/serasturianu.com\\\/#\\\/schema\\\/person\\\/7d40831736e46924e4c0f05b50eb56e3\"},\"headline\":\"Un palacio de los reyes asturianos, en asturiano\",\"datePublished\":\"2019-09-16T23:21:32+00:00\",\"dateModified\":\"2019-09-18T19:09:12+00:00\",\"mainEntityOfPage\":{\"@id\":\"https:\\\/\\\/serasturianu.com\\\/ast\\\/2019\\\/09\\\/17\\\/un-palacio-de-los-reyes-asturianos-en-asturiano\\\/\"},\"wordCount\":274,\"commentCount\":0,\"publisher\":{\"@id\":\"https:\\\/\\\/serasturianu.com\\\/#organization\"},\"image\":{\"@id\":\"https:\\\/\\\/serasturianu.com\\\/ast\\\/2019\\\/09\\\/17\\\/un-palacio-de-los-reyes-asturianos-en-asturiano\\\/#primaryimage\"},\"thumbnailUrl\":\"https:\\\/\\\/i0.wp.com\\\/serasturianu.com\\\/wp-content\\\/uploads\\\/2019\\\/09\\\/PRSantaMaria1.jpg?fit=708%2C449&ssl=1\",\"keywords\":[\"Asturiano\",\"Asturianu\",\"Asturleon\u00e9s\",\"Bable\",\"Naranco\",\"Oviedo\",\"Prerrom\u00e1nico\",\"Uvi\u00e9u\"],\"inLanguage\":\"ast\",\"potentialAction\":[{\"@type\":\"CommentAction\",\"name\":\"Comment\",\"target\":[\"https:\\\/\\\/serasturianu.com\\\/ast\\\/2019\\\/09\\\/17\\\/un-palacio-de-los-reyes-asturianos-en-asturiano\\\/#respond\"]}]},{\"@type\":\"WebPage\",\"@id\":\"https:\\\/\\\/serasturianu.com\\\/ast\\\/2019\\\/09\\\/17\\\/un-palacio-de-los-reyes-asturianos-en-asturiano\\\/\",\"url\":\"https:\\\/\\\/serasturianu.com\\\/ast\\\/2019\\\/09\\\/17\\\/un-palacio-de-los-reyes-asturianos-en-asturiano\\\/\",\"name\":\"Un palacio de los reyes asturianos, en asturiano - Ser Asturianu\",\"isPartOf\":{\"@id\":\"https:\\\/\\\/serasturianu.com\\\/#website\"},\"primaryImageOfPage\":{\"@id\":\"https:\\\/\\\/serasturianu.com\\\/ast\\\/2019\\\/09\\\/17\\\/un-palacio-de-los-reyes-asturianos-en-asturiano\\\/#primaryimage\"},\"image\":{\"@id\":\"https:\\\/\\\/serasturianu.com\\\/ast\\\/2019\\\/09\\\/17\\\/un-palacio-de-los-reyes-asturianos-en-asturiano\\\/#primaryimage\"},\"thumbnailUrl\":\"https:\\\/\\\/i0.wp.com\\\/serasturianu.com\\\/wp-content\\\/uploads\\\/2019\\\/09\\\/PRSantaMaria1.jpg?fit=708%2C449&ssl=1\",\"datePublished\":\"2019-09-16T23:21:32+00:00\",\"dateModified\":\"2019-09-18T19:09:12+00:00\",\"breadcrumb\":{\"@id\":\"https:\\\/\\\/serasturianu.com\\\/ast\\\/2019\\\/09\\\/17\\\/un-palacio-de-los-reyes-asturianos-en-asturiano\\\/#breadcrumb\"},\"inLanguage\":\"ast\",\"potentialAction\":[{\"@type\":\"ReadAction\",\"target\":[\"https:\\\/\\\/serasturianu.com\\\/ast\\\/2019\\\/09\\\/17\\\/un-palacio-de-los-reyes-asturianos-en-asturiano\\\/\"]}]},{\"@type\":\"ImageObject\",\"inLanguage\":\"ast\",\"@id\":\"https:\\\/\\\/serasturianu.com\\\/ast\\\/2019\\\/09\\\/17\\\/un-palacio-de-los-reyes-asturianos-en-asturiano\\\/#primaryimage\",\"url\":\"https:\\\/\\\/i0.wp.com\\\/serasturianu.com\\\/wp-content\\\/uploads\\\/2019\\\/09\\\/PRSantaMaria1.jpg?fit=708%2C449&ssl=1\",\"contentUrl\":\"https:\\\/\\\/i0.wp.com\\\/serasturianu.com\\\/wp-content\\\/uploads\\\/2019\\\/09\\\/PRSantaMaria1.jpg?fit=708%2C449&ssl=1\",\"width\":708,\"height\":449},{\"@type\":\"BreadcrumbList\",\"@id\":\"https:\\\/\\\/serasturianu.com\\\/ast\\\/2019\\\/09\\\/17\\\/un-palacio-de-los-reyes-asturianos-en-asturiano\\\/#breadcrumb\",\"itemListElement\":[{\"@type\":\"ListItem\",\"position\":1,\"name\":\"Portada\",\"item\":\"https:\\\/\\\/serasturianu.com\\\/ast\\\/\"},{\"@type\":\"ListItem\",\"position\":2,\"name\":\"Un palacio de los reyes asturianos, en asturiano\"}]},{\"@type\":\"WebSite\",\"@id\":\"https:\\\/\\\/serasturianu.com\\\/#website\",\"url\":\"https:\\\/\\\/serasturianu.com\\\/\",\"name\":\"Ser Asturianu\",\"description\":\"Tours aut\u00e9nticos\",\"publisher\":{\"@id\":\"https:\\\/\\\/serasturianu.com\\\/#organization\"},\"potentialAction\":[{\"@type\":\"SearchAction\",\"target\":{\"@type\":\"EntryPoint\",\"urlTemplate\":\"https:\\\/\\\/serasturianu.com\\\/?s={search_term_string}\"},\"query-input\":{\"@type\":\"PropertyValueSpecification\",\"valueRequired\":true,\"valueName\":\"search_term_string\"}}],\"inLanguage\":\"ast\"},{\"@type\":\"Organization\",\"@id\":\"https:\\\/\\\/serasturianu.com\\\/#organization\",\"name\":\"Ser Asturianu\",\"url\":\"https:\\\/\\\/serasturianu.com\\\/\",\"logo\":{\"@type\":\"ImageObject\",\"inLanguage\":\"ast\",\"@id\":\"https:\\\/\\\/serasturianu.com\\\/#\\\/schema\\\/logo\\\/image\\\/\",\"url\":\"https:\\\/\\\/i0.wp.com\\\/serasturianu.com\\\/wp-content\\\/uploads\\\/2022\\\/01\\\/logofondu.png?fit=510%2C510&ssl=1\",\"contentUrl\":\"https:\\\/\\\/i0.wp.com\\\/serasturianu.com\\\/wp-content\\\/uploads\\\/2022\\\/01\\\/logofondu.png?fit=510%2C510&ssl=1\",\"width\":510,\"height\":510,\"caption\":\"Ser Asturianu\"},\"image\":{\"@id\":\"https:\\\/\\\/serasturianu.com\\\/#\\\/schema\\\/logo\\\/image\\\/\"},\"sameAs\":[\"https:\\\/\\\/www.facebook.com\\\/serasturianu\",\"https:\\\/\\\/x.com\\\/SerAsturianu\",\"https:\\\/\\\/www.instagram.com\\\/ser_asturianu\\\/\"]},{\"@type\":\"Person\",\"@id\":\"https:\\\/\\\/serasturianu.com\\\/#\\\/schema\\\/person\\\/7d40831736e46924e4c0f05b50eb56e3\",\"name\":\"serasturianu\",\"image\":{\"@type\":\"ImageObject\",\"inLanguage\":\"ast\",\"@id\":\"https:\\\/\\\/secure.gravatar.com\\\/avatar\\\/e402fe1cb4d6685aeaadf5eca83a377394f2f6e2b29898eb1dd1589b9b7d8614?s=96&d=mm&r=g\",\"url\":\"https:\\\/\\\/secure.gravatar.com\\\/avatar\\\/e402fe1cb4d6685aeaadf5eca83a377394f2f6e2b29898eb1dd1589b9b7d8614?s=96&d=mm&r=g\",\"contentUrl\":\"https:\\\/\\\/secure.gravatar.com\\\/avatar\\\/e402fe1cb4d6685aeaadf5eca83a377394f2f6e2b29898eb1dd1589b9b7d8614?s=96&d=mm&r=g\",\"caption\":\"serasturianu\"},\"url\":\"https:\\\/\\\/serasturianu.com\\\/ast\\\/author\\\/serasturianu\\\/\"}]}<\/script>\n<!-- \/ Yoast SEO plugin. -->","yoast_head_json":{"title":"Un palacio de los reyes asturianos, en asturiano - Ser Asturianu","robots":{"index":"index","follow":"follow","max-snippet":"max-snippet:-1","max-image-preview":"max-image-preview:large","max-video-preview":"max-video-preview:-1"},"canonical":"https:\/\/serasturianu.com\/ast\/2019\/09\/17\/un-palacio-de-los-reyes-asturianos-en-asturiano\/","og_locale":"en_US","og_type":"article","og_title":"Un palacio de los reyes asturianos, en asturiano - Ser Asturianu","og_description":"\u2018Ser Asturianu\u2019 organiza el 28 de septiembre la primera visita guiada en asturleon\u00e9s a los monumentos prerrom\u00e1nicos del Naranco Levantado en el siglo IX en el reinado de Ramiro I, Santa Mar\u00eda de Naranco es el \u00fanico palacio que todav\u00eda &hellip; Read More","og_url":"https:\/\/serasturianu.com\/ast\/2019\/09\/17\/un-palacio-de-los-reyes-asturianos-en-asturiano\/","og_site_name":"Ser Asturianu","article_publisher":"https:\/\/www.facebook.com\/serasturianu","article_published_time":"2019-09-16T23:21:32+00:00","article_modified_time":"2019-09-18T19:09:12+00:00","og_image":[{"width":708,"height":449,"url":"https:\/\/i0.wp.com\/serasturianu.com\/wp-content\/uploads\/2019\/09\/PRSantaMaria1.jpg?fit=708%2C449&ssl=1","type":"image\/jpeg"}],"author":"serasturianu","twitter_card":"summary_large_image","twitter_creator":"@SerAsturianu","twitter_site":"@SerAsturianu","twitter_misc":{"Written by":"serasturianu","Est. reading time":"1 minute"},"schema":{"@context":"https:\/\/schema.org","@graph":[{"@type":"Article","@id":"https:\/\/serasturianu.com\/ast\/2019\/09\/17\/un-palacio-de-los-reyes-asturianos-en-asturiano\/#article","isPartOf":{"@id":"https:\/\/serasturianu.com\/ast\/2019\/09\/17\/un-palacio-de-los-reyes-asturianos-en-asturiano\/"},"author":{"name":"serasturianu","@id":"https:\/\/serasturianu.com\/#\/schema\/person\/7d40831736e46924e4c0f05b50eb56e3"},"headline":"Un palacio de los reyes asturianos, en asturiano","datePublished":"2019-09-16T23:21:32+00:00","dateModified":"2019-09-18T19:09:12+00:00","mainEntityOfPage":{"@id":"https:\/\/serasturianu.com\/ast\/2019\/09\/17\/un-palacio-de-los-reyes-asturianos-en-asturiano\/"},"wordCount":274,"commentCount":0,"publisher":{"@id":"https:\/\/serasturianu.com\/#organization"},"image":{"@id":"https:\/\/serasturianu.com\/ast\/2019\/09\/17\/un-palacio-de-los-reyes-asturianos-en-asturiano\/#primaryimage"},"thumbnailUrl":"https:\/\/i0.wp.com\/serasturianu.com\/wp-content\/uploads\/2019\/09\/PRSantaMaria1.jpg?fit=708%2C449&ssl=1","keywords":["Asturiano","Asturianu","Asturleon\u00e9s","Bable","Naranco","Oviedo","Prerrom\u00e1nico","Uvi\u00e9u"],"inLanguage":"ast","potentialAction":[{"@type":"CommentAction","name":"Comment","target":["https:\/\/serasturianu.com\/ast\/2019\/09\/17\/un-palacio-de-los-reyes-asturianos-en-asturiano\/#respond"]}]},{"@type":"WebPage","@id":"https:\/\/serasturianu.com\/ast\/2019\/09\/17\/un-palacio-de-los-reyes-asturianos-en-asturiano\/","url":"https:\/\/serasturianu.com\/ast\/2019\/09\/17\/un-palacio-de-los-reyes-asturianos-en-asturiano\/","name":"Un palacio de los reyes asturianos, en asturiano - Ser Asturianu","isPartOf":{"@id":"https:\/\/serasturianu.com\/#website"},"primaryImageOfPage":{"@id":"https:\/\/serasturianu.com\/ast\/2019\/09\/17\/un-palacio-de-los-reyes-asturianos-en-asturiano\/#primaryimage"},"image":{"@id":"https:\/\/serasturianu.com\/ast\/2019\/09\/17\/un-palacio-de-los-reyes-asturianos-en-asturiano\/#primaryimage"},"thumbnailUrl":"https:\/\/i0.wp.com\/serasturianu.com\/wp-content\/uploads\/2019\/09\/PRSantaMaria1.jpg?fit=708%2C449&ssl=1","datePublished":"2019-09-16T23:21:32+00:00","dateModified":"2019-09-18T19:09:12+00:00","breadcrumb":{"@id":"https:\/\/serasturianu.com\/ast\/2019\/09\/17\/un-palacio-de-los-reyes-asturianos-en-asturiano\/#breadcrumb"},"inLanguage":"ast","potentialAction":[{"@type":"ReadAction","target":["https:\/\/serasturianu.com\/ast\/2019\/09\/17\/un-palacio-de-los-reyes-asturianos-en-asturiano\/"]}]},{"@type":"ImageObject","inLanguage":"ast","@id":"https:\/\/serasturianu.com\/ast\/2019\/09\/17\/un-palacio-de-los-reyes-asturianos-en-asturiano\/#primaryimage","url":"https:\/\/i0.wp.com\/serasturianu.com\/wp-content\/uploads\/2019\/09\/PRSantaMaria1.jpg?fit=708%2C449&ssl=1","contentUrl":"https:\/\/i0.wp.com\/serasturianu.com\/wp-content\/uploads\/2019\/09\/PRSantaMaria1.jpg?fit=708%2C449&ssl=1","width":708,"height":449},{"@type":"BreadcrumbList","@id":"https:\/\/serasturianu.com\/ast\/2019\/09\/17\/un-palacio-de-los-reyes-asturianos-en-asturiano\/#breadcrumb","itemListElement":[{"@type":"ListItem","position":1,"name":"Portada","item":"https:\/\/serasturianu.com\/ast\/"},{"@type":"ListItem","position":2,"name":"Un palacio de los reyes asturianos, en asturiano"}]},{"@type":"WebSite","@id":"https:\/\/serasturianu.com\/#website","url":"https:\/\/serasturianu.com\/","name":"Ser Asturianu","description":"Tours aut\u00e9nticos","publisher":{"@id":"https:\/\/serasturianu.com\/#organization"},"potentialAction":[{"@type":"SearchAction","target":{"@type":"EntryPoint","urlTemplate":"https:\/\/serasturianu.com\/?s={search_term_string}"},"query-input":{"@type":"PropertyValueSpecification","valueRequired":true,"valueName":"search_term_string"}}],"inLanguage":"ast"},{"@type":"Organization","@id":"https:\/\/serasturianu.com\/#organization","name":"Ser Asturianu","url":"https:\/\/serasturianu.com\/","logo":{"@type":"ImageObject","inLanguage":"ast","@id":"https:\/\/serasturianu.com\/#\/schema\/logo\/image\/","url":"https:\/\/i0.wp.com\/serasturianu.com\/wp-content\/uploads\/2022\/01\/logofondu.png?fit=510%2C510&ssl=1","contentUrl":"https:\/\/i0.wp.com\/serasturianu.com\/wp-content\/uploads\/2022\/01\/logofondu.png?fit=510%2C510&ssl=1","width":510,"height":510,"caption":"Ser Asturianu"},"image":{"@id":"https:\/\/serasturianu.com\/#\/schema\/logo\/image\/"},"sameAs":["https:\/\/www.facebook.com\/serasturianu","https:\/\/x.com\/SerAsturianu","https:\/\/www.instagram.com\/ser_asturianu\/"]},{"@type":"Person","@id":"https:\/\/serasturianu.com\/#\/schema\/person\/7d40831736e46924e4c0f05b50eb56e3","name":"serasturianu","image":{"@type":"ImageObject","inLanguage":"ast","@id":"https:\/\/secure.gravatar.com\/avatar\/e402fe1cb4d6685aeaadf5eca83a377394f2f6e2b29898eb1dd1589b9b7d8614?s=96&d=mm&r=g","url":"https:\/\/secure.gravatar.com\/avatar\/e402fe1cb4d6685aeaadf5eca83a377394f2f6e2b29898eb1dd1589b9b7d8614?s=96&d=mm&r=g","contentUrl":"https:\/\/secure.gravatar.com\/avatar\/e402fe1cb4d6685aeaadf5eca83a377394f2f6e2b29898eb1dd1589b9b7d8614?s=96&d=mm&r=g","caption":"serasturianu"},"url":"https:\/\/serasturianu.com\/ast\/author\/serasturianu\/"}]}},"jetpack_featured_media_url":"https:\/\/i0.wp.com\/serasturianu.com\/wp-content\/uploads\/2019\/09\/PRSantaMaria1.jpg?fit=708%2C449&ssl=1","jetpack_sharing_enabled":true,"_links":{"self":[{"href":"https:\/\/serasturianu.com\/ast\/wp-json\/wp\/v2\/posts\/2172","targetHints":{"allow":["GET"]}}],"collection":[{"href":"https:\/\/serasturianu.com\/ast\/wp-json\/wp\/v2\/posts"}],"about":[{"href":"https:\/\/serasturianu.com\/ast\/wp-json\/wp\/v2\/types\/post"}],"author":[{"embeddable":true,"href":"https:\/\/serasturianu.com\/ast\/wp-json\/wp\/v2\/users\/1"}],"replies":[{"embeddable":true,"href":"https:\/\/serasturianu.com\/ast\/wp-json\/wp\/v2\/comments?post=2172"}],"version-history":[{"count":9,"href":"https:\/\/serasturianu.com\/ast\/wp-json\/wp\/v2\/posts\/2172\/revisions"}],"predecessor-version":[{"id":2190,"href":"https:\/\/serasturianu.com\/ast\/wp-json\/wp\/v2\/posts\/2172\/revisions\/2190"}],"wp:featuredmedia":[{"embeddable":true,"href":"https:\/\/serasturianu.com\/ast\/wp-json\/wp\/v2\/media\/2176"}],"wp:attachment":[{"href":"https:\/\/serasturianu.com\/ast\/wp-json\/wp\/v2\/media?parent=2172"}],"wp:term":[{"taxonomy":"category","embeddable":true,"href":"https:\/\/serasturianu.com\/ast\/wp-json\/wp\/v2\/categories?post=2172"},{"taxonomy":"post_tag","embeddable":true,"href":"https:\/\/serasturianu.com\/ast\/wp-json\/wp\/v2\/tags?post=2172"}],"curies":[{"name":"wp","href":"https:\/\/api.w.org\/{rel}","templated":true}]}}