{"id":2161,"date":"2019-09-05T14:59:25","date_gmt":"2019-09-05T12:59:25","guid":{"rendered":"https:\/\/serasturianu.com\/?p=2161"},"modified":"2019-09-11T17:08:26","modified_gmt":"2019-09-11T15:08:26","slug":"visitas-en-asturiano-a-la-catedral-y-al-prerromanico","status":"publish","type":"post","link":"https:\/\/serasturianu.com\/ast\/2019\/09\/05\/visitas-en-asturiano-a-la-catedral-y-al-prerromanico\/","title":{"rendered":"Visitas en asturiano a la Catedral y al prerrom\u00e1nico"},"content":{"rendered":"<p style=\"text-align: justify;\"><strong><span style=\"font-size: 18pt;\">\u2018Ser Asturianu\u2019 propone un par de visitas en asturleon\u00e9s en Oviedo\/Uvi\u00e9u para conocer la Catedral y el prerrom\u00e1nico del Naranco.<\/span><br \/>\n<\/strong><\/p>\n<h4><\/h4>\n<p>\u00a0<\/p>\n<h4><strong><span style=\"font-size: 18pt;\">La Catedral de Oviedo\/Uvi\u00e9u en la literatura asturiana<\/span><\/strong><\/h4>\n<p style=\"text-align: justify;\"><strong>Las visitas,<\/strong> previstas para el <strong>s\u00e1bado 14<\/strong> a las<strong> 10:00h y a las 16:00h,<\/strong> recorrer\u00e1 a lo largo de poco m\u00e1s de una hora los distintos espacios del interior de la catedral de Ovied\/Uvi\u00e9u, como son la <em>C\u00e1mara Santa<\/em>, el <em>Claustro<\/em>, o el <em>Deambulatoriu<\/em>, de la mano de casi una decena de autores de distintas \u00e9pocas, desde el Barroco hasta la d\u00e9cada de 1970.<\/p>\n<p style=\"text-align: justify;\">Constantino Cabal, Ant\u00f3n de Marirreguera, \u00c1ngeles L\u00f3pez Cuesta o Xuan Mar\u00eda Acebal son slagunos de los escritores escogidos para, desde sus obras, asomranos a la historia del templo g\u00f3tico y de sus reliquias. Las visitas estar\u00e1n dirgidas por <strong>Denis Soria<\/strong>, gu\u00eda oficial de Asturias y gu\u00eda habilitado de la catedral.<\/p>\n<h4><img data-recalc-dims=\"1\" fetchpriority=\"high\" decoding=\"async\" class=\"aligncenter wp-image-2170 size-full\" src=\"https:\/\/i0.wp.com\/serasturianu.com\/wp-content\/uploads\/2019\/09\/cartelu-cuadrau-1.png?resize=800%2C800&ssl=1\" alt=\"\" width=\"800\" height=\"800\" \/><\/h4>\n<h4><\/h4>\n<h4>Fechas y horarios<\/h4>\n<p>\u2013 S\u00e1bado 14 de septiembre, 10:00h y 16:00h<\/p>\n<h4><\/h4>\n<h4>Puntu d'alcuentru<\/h4>\n<p><strong>Fuente de Ia plaza de la catedral<\/strong> (plaza de Alfonso II).<\/p>\n<h4><\/h4>\n<h4>Tarifas y reservas<\/h4>\n<p>\u2013 Adultos (mayores de 12 a\u00f1os): <strong>10\u20ac<\/strong> <em>*incluye precio de entrada a la catedral (7\u20ac).<br \/>\n<\/em><\/p>\n<p>\u2013 Con bono-tarjeta de entrada 12 meses a la catedral: <strong>5\u20ac<\/strong><em> *deber\u00e1 presentarse en ventanilla<\/em><\/p>\n<p>\u2013 Ni\u00f1os (menores de 12 a\u00f1os): <strong>gratis<\/strong><\/p>\n<p>Para apuntarse es imprescindible reservar con antelaci\u00f3n en el correo electr\u00f3nico <a href=\"https:\/\/serasturianu.com\/ast\/entamu\/#correu\"><strong>infoserasturianu@gmail.com<\/strong><\/a><\/p>\n<p><a href=\"\/ast\/serasturianu.com\/ast\/entamu\/#correu\"><img data-recalc-dims=\"1\" decoding=\"async\" class=\"aligncenter wp-image-1529\" src=\"https:\/\/i0.wp.com\/serasturianu.com\/wp-content\/uploads\/2019\/03\/ASTQ-1.png?resize=190%2C47&ssl=1\" alt=\"\" width=\"190\" height=\"47\" srcset=\"https:\/\/i0.wp.com\/serasturianu.com\/wp-content\/uploads\/2019\/03\/ASTQ-1.png?resize=300%2C74&ssl=1 300w, https:\/\/i0.wp.com\/serasturianu.com\/wp-content\/uploads\/2019\/03\/ASTQ-1.png?w=504&ssl=1 504w\" sizes=\"(max-width: 190px) 100vw, 190px\" \/><\/a><\/p>\n<h4><\/h4>\n<p>\u00a0<\/p>\n<h4><strong><span style=\"font-size: 18pt;\">Prerrom\u00e1nico del Naranco<\/span><br \/>\n<\/strong><\/h4>\n<p style=\"text-align: justify;\">Levantado en el siglo IX en el reinado de Ramiro I, <b>Santa Mar\u00eda de Naranco<\/b> es el \u00fanico palacio que todav\u00eda se mantiene de un monarca asturiano, a escasos 10 min del centro de Oviedo\/Uvi\u00e9u. En esta visita haremos un viaje de m\u00e1s de mil a\u00f1os a un peque\u00f1o reinuoque resist\u00eda contra el Islam desde sus montes tapados por la niebla, al tiempo que iba recibiendo ideas y estilos art\u00edsticos europeos. Bajo la corona de sus reyes \u00e9stos se fusionar\u00e1n con lo aut\u00f3ctono dando lugar al arte prerrom\u00e1nico asturiano, \u00fanico en el mundo.<\/p>\n<p style=\"text-align: justify;\">A lo largo de nuestra visita nos acercaremos tambi\u00e9n al templo privado de Ramiro I, <b>Samiguel de Lli\u00f1o<\/b>, una iglesia enigm\u00e1tica asituada en el claro de un bosque y repleta de hermosas celos\u00edas, donde la restauraci\u00f3n actual est\u00e1 sacando a la luz pintures milenaries con interesantes motivos.<\/p>\n<p style=\"text-align: justify;\">Ambos monumentos ramirenses est\u00e1n declarados <strong>Patrimonio Mundial de la Humanidad por la UNESCO<\/strong> desde 1985.<\/p>\n<p>Las visitas estar\u00e1n dirigidas por <strong>Denis Soria<\/strong>, gu\u00eda oficial de Asturias y gu\u00eda habilitado de la catedral.<\/p>\n<p><img data-recalc-dims=\"1\" decoding=\"async\" class=\"aligncenter wp-image-2145 size-full\" src=\"https:\/\/i0.wp.com\/serasturianu.com\/wp-content\/uploads\/2019\/09\/s.jpg?resize=1000%2C667&ssl=1\" alt=\"\" width=\"1000\" height=\"667\" srcset=\"https:\/\/i0.wp.com\/serasturianu.com\/wp-content\/uploads\/2019\/09\/s.jpg?w=1000&ssl=1 1000w, https:\/\/i0.wp.com\/serasturianu.com\/wp-content\/uploads\/2019\/09\/s.jpg?resize=300%2C200&ssl=1 300w, https:\/\/i0.wp.com\/serasturianu.com\/wp-content\/uploads\/2019\/09\/s.jpg?resize=768%2C512&ssl=1 768w, https:\/\/i0.wp.com\/serasturianu.com\/wp-content\/uploads\/2019\/09\/s.jpg?resize=600%2C400&ssl=1 600w\" sizes=\"(max-width: 1000px) 100vw, 1000px\" \/><\/p>\n<h4>Fechas y horarios<\/h4>\n<p>\u2013 S\u00e1bado 28 de septiembre, 11:00h<\/p>\n<h4><\/h4>\n<h4>Puntu d'alcuentru<\/h4>\n<p><strong>Centro de Interpretaci\u00f3n del Prerrom\u00e1nico <\/strong>(Antiguas Escuelas<span class=\"LrzXr\"> de Naranco, 33012).<\/span><\/p>\n<h4><\/h4>\n<h4>Tarifas y reservas<\/h4>\n<p>\u2013 <strong>8\u20ac<\/strong> <em>*incluye precio de entrada a Santa Mar\u00eda (3\u20ac).<br \/>\n<\/em><\/p>\n<p>Para apuntarse es imprescindible reservar con antelaci\u00f3n en el correo electr\u00f3nico <a href=\"https:\/\/serasturianu.com\/ast\/entamu\/#correu\"><strong>infoserasturianu@gmail.com<\/strong><\/a><\/p>\n<p><a href=\"\/ast\/serasturianu.com\/ast\/entamu\/#correu\"><img data-recalc-dims=\"1\" decoding=\"async\" class=\"aligncenter wp-image-1529\" src=\"https:\/\/i0.wp.com\/serasturianu.com\/wp-content\/uploads\/2019\/03\/ASTQ-1.png?resize=190%2C47&ssl=1\" alt=\"\" width=\"190\" height=\"47\" srcset=\"https:\/\/i0.wp.com\/serasturianu.com\/wp-content\/uploads\/2019\/03\/ASTQ-1.png?resize=300%2C74&ssl=1 300w, https:\/\/i0.wp.com\/serasturianu.com\/wp-content\/uploads\/2019\/03\/ASTQ-1.png?w=504&ssl=1 504w\" sizes=\"(max-width: 190px) 100vw, 190px\" \/><\/a><\/p>","protected":false},"excerpt":{"rendered":"<p>\u2018Ser Asturianu\u2019 propone un par de visitas en asturleon\u00e9s en Oviedo\/Uvi\u00e9u para conocer la Catedral y el prerrom\u00e1nico del Naranco. \u00a0 La Catedral de Oviedo\/Uvi\u00e9u en la literatura asturiana Las visitas, previstas para el s\u00e1bado 14 a las 10:00h y &hellip; <a href=\"https:\/\/serasturianu.com\/ast\/2019\/09\/05\/visitas-en-asturiano-a-la-catedral-y-al-prerromanico\/\">Read More<\/a><\/p>","protected":false},"author":1,"featured_media":2145,"comment_status":"open","ping_status":"open","sticky":false,"template":"","format":"standard","meta":{"_monsterinsights_skip_tracking":false,"_monsterinsights_sitenote_active":false,"_monsterinsights_sitenote_note":"","_monsterinsights_sitenote_category":0,"_jetpack_memberships_contains_paid_content":false,"footnotes":""},"categories":[52,40,60,1],"tags":[392,325,394,390,388],"class_list":["post-2161","post","type-post","status-publish","format-standard","has-post-thumbnail","hentry","category-agenda","category-blog-es","category-noticias","category-uncategorized","tag-asturiano-es","tag-asturianu-es","tag-asturleones-es","tag-asturlliones","tag-prerromanico"],"yoast_head":"<!-- This site is optimized with the Yoast SEO plugin v27.5 - https:\/\/yoast.com\/product\/yoast-seo-wordpress\/ -->\n<title>Visitas en asturiano a la Catedral y al prerrom\u00e1nico - Ser Asturianu<\/title>\n<meta name=\"robots\" content=\"index, follow, max-snippet:-1, max-image-preview:large, max-video-preview:-1\" \/>\n<link rel=\"canonical\" href=\"https:\/\/serasturianu.com\/ast\/2019\/09\/05\/visitas-en-asturiano-a-la-catedral-y-al-prerromanico\/\" \/>\n<meta property=\"og:locale\" content=\"en_US\" \/>\n<meta property=\"og:type\" content=\"article\" \/>\n<meta property=\"og:title\" content=\"Visitas en asturiano a la Catedral y al prerrom\u00e1nico - Ser Asturianu\" \/>\n<meta property=\"og:description\" content=\"\u2018Ser Asturianu\u2019 propone un par de visitas en asturleon\u00e9s en Oviedo\/Uvi\u00e9u para conocer la Catedral y el prerrom\u00e1nico del Naranco. \u00a0 La Catedral de Oviedo\/Uvi\u00e9u en la literatura asturiana Las visitas, previstas para el s\u00e1bado 14 a las 10:00h y &hellip; Read More\" \/>\n<meta property=\"og:url\" content=\"https:\/\/serasturianu.com\/ast\/2019\/09\/05\/visitas-en-asturiano-a-la-catedral-y-al-prerromanico\/\" \/>\n<meta property=\"og:site_name\" content=\"Ser Asturianu\" \/>\n<meta property=\"article:publisher\" content=\"https:\/\/www.facebook.com\/serasturianu\" \/>\n<meta property=\"article:published_time\" content=\"2019-09-05T12:59:25+00:00\" \/>\n<meta property=\"article:modified_time\" content=\"2019-09-11T15:08:26+00:00\" \/>\n<meta property=\"og:image\" content=\"https:\/\/i0.wp.com\/serasturianu.com\/wp-content\/uploads\/2019\/09\/s.jpg?fit=1000%2C667&ssl=1\" \/>\n\t<meta property=\"og:image:width\" content=\"1000\" \/>\n\t<meta property=\"og:image:height\" content=\"667\" \/>\n\t<meta property=\"og:image:type\" content=\"image\/jpeg\" \/>\n<meta name=\"author\" content=\"serasturianu\" \/>\n<meta name=\"twitter:card\" content=\"summary_large_image\" \/>\n<meta name=\"twitter:creator\" content=\"@SerAsturianu\" \/>\n<meta name=\"twitter:site\" content=\"@SerAsturianu\" \/>\n<meta name=\"twitter:label1\" content=\"Written by\" \/>\n\t<meta name=\"twitter:data1\" content=\"serasturianu\" \/>\n\t<meta name=\"twitter:label2\" content=\"Est. reading time\" \/>\n\t<meta name=\"twitter:data2\" content=\"2 minutes\" \/>\n<script type=\"application\/ld+json\" class=\"yoast-schema-graph\">{\"@context\":\"https:\\\/\\\/schema.org\",\"@graph\":[{\"@type\":\"Article\",\"@id\":\"https:\\\/\\\/serasturianu.com\\\/ast\\\/2019\\\/09\\\/05\\\/visitas-en-asturiano-a-la-catedral-y-al-prerromanico\\\/#article\",\"isPartOf\":{\"@id\":\"https:\\\/\\\/serasturianu.com\\\/ast\\\/2019\\\/09\\\/05\\\/visitas-en-asturiano-a-la-catedral-y-al-prerromanico\\\/\"},\"author\":{\"name\":\"serasturianu\",\"@id\":\"https:\\\/\\\/serasturianu.com\\\/ast\\\/#\\\/schema\\\/person\\\/7d40831736e46924e4c0f05b50eb56e3\"},\"headline\":\"Visitas en asturiano a la Catedral y al prerrom\u00e1nico\",\"datePublished\":\"2019-09-05T12:59:25+00:00\",\"dateModified\":\"2019-09-11T15:08:26+00:00\",\"mainEntityOfPage\":{\"@id\":\"https:\\\/\\\/serasturianu.com\\\/ast\\\/2019\\\/09\\\/05\\\/visitas-en-asturiano-a-la-catedral-y-al-prerromanico\\\/\"},\"wordCount\":489,\"commentCount\":0,\"publisher\":{\"@id\":\"https:\\\/\\\/serasturianu.com\\\/ast\\\/#organization\"},\"image\":{\"@id\":\"https:\\\/\\\/serasturianu.com\\\/ast\\\/2019\\\/09\\\/05\\\/visitas-en-asturiano-a-la-catedral-y-al-prerromanico\\\/#primaryimage\"},\"thumbnailUrl\":\"https:\\\/\\\/i0.wp.com\\\/serasturianu.com\\\/wp-content\\\/uploads\\\/2019\\\/09\\\/s.jpg?fit=1000%2C667&ssl=1\",\"keywords\":[\"Asturiano\",\"Asturianu\",\"Asturleon\u00e9s\",\"Asturllion\u00e9s\",\"Prerrom\u00e1nico\"],\"articleSection\":[\"Agenda\",\"Blog\",\"Noticias\"],\"inLanguage\":\"ast\",\"potentialAction\":[{\"@type\":\"CommentAction\",\"name\":\"Comment\",\"target\":[\"https:\\\/\\\/serasturianu.com\\\/ast\\\/2019\\\/09\\\/05\\\/visitas-en-asturiano-a-la-catedral-y-al-prerromanico\\\/#respond\"]}]},{\"@type\":\"WebPage\",\"@id\":\"https:\\\/\\\/serasturianu.com\\\/ast\\\/2019\\\/09\\\/05\\\/visitas-en-asturiano-a-la-catedral-y-al-prerromanico\\\/\",\"url\":\"https:\\\/\\\/serasturianu.com\\\/ast\\\/2019\\\/09\\\/05\\\/visitas-en-asturiano-a-la-catedral-y-al-prerromanico\\\/\",\"name\":\"Visitas en asturiano a la Catedral y al prerrom\u00e1nico - Ser Asturianu\",\"isPartOf\":{\"@id\":\"https:\\\/\\\/serasturianu.com\\\/ast\\\/#website\"},\"primaryImageOfPage\":{\"@id\":\"https:\\\/\\\/serasturianu.com\\\/ast\\\/2019\\\/09\\\/05\\\/visitas-en-asturiano-a-la-catedral-y-al-prerromanico\\\/#primaryimage\"},\"image\":{\"@id\":\"https:\\\/\\\/serasturianu.com\\\/ast\\\/2019\\\/09\\\/05\\\/visitas-en-asturiano-a-la-catedral-y-al-prerromanico\\\/#primaryimage\"},\"thumbnailUrl\":\"https:\\\/\\\/i0.wp.com\\\/serasturianu.com\\\/wp-content\\\/uploads\\\/2019\\\/09\\\/s.jpg?fit=1000%2C667&ssl=1\",\"datePublished\":\"2019-09-05T12:59:25+00:00\",\"dateModified\":\"2019-09-11T15:08:26+00:00\",\"breadcrumb\":{\"@id\":\"https:\\\/\\\/serasturianu.com\\\/ast\\\/2019\\\/09\\\/05\\\/visitas-en-asturiano-a-la-catedral-y-al-prerromanico\\\/#breadcrumb\"},\"inLanguage\":\"ast\",\"potentialAction\":[{\"@type\":\"ReadAction\",\"target\":[\"https:\\\/\\\/serasturianu.com\\\/ast\\\/2019\\\/09\\\/05\\\/visitas-en-asturiano-a-la-catedral-y-al-prerromanico\\\/\"]}]},{\"@type\":\"ImageObject\",\"inLanguage\":\"ast\",\"@id\":\"https:\\\/\\\/serasturianu.com\\\/ast\\\/2019\\\/09\\\/05\\\/visitas-en-asturiano-a-la-catedral-y-al-prerromanico\\\/#primaryimage\",\"url\":\"https:\\\/\\\/i0.wp.com\\\/serasturianu.com\\\/wp-content\\\/uploads\\\/2019\\\/09\\\/s.jpg?fit=1000%2C667&ssl=1\",\"contentUrl\":\"https:\\\/\\\/i0.wp.com\\\/serasturianu.com\\\/wp-content\\\/uploads\\\/2019\\\/09\\\/s.jpg?fit=1000%2C667&ssl=1\",\"width\":1000,\"height\":667},{\"@type\":\"BreadcrumbList\",\"@id\":\"https:\\\/\\\/serasturianu.com\\\/ast\\\/2019\\\/09\\\/05\\\/visitas-en-asturiano-a-la-catedral-y-al-prerromanico\\\/#breadcrumb\",\"itemListElement\":[{\"@type\":\"ListItem\",\"position\":1,\"name\":\"Portada\",\"item\":\"https:\\\/\\\/serasturianu.com\\\/ast\\\/\"},{\"@type\":\"ListItem\",\"position\":2,\"name\":\"Visitas en asturiano a la Catedral y al prerrom\u00e1nico\"}]},{\"@type\":\"WebSite\",\"@id\":\"https:\\\/\\\/serasturianu.com\\\/ast\\\/#website\",\"url\":\"https:\\\/\\\/serasturianu.com\\\/ast\\\/\",\"name\":\"Ser Asturianu\",\"description\":\"Tours aut\u00e9nticos\",\"publisher\":{\"@id\":\"https:\\\/\\\/serasturianu.com\\\/ast\\\/#organization\"},\"potentialAction\":[{\"@type\":\"SearchAction\",\"target\":{\"@type\":\"EntryPoint\",\"urlTemplate\":\"https:\\\/\\\/serasturianu.com\\\/ast\\\/?s={search_term_string}\"},\"query-input\":{\"@type\":\"PropertyValueSpecification\",\"valueRequired\":true,\"valueName\":\"search_term_string\"}}],\"inLanguage\":\"ast\"},{\"@type\":\"Organization\",\"@id\":\"https:\\\/\\\/serasturianu.com\\\/ast\\\/#organization\",\"name\":\"Ser Asturianu\",\"url\":\"https:\\\/\\\/serasturianu.com\\\/ast\\\/\",\"logo\":{\"@type\":\"ImageObject\",\"inLanguage\":\"ast\",\"@id\":\"https:\\\/\\\/serasturianu.com\\\/ast\\\/#\\\/schema\\\/logo\\\/image\\\/\",\"url\":\"https:\\\/\\\/i0.wp.com\\\/serasturianu.com\\\/wp-content\\\/uploads\\\/2022\\\/01\\\/logofondu.png?fit=510%2C510&ssl=1\",\"contentUrl\":\"https:\\\/\\\/i0.wp.com\\\/serasturianu.com\\\/wp-content\\\/uploads\\\/2022\\\/01\\\/logofondu.png?fit=510%2C510&ssl=1\",\"width\":510,\"height\":510,\"caption\":\"Ser Asturianu\"},\"image\":{\"@id\":\"https:\\\/\\\/serasturianu.com\\\/ast\\\/#\\\/schema\\\/logo\\\/image\\\/\"},\"sameAs\":[\"https:\\\/\\\/www.facebook.com\\\/serasturianu\",\"https:\\\/\\\/x.com\\\/SerAsturianu\",\"https:\\\/\\\/www.instagram.com\\\/ser_asturianu\\\/\"]},{\"@type\":\"Person\",\"@id\":\"https:\\\/\\\/serasturianu.com\\\/ast\\\/#\\\/schema\\\/person\\\/7d40831736e46924e4c0f05b50eb56e3\",\"name\":\"serasturianu\",\"image\":{\"@type\":\"ImageObject\",\"inLanguage\":\"ast\",\"@id\":\"https:\\\/\\\/secure.gravatar.com\\\/avatar\\\/e402fe1cb4d6685aeaadf5eca83a377394f2f6e2b29898eb1dd1589b9b7d8614?s=96&d=mm&r=g\",\"url\":\"https:\\\/\\\/secure.gravatar.com\\\/avatar\\\/e402fe1cb4d6685aeaadf5eca83a377394f2f6e2b29898eb1dd1589b9b7d8614?s=96&d=mm&r=g\",\"contentUrl\":\"https:\\\/\\\/secure.gravatar.com\\\/avatar\\\/e402fe1cb4d6685aeaadf5eca83a377394f2f6e2b29898eb1dd1589b9b7d8614?s=96&d=mm&r=g\",\"caption\":\"serasturianu\"},\"url\":\"https:\\\/\\\/serasturianu.com\\\/ast\\\/author\\\/serasturianu\\\/\"}]}<\/script>\n<!-- \/ Yoast SEO plugin. -->","yoast_head_json":{"title":"Visitas en asturiano a la Catedral y al prerrom\u00e1nico - Ser Asturianu","robots":{"index":"index","follow":"follow","max-snippet":"max-snippet:-1","max-image-preview":"max-image-preview:large","max-video-preview":"max-video-preview:-1"},"canonical":"https:\/\/serasturianu.com\/ast\/2019\/09\/05\/visitas-en-asturiano-a-la-catedral-y-al-prerromanico\/","og_locale":"en_US","og_type":"article","og_title":"Visitas en asturiano a la Catedral y al prerrom\u00e1nico - Ser Asturianu","og_description":"\u2018Ser Asturianu\u2019 propone un par de visitas en asturleon\u00e9s en Oviedo\/Uvi\u00e9u para conocer la Catedral y el prerrom\u00e1nico del Naranco. \u00a0 La Catedral de Oviedo\/Uvi\u00e9u en la literatura asturiana Las visitas, previstas para el s\u00e1bado 14 a las 10:00h y &hellip; Read More","og_url":"https:\/\/serasturianu.com\/ast\/2019\/09\/05\/visitas-en-asturiano-a-la-catedral-y-al-prerromanico\/","og_site_name":"Ser Asturianu","article_publisher":"https:\/\/www.facebook.com\/serasturianu","article_published_time":"2019-09-05T12:59:25+00:00","article_modified_time":"2019-09-11T15:08:26+00:00","og_image":[{"width":1000,"height":667,"url":"https:\/\/i0.wp.com\/serasturianu.com\/wp-content\/uploads\/2019\/09\/s.jpg?fit=1000%2C667&ssl=1","type":"image\/jpeg"}],"author":"serasturianu","twitter_card":"summary_large_image","twitter_creator":"@SerAsturianu","twitter_site":"@SerAsturianu","twitter_misc":{"Written by":"serasturianu","Est. reading time":"2 minutes"},"schema":{"@context":"https:\/\/schema.org","@graph":[{"@type":"Article","@id":"https:\/\/serasturianu.com\/ast\/2019\/09\/05\/visitas-en-asturiano-a-la-catedral-y-al-prerromanico\/#article","isPartOf":{"@id":"https:\/\/serasturianu.com\/ast\/2019\/09\/05\/visitas-en-asturiano-a-la-catedral-y-al-prerromanico\/"},"author":{"name":"serasturianu","@id":"https:\/\/serasturianu.com\/ast\/#\/schema\/person\/7d40831736e46924e4c0f05b50eb56e3"},"headline":"Visitas en asturiano a la Catedral y al prerrom\u00e1nico","datePublished":"2019-09-05T12:59:25+00:00","dateModified":"2019-09-11T15:08:26+00:00","mainEntityOfPage":{"@id":"https:\/\/serasturianu.com\/ast\/2019\/09\/05\/visitas-en-asturiano-a-la-catedral-y-al-prerromanico\/"},"wordCount":489,"commentCount":0,"publisher":{"@id":"https:\/\/serasturianu.com\/ast\/#organization"},"image":{"@id":"https:\/\/serasturianu.com\/ast\/2019\/09\/05\/visitas-en-asturiano-a-la-catedral-y-al-prerromanico\/#primaryimage"},"thumbnailUrl":"https:\/\/i0.wp.com\/serasturianu.com\/wp-content\/uploads\/2019\/09\/s.jpg?fit=1000%2C667&ssl=1","keywords":["Asturiano","Asturianu","Asturleon\u00e9s","Asturllion\u00e9s","Prerrom\u00e1nico"],"articleSection":["Agenda","Blog","Noticias"],"inLanguage":"ast","potentialAction":[{"@type":"CommentAction","name":"Comment","target":["https:\/\/serasturianu.com\/ast\/2019\/09\/05\/visitas-en-asturiano-a-la-catedral-y-al-prerromanico\/#respond"]}]},{"@type":"WebPage","@id":"https:\/\/serasturianu.com\/ast\/2019\/09\/05\/visitas-en-asturiano-a-la-catedral-y-al-prerromanico\/","url":"https:\/\/serasturianu.com\/ast\/2019\/09\/05\/visitas-en-asturiano-a-la-catedral-y-al-prerromanico\/","name":"Visitas en asturiano a la Catedral y al prerrom\u00e1nico - Ser Asturianu","isPartOf":{"@id":"https:\/\/serasturianu.com\/ast\/#website"},"primaryImageOfPage":{"@id":"https:\/\/serasturianu.com\/ast\/2019\/09\/05\/visitas-en-asturiano-a-la-catedral-y-al-prerromanico\/#primaryimage"},"image":{"@id":"https:\/\/serasturianu.com\/ast\/2019\/09\/05\/visitas-en-asturiano-a-la-catedral-y-al-prerromanico\/#primaryimage"},"thumbnailUrl":"https:\/\/i0.wp.com\/serasturianu.com\/wp-content\/uploads\/2019\/09\/s.jpg?fit=1000%2C667&ssl=1","datePublished":"2019-09-05T12:59:25+00:00","dateModified":"2019-09-11T15:08:26+00:00","breadcrumb":{"@id":"https:\/\/serasturianu.com\/ast\/2019\/09\/05\/visitas-en-asturiano-a-la-catedral-y-al-prerromanico\/#breadcrumb"},"inLanguage":"ast","potentialAction":[{"@type":"ReadAction","target":["https:\/\/serasturianu.com\/ast\/2019\/09\/05\/visitas-en-asturiano-a-la-catedral-y-al-prerromanico\/"]}]},{"@type":"ImageObject","inLanguage":"ast","@id":"https:\/\/serasturianu.com\/ast\/2019\/09\/05\/visitas-en-asturiano-a-la-catedral-y-al-prerromanico\/#primaryimage","url":"https:\/\/i0.wp.com\/serasturianu.com\/wp-content\/uploads\/2019\/09\/s.jpg?fit=1000%2C667&ssl=1","contentUrl":"https:\/\/i0.wp.com\/serasturianu.com\/wp-content\/uploads\/2019\/09\/s.jpg?fit=1000%2C667&ssl=1","width":1000,"height":667},{"@type":"BreadcrumbList","@id":"https:\/\/serasturianu.com\/ast\/2019\/09\/05\/visitas-en-asturiano-a-la-catedral-y-al-prerromanico\/#breadcrumb","itemListElement":[{"@type":"ListItem","position":1,"name":"Portada","item":"https:\/\/serasturianu.com\/ast\/"},{"@type":"ListItem","position":2,"name":"Visitas en asturiano a la Catedral y al prerrom\u00e1nico"}]},{"@type":"WebSite","@id":"https:\/\/serasturianu.com\/ast\/#website","url":"https:\/\/serasturianu.com\/ast\/","name":"Ser Asturianu","description":"Tours aut\u00e9nticos","publisher":{"@id":"https:\/\/serasturianu.com\/ast\/#organization"},"potentialAction":[{"@type":"SearchAction","target":{"@type":"EntryPoint","urlTemplate":"https:\/\/serasturianu.com\/ast\/?s={search_term_string}"},"query-input":{"@type":"PropertyValueSpecification","valueRequired":true,"valueName":"search_term_string"}}],"inLanguage":"ast"},{"@type":"Organization","@id":"https:\/\/serasturianu.com\/ast\/#organization","name":"Ser Asturianu","url":"https:\/\/serasturianu.com\/ast\/","logo":{"@type":"ImageObject","inLanguage":"ast","@id":"https:\/\/serasturianu.com\/ast\/#\/schema\/logo\/image\/","url":"https:\/\/i0.wp.com\/serasturianu.com\/wp-content\/uploads\/2022\/01\/logofondu.png?fit=510%2C510&ssl=1","contentUrl":"https:\/\/i0.wp.com\/serasturianu.com\/wp-content\/uploads\/2022\/01\/logofondu.png?fit=510%2C510&ssl=1","width":510,"height":510,"caption":"Ser Asturianu"},"image":{"@id":"https:\/\/serasturianu.com\/ast\/#\/schema\/logo\/image\/"},"sameAs":["https:\/\/www.facebook.com\/serasturianu","https:\/\/x.com\/SerAsturianu","https:\/\/www.instagram.com\/ser_asturianu\/"]},{"@type":"Person","@id":"https:\/\/serasturianu.com\/ast\/#\/schema\/person\/7d40831736e46924e4c0f05b50eb56e3","name":"serasturianu","image":{"@type":"ImageObject","inLanguage":"ast","@id":"https:\/\/secure.gravatar.com\/avatar\/e402fe1cb4d6685aeaadf5eca83a377394f2f6e2b29898eb1dd1589b9b7d8614?s=96&d=mm&r=g","url":"https:\/\/secure.gravatar.com\/avatar\/e402fe1cb4d6685aeaadf5eca83a377394f2f6e2b29898eb1dd1589b9b7d8614?s=96&d=mm&r=g","contentUrl":"https:\/\/secure.gravatar.com\/avatar\/e402fe1cb4d6685aeaadf5eca83a377394f2f6e2b29898eb1dd1589b9b7d8614?s=96&d=mm&r=g","caption":"serasturianu"},"url":"https:\/\/serasturianu.com\/ast\/author\/serasturianu\/"}]}},"jetpack_featured_media_url":"https:\/\/i0.wp.com\/serasturianu.com\/wp-content\/uploads\/2019\/09\/s.jpg?fit=1000%2C667&ssl=1","jetpack_sharing_enabled":true,"_links":{"self":[{"href":"https:\/\/serasturianu.com\/ast\/wp-json\/wp\/v2\/posts\/2161","targetHints":{"allow":["GET"]}}],"collection":[{"href":"https:\/\/serasturianu.com\/ast\/wp-json\/wp\/v2\/posts"}],"about":[{"href":"https:\/\/serasturianu.com\/ast\/wp-json\/wp\/v2\/types\/post"}],"author":[{"embeddable":true,"href":"https:\/\/serasturianu.com\/ast\/wp-json\/wp\/v2\/users\/1"}],"replies":[{"embeddable":true,"href":"https:\/\/serasturianu.com\/ast\/wp-json\/wp\/v2\/comments?post=2161"}],"version-history":[{"count":3,"href":"https:\/\/serasturianu.com\/ast\/wp-json\/wp\/v2\/posts\/2161\/revisions"}],"predecessor-version":[{"id":2171,"href":"https:\/\/serasturianu.com\/ast\/wp-json\/wp\/v2\/posts\/2161\/revisions\/2171"}],"wp:featuredmedia":[{"embeddable":true,"href":"https:\/\/serasturianu.com\/ast\/wp-json\/wp\/v2\/media\/2145"}],"wp:attachment":[{"href":"https:\/\/serasturianu.com\/ast\/wp-json\/wp\/v2\/media?parent=2161"}],"wp:term":[{"taxonomy":"category","embeddable":true,"href":"https:\/\/serasturianu.com\/ast\/wp-json\/wp\/v2\/categories?post=2161"},{"taxonomy":"post_tag","embeddable":true,"href":"https:\/\/serasturianu.com\/ast\/wp-json\/wp\/v2\/tags?post=2161"}],"curies":[{"name":"wp","href":"https:\/\/api.w.org\/{rel}","templated":true}]}}