{"id":2157,"date":"2019-09-05T14:44:39","date_gmt":"2019-09-05T12:44:39","guid":{"rendered":"https:\/\/serasturianu.com\/?p=2157"},"modified":"2019-09-05T14:44:39","modified_gmt":"2019-09-05T12:44:39","slug":"dia-dasturies-nel-mercau-artesanu-de-xixon","status":"publish","type":"post","link":"https:\/\/serasturianu.com\/ast\/2019\/09\/05\/dia-dasturies-nel-mercau-artesanu-de-xixon\/","title":{"rendered":"D\u00eda d&#8217;Asturies nel Merc\u00e1u Artesanu de Xix\u00f3n"},"content":{"rendered":"<p style=\"text-align: justify;\"><span style=\"font-size: 18pt;\"><strong>Denis Soria, gu\u00eda oficial de \u2018Ser Asturianu\u2019, tar\u00e1 a cargu del stand de Llaviana, promocionando\u2019l potencial tur\u00edsticu y el patrimoniu lling\u00fc\u00edsticu del conceyu.<\/strong><\/span><\/p>\n<p style=\"text-align: justify;\">Del 7 al 9 de setiembre tendr\u00e1 llugar el Merc\u00e1u Artesanu y Ecol\u00f3xicu na <strong>Plaza Mayor de Xix\u00f3n<\/strong>, una oportunid\u00e1 bien afayadiza pa conocer l\u2019artesan\u00eda y la cultura gastron\u00f3mica asturiana, pero tami\u00e9n la so llingua. El <strong>9 de setiembre, D\u00eda d\u2019Asturies<\/strong>, <strong>Llaviana<\/strong> tar\u00e1 presente con un stand perespecial, onde podremos informanos de mano al rodiu de les sos propuestes d\u2019ociu y turismu al travi\u00e9s de siete itinerarios culturales.<\/p>\n<p style=\"text-align: justify;\">Mas el puest\u00edn d\u2019informaci\u00f3n vien carg\u00e1u de sorpreses, ya que tar\u00e1n a disposici\u00f3n dellos materiales del so Serviciu de Normalizaci\u00f3n Lling\u00fc\u00edstica, pero tami\u00e9n xuegos y talleres pa los m\u00e1s guahes. Cola activid\u00e1 <strong>\u00abXugando coles pareyes\u00bb<\/strong> pasaremos un cach\u00edn bien prestosu buscando y empareyando diferentes dibuxos col so nome n\u2019asturllion\u00e9s.<\/p>\n<p style=\"text-align: justify;\">Am\u00e1s, a les <b>17h <\/b>va haber un<b> taller de tonada<\/b> a cargu del gaiteru llavianetu <b>Pablo Carrera<\/b>, director del cuerpu de gaites de Llangr\u00e9u, instrumentista acompa\u00f1ante de distintos cantautores y gaiteru oficial de varios concursos de tonada, como\u2019l de Samart\u00edn del Rei Aurelio y el de Santa Marina (Mieres).<\/p>\n<p style=\"text-align: justify;\">Tami\u00e9n a les <strong>18h <\/strong>los<strong>\u00abGaiteros del Carb\u00f3n\u00bb, <\/strong>integr\u00e1u por alumnos mozos de gaita y de percusi\u00f3n de les escueles de m\u00fasica de \u00abA Mansalva\u00bb y de \u00abReija\u00bb, impulsada por Pablo Carrera y qu\u2019act\u00faa con indumentaria de mineru..<\/p>\n<h2 style=\"text-align: justify;\"><strong>Horariu<\/strong><\/h2>\n<p style=\"text-align: justify;\">De 11:00 a 15:00 h y de 17:00 a 21:00 h (llunes hasta les 20:00 h).<\/p>\n<p>\u00a0<\/p>\n<p><img data-recalc-dims=\"1\" fetchpriority=\"high\" decoding=\"async\" class=\"alignnone wp-image-2151 size-full\" src=\"https:\/\/i0.wp.com\/serasturianu.com\/wp-content\/uploads\/2019\/09\/105692_1_thumb.jpg?resize=770%2C380&ssl=1\" alt=\"\" width=\"770\" height=\"380\" srcset=\"https:\/\/i0.wp.com\/serasturianu.com\/wp-content\/uploads\/2019\/09\/105692_1_thumb.jpg?w=770&ssl=1 770w, https:\/\/i0.wp.com\/serasturianu.com\/wp-content\/uploads\/2019\/09\/105692_1_thumb.jpg?resize=300%2C148&ssl=1 300w, https:\/\/i0.wp.com\/serasturianu.com\/wp-content\/uploads\/2019\/09\/105692_1_thumb.jpg?resize=768%2C379&ssl=1 768w, https:\/\/i0.wp.com\/serasturianu.com\/wp-content\/uploads\/2019\/09\/105692_1_thumb.jpg?resize=600%2C296&ssl=1 600w\" sizes=\"(max-width: 770px) 100vw, 770px\" \/><\/p>","protected":false},"excerpt":{"rendered":"<p>Denis Soria, gu\u00eda oficial de \u2018Ser Asturianu\u2019, tar\u00e1 a cargu del stand de Llaviana, promocionando\u2019l potencial tur\u00edsticu y el patrimoniu lling\u00fc\u00edsticu del conceyu. Del 7 al 9 de setiembre tendr\u00e1 llugar el Merc\u00e1u Artesanu y Ecol\u00f3xicu na Plaza Mayor de &hellip; <a href=\"https:\/\/serasturianu.com\/ast\/2019\/09\/05\/dia-dasturies-nel-mercau-artesanu-de-xixon\/\">Read More<\/a><\/p>","protected":false},"author":1,"featured_media":2151,"comment_status":"open","ping_status":"open","sticky":false,"template":"","format":"standard","meta":{"_monsterinsights_skip_tracking":false,"_monsterinsights_sitenote_active":false,"_monsterinsights_sitenote_note":"","_monsterinsights_sitenote_category":0,"_jetpack_memberships_contains_paid_content":false,"footnotes":""},"categories":[58,107],"tags":[334,385,356],"class_list":["post-2157","post","type-post","status-publish","format-standard","has-post-thumbnail","hentry","category-axenda","category-noticies","tag-llaviana-ast","tag-mercau-artesanu-ast","tag-xixon-ast"],"yoast_head":"<!-- This site is optimized with the Yoast SEO plugin v27.5 - https:\/\/yoast.com\/product\/yoast-seo-wordpress\/ -->\n<title>D\u00eda d&#039;Asturies nel Merc\u00e1u Artesanu de Xix\u00f3n - Ser Asturianu<\/title>\n<meta name=\"robots\" content=\"index, follow, max-snippet:-1, max-image-preview:large, max-video-preview:-1\" \/>\n<link rel=\"canonical\" href=\"https:\/\/serasturianu.com\/ast\/2019\/09\/05\/dia-dasturies-nel-mercau-artesanu-de-xixon\/\" \/>\n<meta property=\"og:locale\" content=\"en_US\" \/>\n<meta property=\"og:type\" content=\"article\" \/>\n<meta property=\"og:title\" content=\"D\u00eda d&#039;Asturies nel Merc\u00e1u Artesanu de Xix\u00f3n - Ser Asturianu\" \/>\n<meta property=\"og:description\" content=\"Denis Soria, gu\u00eda oficial de \u2018Ser Asturianu\u2019, tar\u00e1 a cargu del stand de Llaviana, promocionando\u2019l potencial tur\u00edsticu y el patrimoniu lling\u00fc\u00edsticu del conceyu. Del 7 al 9 de setiembre tendr\u00e1 llugar el Merc\u00e1u Artesanu y Ecol\u00f3xicu na Plaza Mayor de &hellip; Read More\" \/>\n<meta property=\"og:url\" content=\"https:\/\/serasturianu.com\/ast\/2019\/09\/05\/dia-dasturies-nel-mercau-artesanu-de-xixon\/\" \/>\n<meta property=\"og:site_name\" content=\"Ser Asturianu\" \/>\n<meta property=\"article:publisher\" content=\"https:\/\/www.facebook.com\/serasturianu\" \/>\n<meta property=\"article:published_time\" content=\"2019-09-05T12:44:39+00:00\" \/>\n<meta property=\"og:image\" content=\"https:\/\/i0.wp.com\/serasturianu.com\/wp-content\/uploads\/2019\/09\/105692_1_thumb.jpg?fit=770%2C380&ssl=1\" \/>\n\t<meta property=\"og:image:width\" content=\"770\" \/>\n\t<meta property=\"og:image:height\" content=\"380\" \/>\n\t<meta property=\"og:image:type\" content=\"image\/jpeg\" \/>\n<meta name=\"author\" content=\"serasturianu\" \/>\n<meta name=\"twitter:card\" content=\"summary_large_image\" \/>\n<meta name=\"twitter:creator\" content=\"@SerAsturianu\" \/>\n<meta name=\"twitter:site\" content=\"@SerAsturianu\" \/>\n<meta name=\"twitter:label1\" content=\"Written by\" \/>\n\t<meta name=\"twitter:data1\" content=\"serasturianu\" \/>\n\t<meta name=\"twitter:label2\" content=\"Est. reading time\" \/>\n\t<meta name=\"twitter:data2\" content=\"1 minute\" \/>\n<script type=\"application\/ld+json\" class=\"yoast-schema-graph\">{\"@context\":\"https:\\\/\\\/schema.org\",\"@graph\":[{\"@type\":\"Article\",\"@id\":\"https:\\\/\\\/serasturianu.com\\\/ast\\\/2019\\\/09\\\/05\\\/dia-dasturies-nel-mercau-artesanu-de-xixon\\\/#article\",\"isPartOf\":{\"@id\":\"https:\\\/\\\/serasturianu.com\\\/ast\\\/2019\\\/09\\\/05\\\/dia-dasturies-nel-mercau-artesanu-de-xixon\\\/\"},\"author\":{\"name\":\"serasturianu\",\"@id\":\"https:\\\/\\\/serasturianu.com\\\/ast\\\/#\\\/schema\\\/person\\\/7d40831736e46924e4c0f05b50eb56e3\"},\"headline\":\"D\u00eda d&#8217;Asturies nel Merc\u00e1u Artesanu de Xix\u00f3n\",\"datePublished\":\"2019-09-05T12:44:39+00:00\",\"mainEntityOfPage\":{\"@id\":\"https:\\\/\\\/serasturianu.com\\\/ast\\\/2019\\\/09\\\/05\\\/dia-dasturies-nel-mercau-artesanu-de-xixon\\\/\"},\"wordCount\":288,\"commentCount\":0,\"publisher\":{\"@id\":\"https:\\\/\\\/serasturianu.com\\\/ast\\\/#organization\"},\"image\":{\"@id\":\"https:\\\/\\\/serasturianu.com\\\/ast\\\/2019\\\/09\\\/05\\\/dia-dasturies-nel-mercau-artesanu-de-xixon\\\/#primaryimage\"},\"thumbnailUrl\":\"https:\\\/\\\/i0.wp.com\\\/serasturianu.com\\\/wp-content\\\/uploads\\\/2019\\\/09\\\/105692_1_thumb.jpg?fit=770%2C380&ssl=1\",\"keywords\":[\"Llaviana\",\"Merc\u00e1u Artesanu\",\"Xix\u00f3n\"],\"articleSection\":[\"Axenda\",\"Noticies\"],\"inLanguage\":\"ast\",\"potentialAction\":[{\"@type\":\"CommentAction\",\"name\":\"Comment\",\"target\":[\"https:\\\/\\\/serasturianu.com\\\/ast\\\/2019\\\/09\\\/05\\\/dia-dasturies-nel-mercau-artesanu-de-xixon\\\/#respond\"]}]},{\"@type\":\"WebPage\",\"@id\":\"https:\\\/\\\/serasturianu.com\\\/ast\\\/2019\\\/09\\\/05\\\/dia-dasturies-nel-mercau-artesanu-de-xixon\\\/\",\"url\":\"https:\\\/\\\/serasturianu.com\\\/ast\\\/2019\\\/09\\\/05\\\/dia-dasturies-nel-mercau-artesanu-de-xixon\\\/\",\"name\":\"D\u00eda d'Asturies nel Merc\u00e1u Artesanu de Xix\u00f3n - Ser Asturianu\",\"isPartOf\":{\"@id\":\"https:\\\/\\\/serasturianu.com\\\/ast\\\/#website\"},\"primaryImageOfPage\":{\"@id\":\"https:\\\/\\\/serasturianu.com\\\/ast\\\/2019\\\/09\\\/05\\\/dia-dasturies-nel-mercau-artesanu-de-xixon\\\/#primaryimage\"},\"image\":{\"@id\":\"https:\\\/\\\/serasturianu.com\\\/ast\\\/2019\\\/09\\\/05\\\/dia-dasturies-nel-mercau-artesanu-de-xixon\\\/#primaryimage\"},\"thumbnailUrl\":\"https:\\\/\\\/i0.wp.com\\\/serasturianu.com\\\/wp-content\\\/uploads\\\/2019\\\/09\\\/105692_1_thumb.jpg?fit=770%2C380&ssl=1\",\"datePublished\":\"2019-09-05T12:44:39+00:00\",\"breadcrumb\":{\"@id\":\"https:\\\/\\\/serasturianu.com\\\/ast\\\/2019\\\/09\\\/05\\\/dia-dasturies-nel-mercau-artesanu-de-xixon\\\/#breadcrumb\"},\"inLanguage\":\"ast\",\"potentialAction\":[{\"@type\":\"ReadAction\",\"target\":[\"https:\\\/\\\/serasturianu.com\\\/ast\\\/2019\\\/09\\\/05\\\/dia-dasturies-nel-mercau-artesanu-de-xixon\\\/\"]}]},{\"@type\":\"ImageObject\",\"inLanguage\":\"ast\",\"@id\":\"https:\\\/\\\/serasturianu.com\\\/ast\\\/2019\\\/09\\\/05\\\/dia-dasturies-nel-mercau-artesanu-de-xixon\\\/#primaryimage\",\"url\":\"https:\\\/\\\/i0.wp.com\\\/serasturianu.com\\\/wp-content\\\/uploads\\\/2019\\\/09\\\/105692_1_thumb.jpg?fit=770%2C380&ssl=1\",\"contentUrl\":\"https:\\\/\\\/i0.wp.com\\\/serasturianu.com\\\/wp-content\\\/uploads\\\/2019\\\/09\\\/105692_1_thumb.jpg?fit=770%2C380&ssl=1\",\"width\":770,\"height\":380},{\"@type\":\"BreadcrumbList\",\"@id\":\"https:\\\/\\\/serasturianu.com\\\/ast\\\/2019\\\/09\\\/05\\\/dia-dasturies-nel-mercau-artesanu-de-xixon\\\/#breadcrumb\",\"itemListElement\":[{\"@type\":\"ListItem\",\"position\":1,\"name\":\"Portada\",\"item\":\"https:\\\/\\\/serasturianu.com\\\/ast\\\/\"},{\"@type\":\"ListItem\",\"position\":2,\"name\":\"D\u00eda d&#8217;Asturies nel Merc\u00e1u Artesanu de Xix\u00f3n\"}]},{\"@type\":\"WebSite\",\"@id\":\"https:\\\/\\\/serasturianu.com\\\/ast\\\/#website\",\"url\":\"https:\\\/\\\/serasturianu.com\\\/ast\\\/\",\"name\":\"Ser Asturianu\",\"description\":\"Tours aut\u00e9nticos\",\"publisher\":{\"@id\":\"https:\\\/\\\/serasturianu.com\\\/ast\\\/#organization\"},\"potentialAction\":[{\"@type\":\"SearchAction\",\"target\":{\"@type\":\"EntryPoint\",\"urlTemplate\":\"https:\\\/\\\/serasturianu.com\\\/ast\\\/?s={search_term_string}\"},\"query-input\":{\"@type\":\"PropertyValueSpecification\",\"valueRequired\":true,\"valueName\":\"search_term_string\"}}],\"inLanguage\":\"ast\"},{\"@type\":\"Organization\",\"@id\":\"https:\\\/\\\/serasturianu.com\\\/ast\\\/#organization\",\"name\":\"Ser Asturianu\",\"url\":\"https:\\\/\\\/serasturianu.com\\\/ast\\\/\",\"logo\":{\"@type\":\"ImageObject\",\"inLanguage\":\"ast\",\"@id\":\"https:\\\/\\\/serasturianu.com\\\/ast\\\/#\\\/schema\\\/logo\\\/image\\\/\",\"url\":\"https:\\\/\\\/i0.wp.com\\\/serasturianu.com\\\/wp-content\\\/uploads\\\/2022\\\/01\\\/logofondu.png?fit=510%2C510&ssl=1\",\"contentUrl\":\"https:\\\/\\\/i0.wp.com\\\/serasturianu.com\\\/wp-content\\\/uploads\\\/2022\\\/01\\\/logofondu.png?fit=510%2C510&ssl=1\",\"width\":510,\"height\":510,\"caption\":\"Ser Asturianu\"},\"image\":{\"@id\":\"https:\\\/\\\/serasturianu.com\\\/ast\\\/#\\\/schema\\\/logo\\\/image\\\/\"},\"sameAs\":[\"https:\\\/\\\/www.facebook.com\\\/serasturianu\",\"https:\\\/\\\/x.com\\\/SerAsturianu\",\"https:\\\/\\\/www.instagram.com\\\/ser_asturianu\\\/\"]},{\"@type\":\"Person\",\"@id\":\"https:\\\/\\\/serasturianu.com\\\/ast\\\/#\\\/schema\\\/person\\\/7d40831736e46924e4c0f05b50eb56e3\",\"name\":\"serasturianu\",\"image\":{\"@type\":\"ImageObject\",\"inLanguage\":\"ast\",\"@id\":\"https:\\\/\\\/secure.gravatar.com\\\/avatar\\\/e402fe1cb4d6685aeaadf5eca83a377394f2f6e2b29898eb1dd1589b9b7d8614?s=96&d=mm&r=g\",\"url\":\"https:\\\/\\\/secure.gravatar.com\\\/avatar\\\/e402fe1cb4d6685aeaadf5eca83a377394f2f6e2b29898eb1dd1589b9b7d8614?s=96&d=mm&r=g\",\"contentUrl\":\"https:\\\/\\\/secure.gravatar.com\\\/avatar\\\/e402fe1cb4d6685aeaadf5eca83a377394f2f6e2b29898eb1dd1589b9b7d8614?s=96&d=mm&r=g\",\"caption\":\"serasturianu\"},\"url\":\"https:\\\/\\\/serasturianu.com\\\/ast\\\/author\\\/serasturianu\\\/\"}]}<\/script>\n<!-- \/ Yoast SEO plugin. -->","yoast_head_json":{"title":"D\u00eda d'Asturies nel Merc\u00e1u Artesanu de Xix\u00f3n - Ser Asturianu","robots":{"index":"index","follow":"follow","max-snippet":"max-snippet:-1","max-image-preview":"max-image-preview:large","max-video-preview":"max-video-preview:-1"},"canonical":"https:\/\/serasturianu.com\/ast\/2019\/09\/05\/dia-dasturies-nel-mercau-artesanu-de-xixon\/","og_locale":"en_US","og_type":"article","og_title":"D\u00eda d'Asturies nel Merc\u00e1u Artesanu de Xix\u00f3n - Ser Asturianu","og_description":"Denis Soria, gu\u00eda oficial de \u2018Ser Asturianu\u2019, tar\u00e1 a cargu del stand de Llaviana, promocionando\u2019l potencial tur\u00edsticu y el patrimoniu lling\u00fc\u00edsticu del conceyu. Del 7 al 9 de setiembre tendr\u00e1 llugar el Merc\u00e1u Artesanu y Ecol\u00f3xicu na Plaza Mayor de &hellip; Read More","og_url":"https:\/\/serasturianu.com\/ast\/2019\/09\/05\/dia-dasturies-nel-mercau-artesanu-de-xixon\/","og_site_name":"Ser Asturianu","article_publisher":"https:\/\/www.facebook.com\/serasturianu","article_published_time":"2019-09-05T12:44:39+00:00","og_image":[{"width":770,"height":380,"url":"https:\/\/i0.wp.com\/serasturianu.com\/wp-content\/uploads\/2019\/09\/105692_1_thumb.jpg?fit=770%2C380&ssl=1","type":"image\/jpeg"}],"author":"serasturianu","twitter_card":"summary_large_image","twitter_creator":"@SerAsturianu","twitter_site":"@SerAsturianu","twitter_misc":{"Written by":"serasturianu","Est. reading time":"1 minute"},"schema":{"@context":"https:\/\/schema.org","@graph":[{"@type":"Article","@id":"https:\/\/serasturianu.com\/ast\/2019\/09\/05\/dia-dasturies-nel-mercau-artesanu-de-xixon\/#article","isPartOf":{"@id":"https:\/\/serasturianu.com\/ast\/2019\/09\/05\/dia-dasturies-nel-mercau-artesanu-de-xixon\/"},"author":{"name":"serasturianu","@id":"https:\/\/serasturianu.com\/ast\/#\/schema\/person\/7d40831736e46924e4c0f05b50eb56e3"},"headline":"D\u00eda d&#8217;Asturies nel Merc\u00e1u Artesanu de Xix\u00f3n","datePublished":"2019-09-05T12:44:39+00:00","mainEntityOfPage":{"@id":"https:\/\/serasturianu.com\/ast\/2019\/09\/05\/dia-dasturies-nel-mercau-artesanu-de-xixon\/"},"wordCount":288,"commentCount":0,"publisher":{"@id":"https:\/\/serasturianu.com\/ast\/#organization"},"image":{"@id":"https:\/\/serasturianu.com\/ast\/2019\/09\/05\/dia-dasturies-nel-mercau-artesanu-de-xixon\/#primaryimage"},"thumbnailUrl":"https:\/\/i0.wp.com\/serasturianu.com\/wp-content\/uploads\/2019\/09\/105692_1_thumb.jpg?fit=770%2C380&ssl=1","keywords":["Llaviana","Merc\u00e1u Artesanu","Xix\u00f3n"],"articleSection":["Axenda","Noticies"],"inLanguage":"ast","potentialAction":[{"@type":"CommentAction","name":"Comment","target":["https:\/\/serasturianu.com\/ast\/2019\/09\/05\/dia-dasturies-nel-mercau-artesanu-de-xixon\/#respond"]}]},{"@type":"WebPage","@id":"https:\/\/serasturianu.com\/ast\/2019\/09\/05\/dia-dasturies-nel-mercau-artesanu-de-xixon\/","url":"https:\/\/serasturianu.com\/ast\/2019\/09\/05\/dia-dasturies-nel-mercau-artesanu-de-xixon\/","name":"D\u00eda d'Asturies nel Merc\u00e1u Artesanu de Xix\u00f3n - Ser Asturianu","isPartOf":{"@id":"https:\/\/serasturianu.com\/ast\/#website"},"primaryImageOfPage":{"@id":"https:\/\/serasturianu.com\/ast\/2019\/09\/05\/dia-dasturies-nel-mercau-artesanu-de-xixon\/#primaryimage"},"image":{"@id":"https:\/\/serasturianu.com\/ast\/2019\/09\/05\/dia-dasturies-nel-mercau-artesanu-de-xixon\/#primaryimage"},"thumbnailUrl":"https:\/\/i0.wp.com\/serasturianu.com\/wp-content\/uploads\/2019\/09\/105692_1_thumb.jpg?fit=770%2C380&ssl=1","datePublished":"2019-09-05T12:44:39+00:00","breadcrumb":{"@id":"https:\/\/serasturianu.com\/ast\/2019\/09\/05\/dia-dasturies-nel-mercau-artesanu-de-xixon\/#breadcrumb"},"inLanguage":"ast","potentialAction":[{"@type":"ReadAction","target":["https:\/\/serasturianu.com\/ast\/2019\/09\/05\/dia-dasturies-nel-mercau-artesanu-de-xixon\/"]}]},{"@type":"ImageObject","inLanguage":"ast","@id":"https:\/\/serasturianu.com\/ast\/2019\/09\/05\/dia-dasturies-nel-mercau-artesanu-de-xixon\/#primaryimage","url":"https:\/\/i0.wp.com\/serasturianu.com\/wp-content\/uploads\/2019\/09\/105692_1_thumb.jpg?fit=770%2C380&ssl=1","contentUrl":"https:\/\/i0.wp.com\/serasturianu.com\/wp-content\/uploads\/2019\/09\/105692_1_thumb.jpg?fit=770%2C380&ssl=1","width":770,"height":380},{"@type":"BreadcrumbList","@id":"https:\/\/serasturianu.com\/ast\/2019\/09\/05\/dia-dasturies-nel-mercau-artesanu-de-xixon\/#breadcrumb","itemListElement":[{"@type":"ListItem","position":1,"name":"Portada","item":"https:\/\/serasturianu.com\/ast\/"},{"@type":"ListItem","position":2,"name":"D\u00eda d&#8217;Asturies nel Merc\u00e1u Artesanu de Xix\u00f3n"}]},{"@type":"WebSite","@id":"https:\/\/serasturianu.com\/ast\/#website","url":"https:\/\/serasturianu.com\/ast\/","name":"Ser Asturianu","description":"Tours aut\u00e9nticos","publisher":{"@id":"https:\/\/serasturianu.com\/ast\/#organization"},"potentialAction":[{"@type":"SearchAction","target":{"@type":"EntryPoint","urlTemplate":"https:\/\/serasturianu.com\/ast\/?s={search_term_string}"},"query-input":{"@type":"PropertyValueSpecification","valueRequired":true,"valueName":"search_term_string"}}],"inLanguage":"ast"},{"@type":"Organization","@id":"https:\/\/serasturianu.com\/ast\/#organization","name":"Ser Asturianu","url":"https:\/\/serasturianu.com\/ast\/","logo":{"@type":"ImageObject","inLanguage":"ast","@id":"https:\/\/serasturianu.com\/ast\/#\/schema\/logo\/image\/","url":"https:\/\/i0.wp.com\/serasturianu.com\/wp-content\/uploads\/2022\/01\/logofondu.png?fit=510%2C510&ssl=1","contentUrl":"https:\/\/i0.wp.com\/serasturianu.com\/wp-content\/uploads\/2022\/01\/logofondu.png?fit=510%2C510&ssl=1","width":510,"height":510,"caption":"Ser Asturianu"},"image":{"@id":"https:\/\/serasturianu.com\/ast\/#\/schema\/logo\/image\/"},"sameAs":["https:\/\/www.facebook.com\/serasturianu","https:\/\/x.com\/SerAsturianu","https:\/\/www.instagram.com\/ser_asturianu\/"]},{"@type":"Person","@id":"https:\/\/serasturianu.com\/ast\/#\/schema\/person\/7d40831736e46924e4c0f05b50eb56e3","name":"serasturianu","image":{"@type":"ImageObject","inLanguage":"ast","@id":"https:\/\/secure.gravatar.com\/avatar\/e402fe1cb4d6685aeaadf5eca83a377394f2f6e2b29898eb1dd1589b9b7d8614?s=96&d=mm&r=g","url":"https:\/\/secure.gravatar.com\/avatar\/e402fe1cb4d6685aeaadf5eca83a377394f2f6e2b29898eb1dd1589b9b7d8614?s=96&d=mm&r=g","contentUrl":"https:\/\/secure.gravatar.com\/avatar\/e402fe1cb4d6685aeaadf5eca83a377394f2f6e2b29898eb1dd1589b9b7d8614?s=96&d=mm&r=g","caption":"serasturianu"},"url":"https:\/\/serasturianu.com\/ast\/author\/serasturianu\/"}]}},"jetpack_featured_media_url":"https:\/\/i0.wp.com\/serasturianu.com\/wp-content\/uploads\/2019\/09\/105692_1_thumb.jpg?fit=770%2C380&ssl=1","jetpack_sharing_enabled":true,"_links":{"self":[{"href":"https:\/\/serasturianu.com\/ast\/wp-json\/wp\/v2\/posts\/2157","targetHints":{"allow":["GET"]}}],"collection":[{"href":"https:\/\/serasturianu.com\/ast\/wp-json\/wp\/v2\/posts"}],"about":[{"href":"https:\/\/serasturianu.com\/ast\/wp-json\/wp\/v2\/types\/post"}],"author":[{"embeddable":true,"href":"https:\/\/serasturianu.com\/ast\/wp-json\/wp\/v2\/users\/1"}],"replies":[{"embeddable":true,"href":"https:\/\/serasturianu.com\/ast\/wp-json\/wp\/v2\/comments?post=2157"}],"version-history":[{"count":1,"href":"https:\/\/serasturianu.com\/ast\/wp-json\/wp\/v2\/posts\/2157\/revisions"}],"predecessor-version":[{"id":2158,"href":"https:\/\/serasturianu.com\/ast\/wp-json\/wp\/v2\/posts\/2157\/revisions\/2158"}],"wp:featuredmedia":[{"embeddable":true,"href":"https:\/\/serasturianu.com\/ast\/wp-json\/wp\/v2\/media\/2151"}],"wp:attachment":[{"href":"https:\/\/serasturianu.com\/ast\/wp-json\/wp\/v2\/media?parent=2157"}],"wp:term":[{"taxonomy":"category","embeddable":true,"href":"https:\/\/serasturianu.com\/ast\/wp-json\/wp\/v2\/categories?post=2157"},{"taxonomy":"post_tag","embeddable":true,"href":"https:\/\/serasturianu.com\/ast\/wp-json\/wp\/v2\/tags?post=2157"}],"curies":[{"name":"wp","href":"https:\/\/api.w.org\/{rel}","templated":true}]}}