{"id":2131,"date":"2019-08-21T00:35:56","date_gmt":"2019-08-20T22:35:56","guid":{"rendered":"https:\/\/serasturianu.com\/?p=2131"},"modified":"2019-08-21T00:51:47","modified_gmt":"2019-08-20T22:51:47","slug":"fiesta-de-la-sidra-de-gijon-xixon-programa-completo","status":"publish","type":"post","link":"https:\/\/serasturianu.com\/ast\/2019\/08\/21\/fiesta-de-la-sidra-de-gijon-xixon-programa-completo\/","title":{"rendered":"Fiesta de la Sidra de Gij\u00f3n\/Xix\u00f3n: Programa completo"},"content":{"rendered":"<figure id=\"attachment_2127\" class=\"thumbnail wp-caption aligncenter\" style=\"width: 960px\"><img data-recalc-dims=\"1\" fetchpriority=\"high\" decoding=\"async\" class=\"wp-image-2127 size-full\" src=\"https:\/\/i0.wp.com\/serasturianu.com\/wp-content\/uploads\/2019\/08\/cfcfcfckgc.jpg?resize=960%2C640&#038;ssl=1\" alt=\"\" width=\"960\" height=\"640\" srcset=\"https:\/\/i0.wp.com\/serasturianu.com\/wp-content\/uploads\/2019\/08\/cfcfcfckgc.jpg?w=960&amp;ssl=1 960w, https:\/\/i0.wp.com\/serasturianu.com\/wp-content\/uploads\/2019\/08\/cfcfcfckgc.jpg?resize=300%2C200&amp;ssl=1 300w, https:\/\/i0.wp.com\/serasturianu.com\/wp-content\/uploads\/2019\/08\/cfcfcfckgc.jpg?resize=768%2C512&amp;ssl=1 768w, https:\/\/i0.wp.com\/serasturianu.com\/wp-content\/uploads\/2019\/08\/cfcfcfckgc.jpg?resize=600%2C400&amp;ssl=1 600w\" sizes=\"(max-width: 960px) 100vw, 960px\" \/><figcaption class=\"caption wp-caption-text\">El llagaderu Miguel \u00c1ngel Vig\u00f3n ser\u00e1 distinguido con el &#8216;Tonel d&#8217;Oro 2019&#8217;.<\/figcaption><\/figure>\n<p style=\"text-align: justify;\">A lo largo de la <em>Fiesta de la Sidra Natural<\/em> se celebrar\u00e1n <strong>visitas guiadas por Cimavilla <\/strong>con salida a las <strong>11:30h <\/strong>en <strong>Las Letronas<\/strong> (el precio de 10\u20ac\/pax incluye degustaci\u00f3n de sidra final).<\/p>\n<p style=\"text-align: justify;\"><strong>Info y reservas<\/strong>: xixonenruta@gmail.com | 626 221 712 \/ <span class=\"text_exposed_show\">684 605 548<\/span><\/p>\n<p><strong><a href=\"http:\/\/www.teatrojovellanos.com\/multimedia_objects\/download?object_id=244928&amp;object_type=document\">Programa completo en PDF<\/a><\/strong><\/p>\n<h2><img data-recalc-dims=\"1\" decoding=\"async\" class=\"alignnone wp-image-2125 size-full\" src=\"https:\/\/i0.wp.com\/serasturianu.com\/wp-content\/uploads\/2019\/08\/69183943_684507078688436_5755421000304951296_n.jpg?resize=832%2C1174&#038;ssl=1\" alt=\"\" width=\"832\" height=\"1174\" srcset=\"https:\/\/i0.wp.com\/serasturianu.com\/wp-content\/uploads\/2019\/08\/69183943_684507078688436_5755421000304951296_n.jpg?w=832&amp;ssl=1 832w, https:\/\/i0.wp.com\/serasturianu.com\/wp-content\/uploads\/2019\/08\/69183943_684507078688436_5755421000304951296_n.jpg?resize=213%2C300&amp;ssl=1 213w, https:\/\/i0.wp.com\/serasturianu.com\/wp-content\/uploads\/2019\/08\/69183943_684507078688436_5755421000304951296_n.jpg?resize=768%2C1084&amp;ssl=1 768w, https:\/\/i0.wp.com\/serasturianu.com\/wp-content\/uploads\/2019\/08\/69183943_684507078688436_5755421000304951296_n.jpg?resize=726%2C1024&amp;ssl=1 726w, https:\/\/i0.wp.com\/serasturianu.com\/wp-content\/uploads\/2019\/08\/69183943_684507078688436_5755421000304951296_n.jpg?resize=600%2C847&amp;ssl=1 600w\" sizes=\"(max-width: 832px) 100vw, 832px\" \/><\/h2>\n<h2><\/h2>\n<h2 style=\"text-align: justify;\"><strong>Lunes 19<\/strong><\/h2>\n<p style=\"text-align: justify;\"><strong>Mercad\u00edn de la Sidra y la Mazana <\/strong>\/ Jardines de la Reina \/ <strong>11.00 h. a 24.00 h.<\/strong><br \/>\n<strong>\u201cArte na Cai\u201d M\u00fasica y Baile Tradicional Excelsior<\/strong> \/ Plaza Italia \/ <strong>20.00 h.<\/strong><br \/>\n<strong>Plantaci\u00f3n del Pumar Tradicional en homenaje al Tonel d\u2019Oro 2019<\/strong> (Miguel \u00c1ngel Vig\u00f3n Toyos)<\/p>\n<h2 style=\"text-align: justify;\"><\/h2>\n<h2 style=\"text-align: justify;\"><strong>Martes 20<\/strong><\/h2>\n<p style=\"text-align: justify;\"><strong>Mercad\u00edn de la Sidra y la Mazana <\/strong>\/ Jardines de la Reina \/ <strong>11.00 h. a 24.00 h.<\/strong><\/p>\n<p style=\"text-align: justify;\"><strong>Ciclo de Conferencias \u201cConoz la Sidra\u201d<\/strong>\/ Plaza Mayor \/ <strong>13.00 h.<\/strong><br \/>\nInaciu Hevia Llavona (Comunicador Social de la cultura e historia de la sidra) <em>Historia de la botella de sidra asturiana.<\/em><\/p>\n<p style=\"text-align: justify;\"><strong>Grupo de Salud e Igualdad del Conseyu de la Moced\u00e1 de Xix\u00f3n<\/strong> \/ Tarima de Bego\u00f1a \/ <strong>19.00 h. a 21.00 h.<\/strong><br \/>\n\u2022 Taller de chapas<br \/>\n\u2022 La historia de la sidra por pa\u00edses<br \/>\n\u2022 Pasapalabra sobre la fiesta de sidra tradicional<\/p>\n<p style=\"text-align: justify;\">La entidad juvenil va a hacer tambi\u00e9n dos intervenciones acerca del consumo responsable de sidra el d\u00eda 23 en el R\u00e9cor de Escanciado de Sidra, y el d\u00eda 25 en la Plaza Mayor.<\/p>\n<p style=\"text-align: justify;\"><strong>Ciclo de Conferencias \u201cConoz la Sidra\u201d<\/strong> \/ Plaza Mayor \/ <strong>19.00 h<\/strong>. Eduardo V\u00e1zquez Coto (Gestor sidrero y experto en el contexto internacional de la sidra) <em>La sidra m\u00e1s salvaje del mundo en el contexto internacional.<\/em><\/p>\n<p style=\"text-align: justify;\"><strong>D\u00fao Llocantaru<\/strong> \/ Plaza Mayor \/ <strong>19.30 h.<\/strong> Actuaci\u00f3n musical corta.<\/p>\n<p style=\"text-align: justify;\"><strong>\u201cArte na Cai\u201d<\/strong> Grupu Folcl\u00f3ricu \u201cEl Turrux\u00f3n\u201d \/ Plaza Italia \/ 20.00 h<\/p>\n<h2 style=\"text-align: justify;\"><\/h2>\n<h2 style=\"text-align: justify;\"><strong>Mi\u00e9rcoles 21<\/strong><\/h2>\n<p style=\"text-align: justify;\"><strong>Mercad\u00edn de la Sidra y la Mazana<\/strong> \/ Jardines de la Reina \/ <strong>11.00 h. a 24.00 h.<\/strong><\/p>\n<p style=\"text-align: justify;\"><strong>Ciclo de Conferencias \u201cConoz la Sidra\u201d<\/strong> \/ Plaza Mayor \/ <strong>13.00 h.<\/strong> Luis Benito Garc\u00eda \u00c1lvarez (Profesor universitario y especialista en cultura sidrera) <em>Historia y cultura de la sidra n\u2019Asturies.<\/em><\/p>\n<p style=\"text-align: justify;\"><strong>Ciclo de Conferencias \u201cConoz la Sidra\u201d<\/strong>\/ Plaza Mayor \/ <strong>19.00 h<\/strong>. Xuan de Con Redondo (Antrop\u00f3logo especializado en cultura sidrera) <em>\u00bfPor qu\u00e9 falamos de la sidra como patrimoniu cultural?<\/em><\/p>\n<p style=\"text-align: justify;\"><strong>D\u00fao Llocantaru<\/strong> \/ Plaza Mayor \/ <strong>19.30 h.<\/strong> Actuaci\u00f3n musical corta.<\/p>\n<p style=\"text-align: justify;\"><strong>\u201cArte na Cai\u201d Agrupaci\u00f3n Folcl\u00f3rica Asturiana Los Xustos<\/strong> \/ Plaza Italia \/<strong> 20.00 h.<\/strong><\/p>\n<h2 style=\"text-align: justify;\"><\/h2>\n<h2 style=\"text-align: justify;\"><strong>Jueves 22<\/strong><\/h2>\n<p style=\"text-align: justify;\"><strong>Mercad\u00edn de la Sidra y la Mazana <\/strong>\/ Jardines de la Reina \/ <strong>11.00 h. a 24.00 h<\/strong><br \/>\n<strong>Concurso <em>Meyor Sidra Ellaborao n\u2019Asturies<\/em><\/strong><br \/>\n<strong>Premiu <em>Eloxu d\u2019Oru<\/em> Fiesta de la Sidra de Xix\u00f3n 2019 &#8211; Primer Corte (sin p\u00fablico)<\/strong><\/p>\n<p style=\"text-align: justify;\"><strong>Ciclo de Conferencias \u201cConoz la Sidra\u201d<\/strong> \/ Plaza Mayor \/ <strong>13.00 h.<\/strong><br \/>\nYolanda Trabanco Olmo (Direutora de Marketing y Comunicaci\u00f3n y \u00c1rea d\u2019Eventos de Sidra Trabanco) <em>La muyer nel mundu de la sidra<\/em><\/p>\n<p style=\"text-align: justify;\"><strong>XXVI Concurso Oficial de Escanciadores<\/strong> \/ Plaza Mayor \/ <strong>17.30 h.<\/strong><br \/>\nPuntuable para el Campeonato de Asturias 2019<br \/>\nEntrega del Premiu a la \u201cEtiqueta M\u00e1s Guapina\u201d, X Edici\u00f3n Grupo Sidrastur<\/p>\n<p style=\"text-align: justify;\"><strong>\u201cArte na Cai\u201d Asociaci\u00f3n de Coros y Dances Jovellanos<\/strong> \/ Plaza Italia \/<strong> 20.00 h<\/strong><\/p>\n<h2 style=\"text-align: justify;\"><\/h2>\n<h2 style=\"text-align: justify;\"><strong>Viernes 23<\/strong><\/h2>\n<p style=\"text-align: justify;\"><strong>Mercad\u00edn de la Sidra y la Mazana<\/strong> \/ Jardines de la Reina \/ <strong>11.00 h. a 24.00 h<\/strong><\/p>\n<p style=\"text-align: justify;\"><strong>R\u00e9cor Mundial de Escanciado Simult\u00e1neo<\/strong> \/ Playa de Poniente (a la altura del edificio de salvamento) \/ <strong>18.00 h.<\/strong><br \/>\n<strong>18.00 h.<\/strong> Empezamos a bajar a la Playa. La Organizaci\u00f3n va a ofrecer las primeras 9.581 botellas (9.580 + 1) para superar el r\u00e9cord del a\u00f1o pasado. Y para ello, te necesitamos; no dejes de venir. Para que no se nos alargue la espera contamos con la Banda de Gaites Villa de Xix\u00f3n<\/p>\n<p style=\"text-align: justify;\"><strong>20.30 h. aprox. VAMOS A BATIR EL R\u00c9CORD MUNDIAL<\/strong> escanciando todos juntos \u201cEL CUL\u00cdN\u201d Con la participaci\u00f3n de Alberto Rodr\u00edguez de Escenapache.<br \/>\nToda la gente DEBE TRAER SU VASO y va a haber un acceso especial para que los participantes que vengan con su botella no tengan que hacer cola.<br \/>\nPor cada vaso de sidra de la fiesta que se venda este d\u00eda, Laboral Kutxa va a entregar 1\u20ac a La asociaci\u00f3n Apaci Cardiopat\u00edas Cong\u00e9nitas.<\/p>\n<p style=\"text-align: justify;\">Sofiten: Laboral Kutxa y la Denominaci\u00f3n de Origen Protegida Sidra de Asturias.<br \/>\nSidra del r\u00e9cor: Sidra Sope\u00f1a, Meyor Sidra Tradicional d\u2019Asturies 2019 Ganadora del Concursu conced\u00edu pol Conseyu Regulador de la DOP sidra d\u2019Asturies.<\/p>\n<p style=\"text-align: justify;\"><strong>Grupo de Salud e Igualdad del Conseyu de la Moced\u00e1 de Xix\u00f3n<\/strong> \/ Playa de Poniente \/ <strong>Desde las 18 00h.<\/strong><br \/>\nPor una fiesta de la sidra responsable, donde lo importante es pasarlo bien con la gente.<br \/>\nPrueba de alcoholemia \/ Informaci\u00f3n sobre el alcohol \/ campa\u00f1a #AlVolanteNiUnCul\u00edn \/ Gafas de simulaci\u00f3n&#8230;<\/p>\n<p style=\"text-align: justify;\"><strong>\u00a1Vamos a ensayar! Cantares de Chigre<\/strong> \/ Plaza Mayor \/ <strong>22.00 h.<\/strong><br \/>\nCon la actuaci\u00f3n de la Sociedad Torner y del p\u00fablico asistente. Dirige: Carlos Jos\u00e9 Mart\u00ednez.<\/p>\n<h2 style=\"text-align: justify;\"><\/h2>\n<h2 style=\"text-align: justify;\"><strong>S\u00e1bado 24<\/strong><\/h2>\n<p style=\"text-align: justify;\"><strong>Mercad\u00edn de la Sidra y la Mazana<\/strong> \/ Jardines de la Reina \/ <strong>11.00 h. a 24.00 h.<\/strong><br \/>\n<strong>Cancios de Chigre<\/strong> \/ Plaza Mayor \/ <strong>21.00 h.<\/strong><br \/>\nCon la actuaci\u00f3n de la <strong>Socied\u00e1 Torner<\/strong> y del p\u00fablico asistente. Dirige: <strong>Carlos Jos\u00e9 Mart\u00ednez<\/strong><\/p>\n<h2 style=\"text-align: justify;\"><\/h2>\n<h2 style=\"text-align: justify;\"><strong>Domingo 25<\/strong><\/h2>\n<p style=\"text-align: justify;\"><strong>Mercad\u00edn de la Sidra y la Mazana<\/strong> \/ Jardines de la Reina \/ <strong>11.00 h. a 22.00 h.<\/strong><\/p>\n<p style=\"text-align: justify;\"><strong>Acto protocolario \u201cObsequiu del Primer Cul\u00edn\u201d<\/strong> \/ Plaza Mayor y Plaza\u2019l Marqu\u00e9s \/ <strong>12.00 h.<\/strong><br \/>\nEn el transcurso del acto Ana Gonz\u00e1lez, la alcaldesa de Xix\u00f3n o su representante va a dar la bienvenida a los llagareros participantes y va a conceder el \u201cTonel d\u2019Oro\u201d a Miguel A. Vig\u00f3n Toyos.<br \/>\nSeguidamente Cristina Norniella S\u00e1nchez en representaci\u00f3n de Sidra Huerces, ganadora del Premio \u201cEloxu d\u2019Oro 2018\u201d, y Andr\u00e9s Canal Palacio, en representaci\u00f3n de Sidra Canal, ganadora del \u201cPremiu del P\u00fablicu 2018\u201d, van a escanciar los primeros culinos de la Fiesta.<br \/>\nLa m\u00fasica la pone la Banda de Gaites Villa de Xix\u00f3n. Al acabar el actu va comenzar la preba de sidra en las casetas.<\/p>\n<p style=\"text-align: justify;\"><strong>Grupu de Salud e Igualdad del Conseyu de la Moced\u00e1 de Xix\u00f3n<\/strong> \/ Playa de Poniente \/ <strong>Desde las 18.00 h<\/strong><br \/>\nPor una fiesta de la sidra responsable, donde lo importante es pasarlo bien con la gente.<br \/>\nPrueba de alcoholemia \/ Informaci\u00f3n sobre el alcohol \/ campa\u00f1a #AlVolanteNiUnCul\u00edn \/ Gafas de simulaci\u00f3n&#8230;<\/p>\n<p style=\"text-align: justify;\"><strong>Se re\u00fane el Jurado del Premio <em>Meyor Sidra Natural Ellaborao n\u2019Asturies<\/em><\/strong><br \/>\n<strong>Premiu Eloxu d\u2019Oru Fiesta de la Sidra de Xix\u00f3n 2019<\/strong> &#8211; Segundo corte (escenario) \/ Plaza Mayor \/ <strong>12.30 h.<\/strong><br \/>\nEl Jurado va a reunirse para hacer la preba y decidir la sidra ganadora del cuncurso<\/p>\n<p style=\"text-align: justify;\"><strong>Entrega del Premiu Meyor Sidra Natural Ellaborao n\u2019Asturies<\/strong><br \/>\n<strong>Premiu Eloxu d\u2019Oru Fiesta de la Sidra de Xix\u00f3n 2019<\/strong> \/ Plaza Mayor \/ <strong>14.00 h<\/strong>. (hora aproximada)<\/p>\n<p style=\"text-align: justify;\">A las 15.00 h. la <strong>Banda de Gaites Villa de Xix\u00f3n<\/strong> va a interpretar el <strong>Asturies, Patria Querida<\/strong> con el que va a ponerse el ramo a la preba de sidra.<\/p>\n<p>&nbsp;<\/p>","protected":false},"excerpt":{"rendered":"<p>A lo largo de la Fiesta de la Sidra Natural se celebrar\u00e1n visitas guiadas por Cimavilla con salida a las 11:30h en Las Letronas (el precio de 10\u20ac\/pax incluye degustaci\u00f3n de sidra final). Info y reservas: xixonenruta@gmail.com | 626 221 &hellip; <a href=\"https:\/\/serasturianu.com\/ast\/2019\/08\/21\/fiesta-de-la-sidra-de-gijon-xixon-programa-completo\/\">Read More<\/a><\/p>","protected":false},"author":1,"featured_media":2127,"comment_status":"open","ping_status":"open","sticky":false,"template":"","format":"standard","meta":{"_monsterinsights_skip_tracking":false,"_jetpack_memberships_contains_paid_content":false,"footnotes":""},"categories":[52,60],"tags":[376,378,347,374,200,345],"class_list":["post-2131","post","type-post","status-publish","format-standard","has-post-thumbnail","hentry","category-agenda","category-noticias","tag-divertia-es","tag-fiesta-de-la-sidra-natural-es","tag-gijon","tag-preba","tag-sidra-es","tag-xixon"],"yoast_head":"<!-- This site is optimized with the Yoast SEO plugin v28.2 - https:\/\/yoast.com\/product\/yoast-seo-wordpress\/ -->\n<title>Fiesta de la Sidra de Gij\u00f3n\/Xix\u00f3n: Programa completo - Ser Asturianu<\/title>\n<meta name=\"robots\" content=\"index, follow, max-snippet:-1, max-image-preview:large, max-video-preview:-1\" \/>\n<link rel=\"canonical\" href=\"https:\/\/serasturianu.com\/ast\/2019\/08\/21\/fiesta-de-la-sidra-de-gijon-xixon-programa-completo\/\" \/>\n<meta property=\"og:locale\" content=\"en_US\" \/>\n<meta property=\"og:type\" content=\"article\" \/>\n<meta property=\"og:title\" content=\"Fiesta de la Sidra de Gij\u00f3n\/Xix\u00f3n: Programa completo - Ser Asturianu\" \/>\n<meta property=\"og:description\" content=\"A lo largo de la Fiesta de la Sidra Natural se celebrar\u00e1n visitas guiadas por Cimavilla con salida a las 11:30h en Las Letronas (el precio de 10\u20ac\/pax incluye degustaci\u00f3n de sidra final). Info y reservas: xixonenruta@gmail.com | 626 221 &hellip; Read More\" \/>\n<meta property=\"og:url\" content=\"https:\/\/serasturianu.com\/ast\/2019\/08\/21\/fiesta-de-la-sidra-de-gijon-xixon-programa-completo\/\" \/>\n<meta property=\"og:site_name\" content=\"Ser Asturianu\" \/>\n<meta property=\"article:publisher\" content=\"https:\/\/www.facebook.com\/serasturianu\" \/>\n<meta property=\"article:published_time\" content=\"2019-08-20T22:35:56+00:00\" \/>\n<meta property=\"article:modified_time\" content=\"2019-08-20T22:51:47+00:00\" \/>\n<meta property=\"og:image\" content=\"https:\/\/i0.wp.com\/serasturianu.com\/wp-content\/uploads\/2019\/08\/cfcfcfckgc.jpg?fit=960%2C640&ssl=1\" \/>\n\t<meta property=\"og:image:width\" content=\"960\" \/>\n\t<meta property=\"og:image:height\" content=\"640\" \/>\n\t<meta property=\"og:image:type\" content=\"image\/jpeg\" \/>\n<meta name=\"author\" content=\"serasturianu\" \/>\n<meta name=\"twitter:card\" content=\"summary_large_image\" \/>\n<meta name=\"twitter:creator\" content=\"@SerAsturianu\" \/>\n<meta name=\"twitter:site\" content=\"@SerAsturianu\" \/>\n<meta name=\"twitter:label1\" content=\"Written by\" \/>\n\t<meta name=\"twitter:data1\" content=\"serasturianu\" \/>\n\t<meta name=\"twitter:label2\" content=\"Est. reading time\" \/>\n\t<meta name=\"twitter:data2\" content=\"6 minutes\" \/>\n<script type=\"application\/ld+json\" class=\"yoast-schema-graph\">{\"@context\":\"https:\\\/\\\/schema.org\",\"@graph\":[{\"@type\":\"Article\",\"@id\":\"https:\\\/\\\/serasturianu.com\\\/ast\\\/2019\\\/08\\\/21\\\/fiesta-de-la-sidra-de-gijon-xixon-programa-completo\\\/#article\",\"isPartOf\":{\"@id\":\"https:\\\/\\\/serasturianu.com\\\/ast\\\/2019\\\/08\\\/21\\\/fiesta-de-la-sidra-de-gijon-xixon-programa-completo\\\/\"},\"author\":{\"name\":\"serasturianu\",\"@id\":\"https:\\\/\\\/serasturianu.com\\\/ast\\\/#\\\/schema\\\/person\\\/7d40831736e46924e4c0f05b50eb56e3\"},\"headline\":\"Fiesta de la Sidra de Gij\u00f3n\\\/Xix\u00f3n: Programa completo\",\"datePublished\":\"2019-08-20T22:35:56+00:00\",\"dateModified\":\"2019-08-20T22:51:47+00:00\",\"mainEntityOfPage\":{\"@id\":\"https:\\\/\\\/serasturianu.com\\\/ast\\\/2019\\\/08\\\/21\\\/fiesta-de-la-sidra-de-gijon-xixon-programa-completo\\\/\"},\"wordCount\":1123,\"commentCount\":0,\"publisher\":{\"@id\":\"https:\\\/\\\/serasturianu.com\\\/ast\\\/#organization\"},\"image\":{\"@id\":\"https:\\\/\\\/serasturianu.com\\\/ast\\\/2019\\\/08\\\/21\\\/fiesta-de-la-sidra-de-gijon-xixon-programa-completo\\\/#primaryimage\"},\"thumbnailUrl\":\"https:\\\/\\\/i0.wp.com\\\/serasturianu.com\\\/wp-content\\\/uploads\\\/2019\\\/08\\\/cfcfcfckgc.jpg?fit=960%2C640&ssl=1\",\"keywords\":[\"Divertia\",\"Fiesta de la Sidra Natural\",\"Gij\u00f3n\",\"Preba\",\"sidra\",\"Xix\u00f3n\"],\"articleSection\":[\"Agenda\",\"Noticias\"],\"inLanguage\":\"ast\",\"potentialAction\":[{\"@type\":\"CommentAction\",\"name\":\"Comment\",\"target\":[\"https:\\\/\\\/serasturianu.com\\\/ast\\\/2019\\\/08\\\/21\\\/fiesta-de-la-sidra-de-gijon-xixon-programa-completo\\\/#respond\"]}]},{\"@type\":\"WebPage\",\"@id\":\"https:\\\/\\\/serasturianu.com\\\/ast\\\/2019\\\/08\\\/21\\\/fiesta-de-la-sidra-de-gijon-xixon-programa-completo\\\/\",\"url\":\"https:\\\/\\\/serasturianu.com\\\/ast\\\/2019\\\/08\\\/21\\\/fiesta-de-la-sidra-de-gijon-xixon-programa-completo\\\/\",\"name\":\"Fiesta de la Sidra de Gij\u00f3n\\\/Xix\u00f3n: Programa completo - Ser Asturianu\",\"isPartOf\":{\"@id\":\"https:\\\/\\\/serasturianu.com\\\/ast\\\/#website\"},\"primaryImageOfPage\":{\"@id\":\"https:\\\/\\\/serasturianu.com\\\/ast\\\/2019\\\/08\\\/21\\\/fiesta-de-la-sidra-de-gijon-xixon-programa-completo\\\/#primaryimage\"},\"image\":{\"@id\":\"https:\\\/\\\/serasturianu.com\\\/ast\\\/2019\\\/08\\\/21\\\/fiesta-de-la-sidra-de-gijon-xixon-programa-completo\\\/#primaryimage\"},\"thumbnailUrl\":\"https:\\\/\\\/i0.wp.com\\\/serasturianu.com\\\/wp-content\\\/uploads\\\/2019\\\/08\\\/cfcfcfckgc.jpg?fit=960%2C640&ssl=1\",\"datePublished\":\"2019-08-20T22:35:56+00:00\",\"dateModified\":\"2019-08-20T22:51:47+00:00\",\"breadcrumb\":{\"@id\":\"https:\\\/\\\/serasturianu.com\\\/ast\\\/2019\\\/08\\\/21\\\/fiesta-de-la-sidra-de-gijon-xixon-programa-completo\\\/#breadcrumb\"},\"inLanguage\":\"ast\",\"potentialAction\":[{\"@type\":\"ReadAction\",\"target\":[\"https:\\\/\\\/serasturianu.com\\\/ast\\\/2019\\\/08\\\/21\\\/fiesta-de-la-sidra-de-gijon-xixon-programa-completo\\\/\"]}]},{\"@type\":\"ImageObject\",\"inLanguage\":\"ast\",\"@id\":\"https:\\\/\\\/serasturianu.com\\\/ast\\\/2019\\\/08\\\/21\\\/fiesta-de-la-sidra-de-gijon-xixon-programa-completo\\\/#primaryimage\",\"url\":\"https:\\\/\\\/i0.wp.com\\\/serasturianu.com\\\/wp-content\\\/uploads\\\/2019\\\/08\\\/cfcfcfckgc.jpg?fit=960%2C640&ssl=1\",\"contentUrl\":\"https:\\\/\\\/i0.wp.com\\\/serasturianu.com\\\/wp-content\\\/uploads\\\/2019\\\/08\\\/cfcfcfckgc.jpg?fit=960%2C640&ssl=1\",\"width\":960,\"height\":640},{\"@type\":\"BreadcrumbList\",\"@id\":\"https:\\\/\\\/serasturianu.com\\\/ast\\\/2019\\\/08\\\/21\\\/fiesta-de-la-sidra-de-gijon-xixon-programa-completo\\\/#breadcrumb\",\"itemListElement\":[{\"@type\":\"ListItem\",\"position\":1,\"name\":\"Portada\",\"item\":\"https:\\\/\\\/serasturianu.com\\\/ast\\\/\"},{\"@type\":\"ListItem\",\"position\":2,\"name\":\"Fiesta de la Sidra de Gij\u00f3n\\\/Xix\u00f3n: Programa completo\"}]},{\"@type\":\"WebSite\",\"@id\":\"https:\\\/\\\/serasturianu.com\\\/ast\\\/#website\",\"url\":\"https:\\\/\\\/serasturianu.com\\\/ast\\\/\",\"name\":\"Ser Asturianu\",\"description\":\"Tours aut\u00e9nticos\",\"publisher\":{\"@id\":\"https:\\\/\\\/serasturianu.com\\\/ast\\\/#organization\"},\"potentialAction\":[{\"@type\":\"SearchAction\",\"target\":{\"@type\":\"EntryPoint\",\"urlTemplate\":\"https:\\\/\\\/serasturianu.com\\\/ast\\\/?s={search_term_string}\"},\"query-input\":{\"@type\":\"PropertyValueSpecification\",\"valueRequired\":true,\"valueName\":\"search_term_string\"}}],\"inLanguage\":\"ast\"},{\"@type\":\"Organization\",\"@id\":\"https:\\\/\\\/serasturianu.com\\\/ast\\\/#organization\",\"name\":\"Ser Asturianu\",\"url\":\"https:\\\/\\\/serasturianu.com\\\/ast\\\/\",\"logo\":{\"@type\":\"ImageObject\",\"inLanguage\":\"ast\",\"@id\":\"https:\\\/\\\/serasturianu.com\\\/ast\\\/#\\\/schema\\\/logo\\\/image\\\/\",\"url\":\"https:\\\/\\\/i0.wp.com\\\/serasturianu.com\\\/wp-content\\\/uploads\\\/2022\\\/01\\\/logofondu.png?fit=510%2C510&ssl=1\",\"contentUrl\":\"https:\\\/\\\/i0.wp.com\\\/serasturianu.com\\\/wp-content\\\/uploads\\\/2022\\\/01\\\/logofondu.png?fit=510%2C510&ssl=1\",\"width\":510,\"height\":510,\"caption\":\"Ser Asturianu\"},\"image\":{\"@id\":\"https:\\\/\\\/serasturianu.com\\\/ast\\\/#\\\/schema\\\/logo\\\/image\\\/\"},\"sameAs\":[\"https:\\\/\\\/www.facebook.com\\\/serasturianu\",\"https:\\\/\\\/x.com\\\/SerAsturianu\",\"https:\\\/\\\/www.instagram.com\\\/ser_asturianu\\\/\"]},{\"@type\":\"Person\",\"@id\":\"https:\\\/\\\/serasturianu.com\\\/ast\\\/#\\\/schema\\\/person\\\/7d40831736e46924e4c0f05b50eb56e3\",\"name\":\"serasturianu\",\"image\":{\"@type\":\"ImageObject\",\"inLanguage\":\"ast\",\"@id\":\"https:\\\/\\\/secure.gravatar.com\\\/avatar\\\/e402fe1cb4d6685aeaadf5eca83a377394f2f6e2b29898eb1dd1589b9b7d8614?s=96&d=mm&r=g\",\"url\":\"https:\\\/\\\/secure.gravatar.com\\\/avatar\\\/e402fe1cb4d6685aeaadf5eca83a377394f2f6e2b29898eb1dd1589b9b7d8614?s=96&d=mm&r=g\",\"contentUrl\":\"https:\\\/\\\/secure.gravatar.com\\\/avatar\\\/e402fe1cb4d6685aeaadf5eca83a377394f2f6e2b29898eb1dd1589b9b7d8614?s=96&d=mm&r=g\",\"caption\":\"serasturianu\"},\"url\":\"https:\\\/\\\/serasturianu.com\\\/ast\\\/author\\\/serasturianu\\\/\"}]}<\/script>\n<!-- \/ Yoast SEO plugin. -->","yoast_head_json":{"title":"Fiesta de la Sidra de Gij\u00f3n\/Xix\u00f3n: Programa completo - Ser Asturianu","robots":{"index":"index","follow":"follow","max-snippet":"max-snippet:-1","max-image-preview":"max-image-preview:large","max-video-preview":"max-video-preview:-1"},"canonical":"https:\/\/serasturianu.com\/ast\/2019\/08\/21\/fiesta-de-la-sidra-de-gijon-xixon-programa-completo\/","og_locale":"en_US","og_type":"article","og_title":"Fiesta de la Sidra de Gij\u00f3n\/Xix\u00f3n: Programa completo - Ser Asturianu","og_description":"A lo largo de la Fiesta de la Sidra Natural se celebrar\u00e1n visitas guiadas por Cimavilla con salida a las 11:30h en Las Letronas (el precio de 10\u20ac\/pax incluye degustaci\u00f3n de sidra final). Info y reservas: xixonenruta@gmail.com | 626 221 &hellip; Read More","og_url":"https:\/\/serasturianu.com\/ast\/2019\/08\/21\/fiesta-de-la-sidra-de-gijon-xixon-programa-completo\/","og_site_name":"Ser Asturianu","article_publisher":"https:\/\/www.facebook.com\/serasturianu","article_published_time":"2019-08-20T22:35:56+00:00","article_modified_time":"2019-08-20T22:51:47+00:00","og_image":[{"width":960,"height":640,"url":"https:\/\/i0.wp.com\/serasturianu.com\/wp-content\/uploads\/2019\/08\/cfcfcfckgc.jpg?fit=960%2C640&ssl=1","type":"image\/jpeg"}],"author":"serasturianu","twitter_card":"summary_large_image","twitter_creator":"@SerAsturianu","twitter_site":"@SerAsturianu","twitter_misc":{"Written by":"serasturianu","Est. reading time":"6 minutes"},"schema":{"@context":"https:\/\/schema.org","@graph":[{"@type":"Article","@id":"https:\/\/serasturianu.com\/ast\/2019\/08\/21\/fiesta-de-la-sidra-de-gijon-xixon-programa-completo\/#article","isPartOf":{"@id":"https:\/\/serasturianu.com\/ast\/2019\/08\/21\/fiesta-de-la-sidra-de-gijon-xixon-programa-completo\/"},"author":{"name":"serasturianu","@id":"https:\/\/serasturianu.com\/ast\/#\/schema\/person\/7d40831736e46924e4c0f05b50eb56e3"},"headline":"Fiesta de la Sidra de Gij\u00f3n\/Xix\u00f3n: Programa completo","datePublished":"2019-08-20T22:35:56+00:00","dateModified":"2019-08-20T22:51:47+00:00","mainEntityOfPage":{"@id":"https:\/\/serasturianu.com\/ast\/2019\/08\/21\/fiesta-de-la-sidra-de-gijon-xixon-programa-completo\/"},"wordCount":1123,"commentCount":0,"publisher":{"@id":"https:\/\/serasturianu.com\/ast\/#organization"},"image":{"@id":"https:\/\/serasturianu.com\/ast\/2019\/08\/21\/fiesta-de-la-sidra-de-gijon-xixon-programa-completo\/#primaryimage"},"thumbnailUrl":"https:\/\/i0.wp.com\/serasturianu.com\/wp-content\/uploads\/2019\/08\/cfcfcfckgc.jpg?fit=960%2C640&ssl=1","keywords":["Divertia","Fiesta de la Sidra Natural","Gij\u00f3n","Preba","sidra","Xix\u00f3n"],"articleSection":["Agenda","Noticias"],"inLanguage":"ast","potentialAction":[{"@type":"CommentAction","name":"Comment","target":["https:\/\/serasturianu.com\/ast\/2019\/08\/21\/fiesta-de-la-sidra-de-gijon-xixon-programa-completo\/#respond"]}]},{"@type":"WebPage","@id":"https:\/\/serasturianu.com\/ast\/2019\/08\/21\/fiesta-de-la-sidra-de-gijon-xixon-programa-completo\/","url":"https:\/\/serasturianu.com\/ast\/2019\/08\/21\/fiesta-de-la-sidra-de-gijon-xixon-programa-completo\/","name":"Fiesta de la Sidra de Gij\u00f3n\/Xix\u00f3n: Programa completo - Ser Asturianu","isPartOf":{"@id":"https:\/\/serasturianu.com\/ast\/#website"},"primaryImageOfPage":{"@id":"https:\/\/serasturianu.com\/ast\/2019\/08\/21\/fiesta-de-la-sidra-de-gijon-xixon-programa-completo\/#primaryimage"},"image":{"@id":"https:\/\/serasturianu.com\/ast\/2019\/08\/21\/fiesta-de-la-sidra-de-gijon-xixon-programa-completo\/#primaryimage"},"thumbnailUrl":"https:\/\/i0.wp.com\/serasturianu.com\/wp-content\/uploads\/2019\/08\/cfcfcfckgc.jpg?fit=960%2C640&ssl=1","datePublished":"2019-08-20T22:35:56+00:00","dateModified":"2019-08-20T22:51:47+00:00","breadcrumb":{"@id":"https:\/\/serasturianu.com\/ast\/2019\/08\/21\/fiesta-de-la-sidra-de-gijon-xixon-programa-completo\/#breadcrumb"},"inLanguage":"ast","potentialAction":[{"@type":"ReadAction","target":["https:\/\/serasturianu.com\/ast\/2019\/08\/21\/fiesta-de-la-sidra-de-gijon-xixon-programa-completo\/"]}]},{"@type":"ImageObject","inLanguage":"ast","@id":"https:\/\/serasturianu.com\/ast\/2019\/08\/21\/fiesta-de-la-sidra-de-gijon-xixon-programa-completo\/#primaryimage","url":"https:\/\/i0.wp.com\/serasturianu.com\/wp-content\/uploads\/2019\/08\/cfcfcfckgc.jpg?fit=960%2C640&ssl=1","contentUrl":"https:\/\/i0.wp.com\/serasturianu.com\/wp-content\/uploads\/2019\/08\/cfcfcfckgc.jpg?fit=960%2C640&ssl=1","width":960,"height":640},{"@type":"BreadcrumbList","@id":"https:\/\/serasturianu.com\/ast\/2019\/08\/21\/fiesta-de-la-sidra-de-gijon-xixon-programa-completo\/#breadcrumb","itemListElement":[{"@type":"ListItem","position":1,"name":"Portada","item":"https:\/\/serasturianu.com\/ast\/"},{"@type":"ListItem","position":2,"name":"Fiesta de la Sidra de Gij\u00f3n\/Xix\u00f3n: Programa completo"}]},{"@type":"WebSite","@id":"https:\/\/serasturianu.com\/ast\/#website","url":"https:\/\/serasturianu.com\/ast\/","name":"Ser Asturianu","description":"Tours aut\u00e9nticos","publisher":{"@id":"https:\/\/serasturianu.com\/ast\/#organization"},"potentialAction":[{"@type":"SearchAction","target":{"@type":"EntryPoint","urlTemplate":"https:\/\/serasturianu.com\/ast\/?s={search_term_string}"},"query-input":{"@type":"PropertyValueSpecification","valueRequired":true,"valueName":"search_term_string"}}],"inLanguage":"ast"},{"@type":"Organization","@id":"https:\/\/serasturianu.com\/ast\/#organization","name":"Ser Asturianu","url":"https:\/\/serasturianu.com\/ast\/","logo":{"@type":"ImageObject","inLanguage":"ast","@id":"https:\/\/serasturianu.com\/ast\/#\/schema\/logo\/image\/","url":"https:\/\/i0.wp.com\/serasturianu.com\/wp-content\/uploads\/2022\/01\/logofondu.png?fit=510%2C510&ssl=1","contentUrl":"https:\/\/i0.wp.com\/serasturianu.com\/wp-content\/uploads\/2022\/01\/logofondu.png?fit=510%2C510&ssl=1","width":510,"height":510,"caption":"Ser Asturianu"},"image":{"@id":"https:\/\/serasturianu.com\/ast\/#\/schema\/logo\/image\/"},"sameAs":["https:\/\/www.facebook.com\/serasturianu","https:\/\/x.com\/SerAsturianu","https:\/\/www.instagram.com\/ser_asturianu\/"]},{"@type":"Person","@id":"https:\/\/serasturianu.com\/ast\/#\/schema\/person\/7d40831736e46924e4c0f05b50eb56e3","name":"serasturianu","image":{"@type":"ImageObject","inLanguage":"ast","@id":"https:\/\/secure.gravatar.com\/avatar\/e402fe1cb4d6685aeaadf5eca83a377394f2f6e2b29898eb1dd1589b9b7d8614?s=96&d=mm&r=g","url":"https:\/\/secure.gravatar.com\/avatar\/e402fe1cb4d6685aeaadf5eca83a377394f2f6e2b29898eb1dd1589b9b7d8614?s=96&d=mm&r=g","contentUrl":"https:\/\/secure.gravatar.com\/avatar\/e402fe1cb4d6685aeaadf5eca83a377394f2f6e2b29898eb1dd1589b9b7d8614?s=96&d=mm&r=g","caption":"serasturianu"},"url":"https:\/\/serasturianu.com\/ast\/author\/serasturianu\/"}]}},"jetpack_featured_media_url":"https:\/\/i0.wp.com\/serasturianu.com\/wp-content\/uploads\/2019\/08\/cfcfcfckgc.jpg?fit=960%2C640&ssl=1","jetpack_sharing_enabled":true,"_links":{"self":[{"href":"https:\/\/serasturianu.com\/ast\/wp-json\/wp\/v2\/posts\/2131","targetHints":{"allow":["GET"]}}],"collection":[{"href":"https:\/\/serasturianu.com\/ast\/wp-json\/wp\/v2\/posts"}],"about":[{"href":"https:\/\/serasturianu.com\/ast\/wp-json\/wp\/v2\/types\/post"}],"author":[{"embeddable":true,"href":"https:\/\/serasturianu.com\/ast\/wp-json\/wp\/v2\/users\/1"}],"replies":[{"embeddable":true,"href":"https:\/\/serasturianu.com\/ast\/wp-json\/wp\/v2\/comments?post=2131"}],"version-history":[{"count":2,"href":"https:\/\/serasturianu.com\/ast\/wp-json\/wp\/v2\/posts\/2131\/revisions"}],"predecessor-version":[{"id":2135,"href":"https:\/\/serasturianu.com\/ast\/wp-json\/wp\/v2\/posts\/2131\/revisions\/2135"}],"wp:featuredmedia":[{"embeddable":true,"href":"https:\/\/serasturianu.com\/ast\/wp-json\/wp\/v2\/media\/2127"}],"wp:attachment":[{"href":"https:\/\/serasturianu.com\/ast\/wp-json\/wp\/v2\/media?parent=2131"}],"wp:term":[{"taxonomy":"category","embeddable":true,"href":"https:\/\/serasturianu.com\/ast\/wp-json\/wp\/v2\/categories?post=2131"},{"taxonomy":"post_tag","embeddable":true,"href":"https:\/\/serasturianu.com\/ast\/wp-json\/wp\/v2\/tags?post=2131"}],"curies":[{"name":"wp","href":"https:\/\/api.w.org\/{rel}","templated":true}]}}