{"id":2107,"date":"2019-08-21T00:18:41","date_gmt":"2019-08-20T22:18:41","guid":{"rendered":"https:\/\/serasturianu.com\/?p=2107"},"modified":"2019-08-21T00:44:19","modified_gmt":"2019-08-20T22:44:19","slug":"fiesta-de-la-sidra-de-xixon-programa-completu","status":"publish","type":"post","link":"https:\/\/serasturianu.com\/ast\/2019\/08\/21\/fiesta-de-la-sidra-de-xixon-programa-completu\/","title":{"rendered":"Fiesta de la Sidra de Xix\u00f3n: Programa completu"},"content":{"rendered":"<figure id=\"attachment_2127\" class=\"thumbnail wp-caption aligncenter\" style=\"width: 960px\"><img data-recalc-dims=\"1\" fetchpriority=\"high\" decoding=\"async\" class=\"wp-image-2127 size-full\" src=\"https:\/\/i0.wp.com\/serasturianu.com\/wp-content\/uploads\/2019\/08\/cfcfcfckgc.jpg?resize=960%2C640&ssl=1\" alt=\"\" width=\"960\" height=\"640\" srcset=\"https:\/\/i0.wp.com\/serasturianu.com\/wp-content\/uploads\/2019\/08\/cfcfcfckgc.jpg?w=960&ssl=1 960w, https:\/\/i0.wp.com\/serasturianu.com\/wp-content\/uploads\/2019\/08\/cfcfcfckgc.jpg?resize=300%2C200&ssl=1 300w, https:\/\/i0.wp.com\/serasturianu.com\/wp-content\/uploads\/2019\/08\/cfcfcfckgc.jpg?resize=768%2C512&ssl=1 768w, https:\/\/i0.wp.com\/serasturianu.com\/wp-content\/uploads\/2019\/08\/cfcfcfckgc.jpg?resize=600%2C400&ssl=1 600w\" sizes=\"(max-width: 960px) 100vw, 960px\" \/><figcaption class=\"caption wp-caption-text\">El llagaderu Miguel \u00c1ngel Vig\u00f3n va ser distingu\u00edu col \u2018Tonel d\u2019Oro 2019\u2019.<\/figcaption><\/figure>\n<p style=\"text-align: justify;\">A lo llargo de la <em>Fiesta de la Sidra Natural<\/em> celebrar\u00e1nse <strong>visites guiaes per Cimavilla <\/strong>con salida a les <strong>11:30h <\/strong>en <strong>Les Lletrones<\/strong> (el preciu de 10\u20ac\/pax incl\u00fai preba de sidra final).<\/p>\n<p style=\"text-align: justify;\"><strong>Info y reserves<\/strong>: xixonenruta@gmail.com | 626 221 712 \/ <span class=\"text_exposed_show\">684 605 548<\/span><\/p>\n<p><strong><a href=\"http:\/\/www.teatrojovellanos.com\/multimedia_objects\/download?object_id=244928&object_type=document\">Programa completu en PDF<\/a><\/strong><\/p>\n<h2><img data-recalc-dims=\"1\" decoding=\"async\" class=\"alignnone wp-image-2125 size-full\" src=\"https:\/\/i0.wp.com\/serasturianu.com\/wp-content\/uploads\/2019\/08\/69183943_684507078688436_5755421000304951296_n.jpg?resize=832%2C1174&ssl=1\" alt=\"\" width=\"832\" height=\"1174\" srcset=\"https:\/\/i0.wp.com\/serasturianu.com\/wp-content\/uploads\/2019\/08\/69183943_684507078688436_5755421000304951296_n.jpg?w=832&ssl=1 832w, https:\/\/i0.wp.com\/serasturianu.com\/wp-content\/uploads\/2019\/08\/69183943_684507078688436_5755421000304951296_n.jpg?resize=213%2C300&ssl=1 213w, https:\/\/i0.wp.com\/serasturianu.com\/wp-content\/uploads\/2019\/08\/69183943_684507078688436_5755421000304951296_n.jpg?resize=768%2C1084&ssl=1 768w, https:\/\/i0.wp.com\/serasturianu.com\/wp-content\/uploads\/2019\/08\/69183943_684507078688436_5755421000304951296_n.jpg?resize=726%2C1024&ssl=1 726w, https:\/\/i0.wp.com\/serasturianu.com\/wp-content\/uploads\/2019\/08\/69183943_684507078688436_5755421000304951296_n.jpg?resize=600%2C847&ssl=1 600w\" sizes=\"(max-width: 832px) 100vw, 832px\" \/><\/h2>\n<h2><\/h2>\n<h2 style=\"text-align: justify;\"><strong>Llunes 19<\/strong><\/h2>\n<p style=\"text-align: justify;\"><strong>Mercad\u00edn de la Sidra y la Mazana <\/strong>\/ Xardinos de la Reina \/ <strong>11.00 h. a 24.00 h.<\/strong><br \/>\n<strong>\u201cArte na Cai\u201d M\u00fasica y Baille Tradicional Excelsior<\/strong> \/ Plaza Italia \/ <strong>20.00 h.<\/strong><br \/>\n<strong>Plantaci\u00f3n del Pumar Tradicional n\u2019homenaxe al Tonel d\u2019Oru 2019<\/strong> (Miguel \u00c1ngel Vig\u00f3n Toyos)<\/p>\n<h2 style=\"text-align: justify;\"><\/h2>\n<h2 style=\"text-align: justify;\"><strong>Martes 20<\/strong><\/h2>\n<p style=\"text-align: justify;\"><strong>Mercad\u00edn de la Sidra y la Mazana <\/strong>\/ Xardinos de la Reina \/ <strong>11.00 h. a 24.00 h.<\/strong><\/p>\n<p style=\"text-align: justify;\"><strong>Ciclu de Conferencies \u201cConoz la Sidra\u201d<\/strong>\/ Plaza Mayor \/ <strong>13.00 h.<\/strong><br \/>\nInaciu Hevia Llavona (Comunicador Social de la cultura y historia de la sidra) <em>Historia de la botella de sidra asturiana.<\/em><\/p>\n<p style=\"text-align: justify;\"><strong>Grupu de Sal\u00fa ya Iguald\u00e1 del Conseyu de la Moced\u00e1 de Xix\u00f3n<\/strong> \/ Tarima de Bego\u00f1a \/ <strong>19.00 h. a 21.00 h.<\/strong><br \/>\n\u2022 Taller de chapes<br \/>\n\u2022 La historia de la sidra por pa\u00edses<br \/>\n\u2022 Pasapallabra sobre la fiesta de sidra tradicional<\/p>\n<p style=\"text-align: justify;\">La entid\u00e1 xuvenil va facer tami\u00e9n dos intervenciones al rodiu del consumu responsable de sidra\u2019l d\u00eda 23 nel R\u00e9cor d\u2019Escanci\u00e1u de Sidra, y el d\u00eda 25 na Plaza Mayor.<\/p>\n<p style=\"text-align: justify;\"><strong>Ciclu de Conferencies \u201cConoz la Sidra\u201d<\/strong> \/ Plaza Mayor \/ 19.00 h.Eduardo V\u00e1zquez Coto (Xestor sidreru y espertu nel contestu internacional de la sidra) <em>La sidra m\u00e1s salvaje del mundo en el contexto internacional.<\/em><\/p>\n<p style=\"text-align: justify;\"><strong>D\u00fao Llocantaru<\/strong> \/ Plaza Mayor \/ <strong>19.30 h.<\/strong><\/p>\n<p style=\"text-align: justify;\"><strong>Actuaci\u00f3n musical curtia\u201cArte na Cai\u201d Grupu Folcl\u00f3ricu \u201cEl Turrux\u00f3n\u201d<\/strong> \/ Plaza Italia \/ <strong>20.00 h<\/strong><\/p>\n<h2 style=\"text-align: justify;\"><\/h2>\n<h2 style=\"text-align: justify;\"><strong>Mi\u00e9rcoles 21<\/strong><\/h2>\n<p style=\"text-align: justify;\"><strong>Mercad\u00edn de la Sidra y la Mazana<\/strong> \/ Xardinos de la Reina \/ <strong>11.00 h. a 24.00 h.<\/strong><\/p>\n<p style=\"text-align: justify;\"><strong>Ciclu de Conferencies \u201cConoz la Sidra\u201d<\/strong> \/ Plaza Mayor \/ <strong>13.00 h.<\/strong> Luis Benito Garc\u00eda \u00c1lvarez (Profesor universitariu y especialista en cultura sidrera) <em>Historia y cultura de la sidra n\u2019Asturies.<\/em><\/p>\n<p style=\"text-align: justify;\"><strong>Ciclu de Conferencies \u201cConoz la Sidra\u201d<\/strong>\/ Plaza Mayor \/ <strong>19.00 h<\/strong>. Xuan de Con Redondo (Antrop\u00f3logu especializ\u00e1u en cultura sidrera) <em>\u00bfPor qu\u00e9 falamos de la sidra como patrimoniu cultural?<\/em><\/p>\n<p style=\"text-align: justify;\"><strong>D\u00fao Llocantaru<\/strong> \/ Plaza Mayor \/ <strong>19.30 h.<\/strong> Actuaci\u00f3n musical curtia.<\/p>\n<p style=\"text-align: justify;\"><strong>\u201cArte na Cai\u201d Agrupaci\u00f3n Folcl\u00f3rica Asturiana Los Xustos<\/strong> \/ Plaza Italia \/<strong> 20.00 h.<\/strong><\/p>\n<h2 style=\"text-align: justify;\"><\/h2>\n<h2 style=\"text-align: justify;\"><strong>Xueves 22<\/strong><\/h2>\n<p style=\"text-align: justify;\"><strong>Mercad\u00edn de la Sidra y la Mazana <\/strong>\/ Xardinos de la Reina \/ <strong>11.00 h. a 24.00 h<\/strong><br \/>\n<strong>Concursu Meyor Sidra Ellaborao n\u2019Asturies<\/strong><br \/>\n<strong>Premiu Eloxu d\u2019Oro Fiesta de la Sidra de Xix\u00f3n 2019 \u2013 Primer Corte (ensin p\u00fablicu)<\/strong><\/p>\n<p style=\"text-align: justify;\"><strong>Ciclu de Conferencies \u201cConoz la Sidra\u201d<\/strong> \/ Plaza Mayor \/ <strong>13.00 h.<\/strong><br \/>\nYolanda Trabanco Olmo (Directora de Marketing y Comunicaci\u00f3n y \u00c1rea d\u2019Eventos de Sidra Trabanco) <em>La muyer nel mundu de la sidra<\/em><\/p>\n<p style=\"text-align: justify;\"><strong>XXVI Concursu Oficial d\u2019Echadores<\/strong> \/ Plaza Mayor \/ <strong>17.30 h.<\/strong><br \/>\nPuntuable pal Campeonatu d\u2019Asturies 2019<br \/>\nEntrega del Premiu a la \u201cEtiqueta M\u00e1s Guapina\u201d, X Edici\u00f3n Grupo Sidrastur<\/p>\n<p style=\"text-align: justify;\"><strong>\u201cArte na Cai\u201d Asociaci\u00f3n de Coros y Dances Jovellanos<\/strong> \/ Plaza Italia \/<strong> 20.00 h<\/strong><\/p>\n<h2 style=\"text-align: justify;\"><\/h2>\n<h2 style=\"text-align: justify;\"><strong>Vienres 23<\/strong><\/h2>\n<p style=\"text-align: justify;\"><strong>Mercad\u00edn de la Sidra y la Mazana<\/strong> \/ Xardinos de la Reina \/ <strong>11.00 h. a 24.00 h<\/strong><\/p>\n<p style=\"text-align: justify;\"><strong>R\u00e9cor Mundial d\u2019Escanci\u00e1u Simultaneu<\/strong> \/ Playa de Poniente (a l\u2019altura l\u2019edificiu de salvamentu) \/ <strong>18.00 h.<\/strong><br \/>\n<strong>18.00 h.<\/strong>Vamos entamar a baxar pa la Playa. La Organizaci\u00f3n va ufiertar les primeres 9.581 botelles (9.580 + 1) pa superar el r\u00e9cor del a\u00f1u pas\u00e1u. Y pa ello, necesit\u00e1moste; nun dexes de venir. Pa que nun nos vague la espera cuntamos cola Banda de Gaites Villa de Xix\u00f3n<\/p>\n<p style=\"text-align: justify;\"><strong>20.30 h. aprox. VAMOS BATIR EL R\u00c9COR MUNDIAL<\/strong> echando toos xuntos \u201cEL CUL\u00cdN\u201d Cola participaci\u00f3n d\u2019Alberto Rodr\u00edguez d\u2019Escenapache.<br \/>\nTola xente HA TRAYER EL SO VASU y va haber un accesu especial pa que los participantes que vengan cola so botella nun tengan de facer cola.<br \/>\nPor cada vasu de sidra de la fiesta que se vienda esti d\u00eda, Laboral Kutxa va entregar 1\u20ac a L\u2019asociaci\u00f3n Apaci Cardiopat\u00edas Cong\u00e9nitas.<\/p>\n<p style=\"text-align: justify;\">Sofiten: Laboral Kutxa y la Denominaci\u00f3n de Origen Protegida Sidra de Asturias.<br \/>\nSidra del r\u00e9cor: Sidra Sope\u00f1a, Meyor Sidra Tradicional d\u2019Asturies 2019 Ganadora del Concursu conced\u00edu pol Conseyu Regulador de la DOP sidra d\u2019Asturies.<\/p>\n<p style=\"text-align: justify;\"><strong>Grupu de Sal\u00fa ya Iguald\u00e1 del Conseyu de la Moced\u00e1 de Xix\u00f3n<\/strong> \/ Playa de Poniente \/ <strong>Dende les 18 00h.<\/strong><br \/>\nPor una fiesta de la sidra responsable, onde lo importante ye pasalo bien cola xente.<br \/>\nPrueba d\u2019alcoholemia \/ Informaci\u00f3n sobre l\u2019alcohol \/ campa\u00f1a #AlVolanteNiUnCul\u00edn \/ Gafes de simulaci\u00f3n\u2026<\/p>\n<p style=\"text-align: justify;\"><strong>\u00a1Vamos ensayar! Cancios de Chigre<\/strong> \/ Plaza Mayor \/ <strong>22.00 h.<\/strong><br \/>\nCola actuaci\u00f3n de la Socied\u00e1 Torner y del p\u00fablicu asistente. Dirixe: Carlos Jos\u00e9 Mart\u00ednez.<\/p>\n<h2 style=\"text-align: justify;\"><\/h2>\n<h2 style=\"text-align: justify;\"><strong>S\u00e1badu 24<\/strong><\/h2>\n<p style=\"text-align: justify;\"><strong>Mercad\u00edn de la Sidra y la Mazana<\/strong> \/ Xardinos de la Reina \/ <strong>11.00 h. a 24.00 h.<\/strong><br \/>\n<strong>Cancios de Chigre<\/strong> \/ Plaza Mayor \/ <strong>21.00 h.<\/strong><br \/>\nCola actuaci\u00f3n de la <strong>Socied\u00e1 Torner<\/strong> y del p\u00fablicu asistente. Dirixe: <strong>Carlos Jos\u00e9 Mart\u00ednez<\/strong><\/p>\n<h2 style=\"text-align: justify;\"><\/h2>\n<h2 style=\"text-align: justify;\"><strong>Domingu 25<\/strong><\/h2>\n<p style=\"text-align: justify;\"><strong>Mercad\u00edn de la Sidra y la Mazana<\/strong> \/ Xardinos de la Reina \/ <strong>11.00 h. a 22.00 h.<\/strong><\/p>\n<p style=\"text-align: justify;\"><strong>Actu protocolariu \u201cObsequiu del Primer Cul\u00edn\u201d<\/strong> \/ Plaza Mayor y Plaza\u2019l Marqu\u00e9s \/ <strong>12.00 h.<\/strong><br \/>\nNel trescursu del actu Ana Gonz\u00e1lez, \u2019alcaldesa de Xix\u00f3n o\u2019l so representante va dar la bienllegada a les y los llagareros participantes y va conceder el \u201cTonel d\u2019Oro\u201d a Miguel A. Vig\u00f3n Toyos.<br \/>\nDarr\u00e9u Cristina Norniella S\u00e1nchez en representaci\u00f3n de Sidra Huerces, ganadora del Premiu \u201cEloxu d\u2019Oro 2018\u201d, y Andr\u00e9s Canal Palacio, en representaci\u00f3n de Sidra Canal, ganadora del \u201cPremiu del P\u00fablicu 2018\u201d, van echar los primeros culinos de la Fiesta.<br \/>\nLa m\u00fasica ponla la Banda de Gaites Villa de Xix\u00f3n. Al rematar l\u2019actu va entamar la preba de sidra nes casetes.<\/p>\n<p style=\"text-align: justify;\"><strong>Grupu de Sal\u00fa ya Iguald\u00e1 del Conseyu de la Moced\u00e1 de Xix\u00f3n<\/strong> \/ Playa de Poniente \/ <strong>Dende les 18.00 h<\/strong><br \/>\nPor una fiesta de la sidra responsable, onde lo importante ye pasalo bien cola xente.<br \/>\nPrueba d\u2019alcoholemia \/ Informaci\u00f3n sobre l\u2019alcohol \/ campa\u00f1a #AlVolanteNiUnCul\u00edn \/ Gafes de simulaci\u00f3n\u2026<\/p>\n<p style=\"text-align: justify;\"><strong>Aconceya\u2019l Xur\u00e1u del Premiu Meyor Sidra Natural Ellaborao n\u2019Asturies<\/strong><br \/>\n<strong>Premiu Eloxu d\u2019Oro Fiesta de la Sidra de Xix\u00f3n 2019<\/strong> \u2013 Segundu corte (escenariu) \/ Plaza Mayor \/ <strong>12.30 h.<\/strong><br \/>\nEl Xur\u00e1u va aconceyar pa facer la preba y decidir la sidra ganadora del cuncursu<\/p>\n<p style=\"text-align: justify;\"><strong>Entrega del Premiu Meyor Sidra Natural Ellaborao n\u2019Asturies<\/strong><br \/>\n<strong>Premiu Eloxu d\u2019Oro Fiesta de la Sidra de Xix\u00f3n 2019<\/strong> \/ Plaza Mayor \/ <strong>14.00 h<\/strong>. (hora aproximada)<\/p>\n<p style=\"text-align: justify;\">A les 15.00 h. la <strong>Banda de Gaites Villa de Xix\u00f3n<\/strong> va interpretar l\u2019<strong>Asturies, Patria Querida<\/strong> col que va ponese\u2019l ramu a la preba de sidra.<\/p>\n<p>\u00a0<\/p>","protected":false},"excerpt":{"rendered":"<p>A lo llargo de la Fiesta de la Sidra Natural celebrar\u00e1nse visites guiaes per Cimavilla con salida a les 11:30h en Les Lletrones (el preciu de 10\u20ac\/pax incl\u00fai preba de sidra final). Info y reserves: xixonenruta@gmail.com | 626 221 712 &hellip; <a href=\"https:\/\/serasturianu.com\/ast\/2019\/08\/21\/fiesta-de-la-sidra-de-xixon-programa-completu\/\">Read More<\/a><\/p>","protected":false},"author":1,"featured_media":2127,"comment_status":"open","ping_status":"open","sticky":false,"template":"","format":"standard","meta":{"_monsterinsights_skip_tracking":false,"_monsterinsights_sitenote_active":false,"_monsterinsights_sitenote_note":"","_monsterinsights_sitenote_category":0,"_jetpack_memberships_contains_paid_content":false,"footnotes":""},"categories":[58,107],"tags":[369,367,352,371,356],"class_list":["post-2107","post","type-post","status-publish","format-standard","has-post-thumbnail","hentry","category-axenda","category-noticies","tag-divertia","tag-fiesta-de-la-sidra-natural","tag-gijon-ast","tag-sidra-ast","tag-xixon-ast"],"yoast_head":"<!-- This site is optimized with the Yoast SEO plugin v27.5 - https:\/\/yoast.com\/product\/yoast-seo-wordpress\/ -->\n<title>Fiesta de la Sidra de Xix\u00f3n: Programa completu - Ser Asturianu<\/title>\n<meta name=\"robots\" content=\"index, follow, max-snippet:-1, max-image-preview:large, max-video-preview:-1\" \/>\n<link rel=\"canonical\" href=\"https:\/\/serasturianu.com\/ast\/2019\/08\/21\/fiesta-de-la-sidra-de-xixon-programa-completu\/\" \/>\n<meta property=\"og:locale\" content=\"en_US\" \/>\n<meta property=\"og:type\" content=\"article\" \/>\n<meta property=\"og:title\" content=\"Fiesta de la Sidra de Xix\u00f3n: Programa completu - Ser Asturianu\" \/>\n<meta property=\"og:description\" content=\"A lo llargo de la Fiesta de la Sidra Natural celebrar\u00e1nse visites guiaes per Cimavilla con salida a les 11:30h en Les Lletrones (el preciu de 10\u20ac\/pax incl\u00fai preba de sidra final). Info y reserves: xixonenruta@gmail.com | 626 221 712 &hellip; Read More\" \/>\n<meta property=\"og:url\" content=\"https:\/\/serasturianu.com\/ast\/2019\/08\/21\/fiesta-de-la-sidra-de-xixon-programa-completu\/\" \/>\n<meta property=\"og:site_name\" content=\"Ser Asturianu\" \/>\n<meta property=\"article:publisher\" content=\"https:\/\/www.facebook.com\/serasturianu\" \/>\n<meta property=\"article:published_time\" content=\"2019-08-20T22:18:41+00:00\" \/>\n<meta property=\"article:modified_time\" content=\"2019-08-20T22:44:19+00:00\" \/>\n<meta property=\"og:image\" content=\"https:\/\/i0.wp.com\/serasturianu.com\/wp-content\/uploads\/2019\/08\/cfcfcfckgc.jpg?fit=960%2C640&ssl=1\" \/>\n\t<meta property=\"og:image:width\" content=\"960\" \/>\n\t<meta property=\"og:image:height\" content=\"640\" \/>\n\t<meta property=\"og:image:type\" content=\"image\/jpeg\" \/>\n<meta name=\"author\" content=\"serasturianu\" \/>\n<meta name=\"twitter:card\" content=\"summary_large_image\" \/>\n<meta name=\"twitter:creator\" content=\"@SerAsturianu\" \/>\n<meta name=\"twitter:site\" content=\"@SerAsturianu\" \/>\n<meta name=\"twitter:label1\" content=\"Written by\" \/>\n\t<meta name=\"twitter:data1\" content=\"serasturianu\" \/>\n\t<meta name=\"twitter:label2\" content=\"Est. reading time\" \/>\n\t<meta name=\"twitter:data2\" content=\"5 minutes\" \/>\n<script type=\"application\/ld+json\" class=\"yoast-schema-graph\">{\"@context\":\"https:\\\/\\\/schema.org\",\"@graph\":[{\"@type\":\"Article\",\"@id\":\"https:\\\/\\\/serasturianu.com\\\/ast\\\/2019\\\/08\\\/21\\\/fiesta-de-la-sidra-de-xixon-programa-completu\\\/#article\",\"isPartOf\":{\"@id\":\"https:\\\/\\\/serasturianu.com\\\/ast\\\/2019\\\/08\\\/21\\\/fiesta-de-la-sidra-de-xixon-programa-completu\\\/\"},\"author\":{\"name\":\"serasturianu\",\"@id\":\"https:\\\/\\\/serasturianu.com\\\/ast\\\/#\\\/schema\\\/person\\\/7d40831736e46924e4c0f05b50eb56e3\"},\"headline\":\"Fiesta de la Sidra de Xix\u00f3n: Programa completu\",\"datePublished\":\"2019-08-20T22:18:41+00:00\",\"dateModified\":\"2019-08-20T22:44:19+00:00\",\"mainEntityOfPage\":{\"@id\":\"https:\\\/\\\/serasturianu.com\\\/ast\\\/2019\\\/08\\\/21\\\/fiesta-de-la-sidra-de-xixon-programa-completu\\\/\"},\"wordCount\":1102,\"commentCount\":0,\"publisher\":{\"@id\":\"https:\\\/\\\/serasturianu.com\\\/ast\\\/#organization\"},\"image\":{\"@id\":\"https:\\\/\\\/serasturianu.com\\\/ast\\\/2019\\\/08\\\/21\\\/fiesta-de-la-sidra-de-xixon-programa-completu\\\/#primaryimage\"},\"thumbnailUrl\":\"https:\\\/\\\/i0.wp.com\\\/serasturianu.com\\\/wp-content\\\/uploads\\\/2019\\\/08\\\/cfcfcfckgc.jpg?fit=960%2C640&ssl=1\",\"keywords\":[\"Divertia\",\"Fiesta de la Sidra Natural\",\"Gij\u00f3n\",\"sidra\",\"Xix\u00f3n\"],\"articleSection\":[\"Axenda\",\"Noticies\"],\"inLanguage\":\"ast\",\"potentialAction\":[{\"@type\":\"CommentAction\",\"name\":\"Comment\",\"target\":[\"https:\\\/\\\/serasturianu.com\\\/ast\\\/2019\\\/08\\\/21\\\/fiesta-de-la-sidra-de-xixon-programa-completu\\\/#respond\"]}]},{\"@type\":\"WebPage\",\"@id\":\"https:\\\/\\\/serasturianu.com\\\/ast\\\/2019\\\/08\\\/21\\\/fiesta-de-la-sidra-de-xixon-programa-completu\\\/\",\"url\":\"https:\\\/\\\/serasturianu.com\\\/ast\\\/2019\\\/08\\\/21\\\/fiesta-de-la-sidra-de-xixon-programa-completu\\\/\",\"name\":\"Fiesta de la Sidra de Xix\u00f3n: Programa completu - Ser Asturianu\",\"isPartOf\":{\"@id\":\"https:\\\/\\\/serasturianu.com\\\/ast\\\/#website\"},\"primaryImageOfPage\":{\"@id\":\"https:\\\/\\\/serasturianu.com\\\/ast\\\/2019\\\/08\\\/21\\\/fiesta-de-la-sidra-de-xixon-programa-completu\\\/#primaryimage\"},\"image\":{\"@id\":\"https:\\\/\\\/serasturianu.com\\\/ast\\\/2019\\\/08\\\/21\\\/fiesta-de-la-sidra-de-xixon-programa-completu\\\/#primaryimage\"},\"thumbnailUrl\":\"https:\\\/\\\/i0.wp.com\\\/serasturianu.com\\\/wp-content\\\/uploads\\\/2019\\\/08\\\/cfcfcfckgc.jpg?fit=960%2C640&ssl=1\",\"datePublished\":\"2019-08-20T22:18:41+00:00\",\"dateModified\":\"2019-08-20T22:44:19+00:00\",\"breadcrumb\":{\"@id\":\"https:\\\/\\\/serasturianu.com\\\/ast\\\/2019\\\/08\\\/21\\\/fiesta-de-la-sidra-de-xixon-programa-completu\\\/#breadcrumb\"},\"inLanguage\":\"ast\",\"potentialAction\":[{\"@type\":\"ReadAction\",\"target\":[\"https:\\\/\\\/serasturianu.com\\\/ast\\\/2019\\\/08\\\/21\\\/fiesta-de-la-sidra-de-xixon-programa-completu\\\/\"]}]},{\"@type\":\"ImageObject\",\"inLanguage\":\"ast\",\"@id\":\"https:\\\/\\\/serasturianu.com\\\/ast\\\/2019\\\/08\\\/21\\\/fiesta-de-la-sidra-de-xixon-programa-completu\\\/#primaryimage\",\"url\":\"https:\\\/\\\/i0.wp.com\\\/serasturianu.com\\\/wp-content\\\/uploads\\\/2019\\\/08\\\/cfcfcfckgc.jpg?fit=960%2C640&ssl=1\",\"contentUrl\":\"https:\\\/\\\/i0.wp.com\\\/serasturianu.com\\\/wp-content\\\/uploads\\\/2019\\\/08\\\/cfcfcfckgc.jpg?fit=960%2C640&ssl=1\",\"width\":960,\"height\":640},{\"@type\":\"BreadcrumbList\",\"@id\":\"https:\\\/\\\/serasturianu.com\\\/ast\\\/2019\\\/08\\\/21\\\/fiesta-de-la-sidra-de-xixon-programa-completu\\\/#breadcrumb\",\"itemListElement\":[{\"@type\":\"ListItem\",\"position\":1,\"name\":\"Portada\",\"item\":\"https:\\\/\\\/serasturianu.com\\\/ast\\\/\"},{\"@type\":\"ListItem\",\"position\":2,\"name\":\"Fiesta de la Sidra de Xix\u00f3n: Programa completu\"}]},{\"@type\":\"WebSite\",\"@id\":\"https:\\\/\\\/serasturianu.com\\\/ast\\\/#website\",\"url\":\"https:\\\/\\\/serasturianu.com\\\/ast\\\/\",\"name\":\"Ser Asturianu\",\"description\":\"Tours aut\u00e9nticos\",\"publisher\":{\"@id\":\"https:\\\/\\\/serasturianu.com\\\/ast\\\/#organization\"},\"potentialAction\":[{\"@type\":\"SearchAction\",\"target\":{\"@type\":\"EntryPoint\",\"urlTemplate\":\"https:\\\/\\\/serasturianu.com\\\/ast\\\/?s={search_term_string}\"},\"query-input\":{\"@type\":\"PropertyValueSpecification\",\"valueRequired\":true,\"valueName\":\"search_term_string\"}}],\"inLanguage\":\"ast\"},{\"@type\":\"Organization\",\"@id\":\"https:\\\/\\\/serasturianu.com\\\/ast\\\/#organization\",\"name\":\"Ser Asturianu\",\"url\":\"https:\\\/\\\/serasturianu.com\\\/ast\\\/\",\"logo\":{\"@type\":\"ImageObject\",\"inLanguage\":\"ast\",\"@id\":\"https:\\\/\\\/serasturianu.com\\\/ast\\\/#\\\/schema\\\/logo\\\/image\\\/\",\"url\":\"https:\\\/\\\/i0.wp.com\\\/serasturianu.com\\\/wp-content\\\/uploads\\\/2022\\\/01\\\/logofondu.png?fit=510%2C510&ssl=1\",\"contentUrl\":\"https:\\\/\\\/i0.wp.com\\\/serasturianu.com\\\/wp-content\\\/uploads\\\/2022\\\/01\\\/logofondu.png?fit=510%2C510&ssl=1\",\"width\":510,\"height\":510,\"caption\":\"Ser Asturianu\"},\"image\":{\"@id\":\"https:\\\/\\\/serasturianu.com\\\/ast\\\/#\\\/schema\\\/logo\\\/image\\\/\"},\"sameAs\":[\"https:\\\/\\\/www.facebook.com\\\/serasturianu\",\"https:\\\/\\\/x.com\\\/SerAsturianu\",\"https:\\\/\\\/www.instagram.com\\\/ser_asturianu\\\/\"]},{\"@type\":\"Person\",\"@id\":\"https:\\\/\\\/serasturianu.com\\\/ast\\\/#\\\/schema\\\/person\\\/7d40831736e46924e4c0f05b50eb56e3\",\"name\":\"serasturianu\",\"image\":{\"@type\":\"ImageObject\",\"inLanguage\":\"ast\",\"@id\":\"https:\\\/\\\/secure.gravatar.com\\\/avatar\\\/e402fe1cb4d6685aeaadf5eca83a377394f2f6e2b29898eb1dd1589b9b7d8614?s=96&d=mm&r=g\",\"url\":\"https:\\\/\\\/secure.gravatar.com\\\/avatar\\\/e402fe1cb4d6685aeaadf5eca83a377394f2f6e2b29898eb1dd1589b9b7d8614?s=96&d=mm&r=g\",\"contentUrl\":\"https:\\\/\\\/secure.gravatar.com\\\/avatar\\\/e402fe1cb4d6685aeaadf5eca83a377394f2f6e2b29898eb1dd1589b9b7d8614?s=96&d=mm&r=g\",\"caption\":\"serasturianu\"},\"url\":\"https:\\\/\\\/serasturianu.com\\\/ast\\\/author\\\/serasturianu\\\/\"}]}<\/script>\n<!-- \/ Yoast SEO plugin. -->","yoast_head_json":{"title":"Fiesta de la Sidra de Xix\u00f3n: Programa completu - Ser Asturianu","robots":{"index":"index","follow":"follow","max-snippet":"max-snippet:-1","max-image-preview":"max-image-preview:large","max-video-preview":"max-video-preview:-1"},"canonical":"https:\/\/serasturianu.com\/ast\/2019\/08\/21\/fiesta-de-la-sidra-de-xixon-programa-completu\/","og_locale":"en_US","og_type":"article","og_title":"Fiesta de la Sidra de Xix\u00f3n: Programa completu - Ser Asturianu","og_description":"A lo llargo de la Fiesta de la Sidra Natural celebrar\u00e1nse visites guiaes per Cimavilla con salida a les 11:30h en Les Lletrones (el preciu de 10\u20ac\/pax incl\u00fai preba de sidra final). Info y reserves: xixonenruta@gmail.com | 626 221 712 &hellip; Read More","og_url":"https:\/\/serasturianu.com\/ast\/2019\/08\/21\/fiesta-de-la-sidra-de-xixon-programa-completu\/","og_site_name":"Ser Asturianu","article_publisher":"https:\/\/www.facebook.com\/serasturianu","article_published_time":"2019-08-20T22:18:41+00:00","article_modified_time":"2019-08-20T22:44:19+00:00","og_image":[{"width":960,"height":640,"url":"https:\/\/i0.wp.com\/serasturianu.com\/wp-content\/uploads\/2019\/08\/cfcfcfckgc.jpg?fit=960%2C640&ssl=1","type":"image\/jpeg"}],"author":"serasturianu","twitter_card":"summary_large_image","twitter_creator":"@SerAsturianu","twitter_site":"@SerAsturianu","twitter_misc":{"Written by":"serasturianu","Est. reading time":"5 minutes"},"schema":{"@context":"https:\/\/schema.org","@graph":[{"@type":"Article","@id":"https:\/\/serasturianu.com\/ast\/2019\/08\/21\/fiesta-de-la-sidra-de-xixon-programa-completu\/#article","isPartOf":{"@id":"https:\/\/serasturianu.com\/ast\/2019\/08\/21\/fiesta-de-la-sidra-de-xixon-programa-completu\/"},"author":{"name":"serasturianu","@id":"https:\/\/serasturianu.com\/ast\/#\/schema\/person\/7d40831736e46924e4c0f05b50eb56e3"},"headline":"Fiesta de la Sidra de Xix\u00f3n: Programa completu","datePublished":"2019-08-20T22:18:41+00:00","dateModified":"2019-08-20T22:44:19+00:00","mainEntityOfPage":{"@id":"https:\/\/serasturianu.com\/ast\/2019\/08\/21\/fiesta-de-la-sidra-de-xixon-programa-completu\/"},"wordCount":1102,"commentCount":0,"publisher":{"@id":"https:\/\/serasturianu.com\/ast\/#organization"},"image":{"@id":"https:\/\/serasturianu.com\/ast\/2019\/08\/21\/fiesta-de-la-sidra-de-xixon-programa-completu\/#primaryimage"},"thumbnailUrl":"https:\/\/i0.wp.com\/serasturianu.com\/wp-content\/uploads\/2019\/08\/cfcfcfckgc.jpg?fit=960%2C640&ssl=1","keywords":["Divertia","Fiesta de la Sidra Natural","Gij\u00f3n","sidra","Xix\u00f3n"],"articleSection":["Axenda","Noticies"],"inLanguage":"ast","potentialAction":[{"@type":"CommentAction","name":"Comment","target":["https:\/\/serasturianu.com\/ast\/2019\/08\/21\/fiesta-de-la-sidra-de-xixon-programa-completu\/#respond"]}]},{"@type":"WebPage","@id":"https:\/\/serasturianu.com\/ast\/2019\/08\/21\/fiesta-de-la-sidra-de-xixon-programa-completu\/","url":"https:\/\/serasturianu.com\/ast\/2019\/08\/21\/fiesta-de-la-sidra-de-xixon-programa-completu\/","name":"Fiesta de la Sidra de Xix\u00f3n: Programa completu - Ser Asturianu","isPartOf":{"@id":"https:\/\/serasturianu.com\/ast\/#website"},"primaryImageOfPage":{"@id":"https:\/\/serasturianu.com\/ast\/2019\/08\/21\/fiesta-de-la-sidra-de-xixon-programa-completu\/#primaryimage"},"image":{"@id":"https:\/\/serasturianu.com\/ast\/2019\/08\/21\/fiesta-de-la-sidra-de-xixon-programa-completu\/#primaryimage"},"thumbnailUrl":"https:\/\/i0.wp.com\/serasturianu.com\/wp-content\/uploads\/2019\/08\/cfcfcfckgc.jpg?fit=960%2C640&ssl=1","datePublished":"2019-08-20T22:18:41+00:00","dateModified":"2019-08-20T22:44:19+00:00","breadcrumb":{"@id":"https:\/\/serasturianu.com\/ast\/2019\/08\/21\/fiesta-de-la-sidra-de-xixon-programa-completu\/#breadcrumb"},"inLanguage":"ast","potentialAction":[{"@type":"ReadAction","target":["https:\/\/serasturianu.com\/ast\/2019\/08\/21\/fiesta-de-la-sidra-de-xixon-programa-completu\/"]}]},{"@type":"ImageObject","inLanguage":"ast","@id":"https:\/\/serasturianu.com\/ast\/2019\/08\/21\/fiesta-de-la-sidra-de-xixon-programa-completu\/#primaryimage","url":"https:\/\/i0.wp.com\/serasturianu.com\/wp-content\/uploads\/2019\/08\/cfcfcfckgc.jpg?fit=960%2C640&ssl=1","contentUrl":"https:\/\/i0.wp.com\/serasturianu.com\/wp-content\/uploads\/2019\/08\/cfcfcfckgc.jpg?fit=960%2C640&ssl=1","width":960,"height":640},{"@type":"BreadcrumbList","@id":"https:\/\/serasturianu.com\/ast\/2019\/08\/21\/fiesta-de-la-sidra-de-xixon-programa-completu\/#breadcrumb","itemListElement":[{"@type":"ListItem","position":1,"name":"Portada","item":"https:\/\/serasturianu.com\/ast\/"},{"@type":"ListItem","position":2,"name":"Fiesta de la Sidra de Xix\u00f3n: Programa completu"}]},{"@type":"WebSite","@id":"https:\/\/serasturianu.com\/ast\/#website","url":"https:\/\/serasturianu.com\/ast\/","name":"Ser Asturianu","description":"Tours aut\u00e9nticos","publisher":{"@id":"https:\/\/serasturianu.com\/ast\/#organization"},"potentialAction":[{"@type":"SearchAction","target":{"@type":"EntryPoint","urlTemplate":"https:\/\/serasturianu.com\/ast\/?s={search_term_string}"},"query-input":{"@type":"PropertyValueSpecification","valueRequired":true,"valueName":"search_term_string"}}],"inLanguage":"ast"},{"@type":"Organization","@id":"https:\/\/serasturianu.com\/ast\/#organization","name":"Ser Asturianu","url":"https:\/\/serasturianu.com\/ast\/","logo":{"@type":"ImageObject","inLanguage":"ast","@id":"https:\/\/serasturianu.com\/ast\/#\/schema\/logo\/image\/","url":"https:\/\/i0.wp.com\/serasturianu.com\/wp-content\/uploads\/2022\/01\/logofondu.png?fit=510%2C510&ssl=1","contentUrl":"https:\/\/i0.wp.com\/serasturianu.com\/wp-content\/uploads\/2022\/01\/logofondu.png?fit=510%2C510&ssl=1","width":510,"height":510,"caption":"Ser Asturianu"},"image":{"@id":"https:\/\/serasturianu.com\/ast\/#\/schema\/logo\/image\/"},"sameAs":["https:\/\/www.facebook.com\/serasturianu","https:\/\/x.com\/SerAsturianu","https:\/\/www.instagram.com\/ser_asturianu\/"]},{"@type":"Person","@id":"https:\/\/serasturianu.com\/ast\/#\/schema\/person\/7d40831736e46924e4c0f05b50eb56e3","name":"serasturianu","image":{"@type":"ImageObject","inLanguage":"ast","@id":"https:\/\/secure.gravatar.com\/avatar\/e402fe1cb4d6685aeaadf5eca83a377394f2f6e2b29898eb1dd1589b9b7d8614?s=96&d=mm&r=g","url":"https:\/\/secure.gravatar.com\/avatar\/e402fe1cb4d6685aeaadf5eca83a377394f2f6e2b29898eb1dd1589b9b7d8614?s=96&d=mm&r=g","contentUrl":"https:\/\/secure.gravatar.com\/avatar\/e402fe1cb4d6685aeaadf5eca83a377394f2f6e2b29898eb1dd1589b9b7d8614?s=96&d=mm&r=g","caption":"serasturianu"},"url":"https:\/\/serasturianu.com\/ast\/author\/serasturianu\/"}]}},"jetpack_featured_media_url":"https:\/\/i0.wp.com\/serasturianu.com\/wp-content\/uploads\/2019\/08\/cfcfcfckgc.jpg?fit=960%2C640&ssl=1","jetpack_sharing_enabled":true,"_links":{"self":[{"href":"https:\/\/serasturianu.com\/ast\/wp-json\/wp\/v2\/posts\/2107","targetHints":{"allow":["GET"]}}],"collection":[{"href":"https:\/\/serasturianu.com\/ast\/wp-json\/wp\/v2\/posts"}],"about":[{"href":"https:\/\/serasturianu.com\/ast\/wp-json\/wp\/v2\/types\/post"}],"author":[{"embeddable":true,"href":"https:\/\/serasturianu.com\/ast\/wp-json\/wp\/v2\/users\/1"}],"replies":[{"embeddable":true,"href":"https:\/\/serasturianu.com\/ast\/wp-json\/wp\/v2\/comments?post=2107"}],"version-history":[{"count":21,"href":"https:\/\/serasturianu.com\/ast\/wp-json\/wp\/v2\/posts\/2107\/revisions"}],"predecessor-version":[{"id":2134,"href":"https:\/\/serasturianu.com\/ast\/wp-json\/wp\/v2\/posts\/2107\/revisions\/2134"}],"wp:featuredmedia":[{"embeddable":true,"href":"https:\/\/serasturianu.com\/ast\/wp-json\/wp\/v2\/media\/2127"}],"wp:attachment":[{"href":"https:\/\/serasturianu.com\/ast\/wp-json\/wp\/v2\/media?parent=2107"}],"wp:term":[{"taxonomy":"category","embeddable":true,"href":"https:\/\/serasturianu.com\/ast\/wp-json\/wp\/v2\/categories?post=2107"},{"taxonomy":"post_tag","embeddable":true,"href":"https:\/\/serasturianu.com\/ast\/wp-json\/wp\/v2\/tags?post=2107"}],"curies":[{"name":"wp","href":"https:\/\/api.w.org\/{rel}","templated":true}]}}