{"id":2077,"date":"2019-08-13T03:24:31","date_gmt":"2019-08-13T01:24:31","guid":{"rendered":"https:\/\/serasturianu.com\/?p=2077"},"modified":"2019-08-13T15:27:22","modified_gmt":"2019-08-13T13:27:22","slug":"ye-gigia-lorixe-de-xixon","status":"publish","type":"post","link":"https:\/\/serasturianu.com\/ast\/2019\/08\/13\/ye-gigia-lorixe-de-xixon\/","title":{"rendered":"\u00bfYe Gigia l&#8217;orixe de Xix\u00f3n?"},"content":{"rendered":"<p style=\"text-align: justify;\"><span style=\"font-size: 18pt;\"><strong>\u00bfPor qu\u00e9\u2019l nome de la mayor villa y conceyu d\u2019Asturies contin\u00faa siendo una inc\u00f3gnita?<\/strong><\/span><\/p>\n<p style=\"text-align: justify;\">La denomaci\u00f3n de la villa y conceyu de Xix\u00f3n camud\u00f3 na documentaci\u00f3n hist\u00f3rica a lo llargo de los sieglos. Geygion, Gigon, Giion, Gyjon, Xijon, Jixon y Xix\u00f3n son delles de les formes que se pueden rastrexar nel papel. Pueden paecer diferentes, pero tanto l\u2019asturllion\u00e9s como\u2019l castellanu pronunci\u00e1benlo de forma cuasimente id\u00e9ntica hasta\u2019l sieglu XVI, momentu en que\u2019l castellanu entama a vocalizalo como l\u2019actual <span class=\"ILfuVd\"><span class=\"e24Kjd\">\u00abj<\/span><\/span><span class=\"ILfuVd\"><span class=\"e24Kjd\">\u00bb<\/span><\/span>. Asina, el castellanu va caltener en ciertu mou la graf\u00eda antigua con una pronunciaci\u00f3n novedosa, mientres que l\u2019asturianu caltendr\u00e1 la pronunciaci\u00f3n hist\u00f3rica con una graf\u00eda daqu\u00e9 m\u00e1s moderna (documentada y\u00e1 dende 1634).<\/p>\n<figure id=\"attachment_2066\" class=\"thumbnail wp-caption aligncenter\" style=\"width: 800px\"><img data-recalc-dims=\"1\" fetchpriority=\"high\" decoding=\"async\" class=\"wp-image-2066\" src=\"https:\/\/i0.wp.com\/serasturianu.com\/wp-content\/uploads\/2019\/08\/dsdssdsd.png?resize=800%2C600&ssl=1\" alt=\"\" width=\"800\" height=\"600\" srcset=\"https:\/\/i0.wp.com\/serasturianu.com\/wp-content\/uploads\/2019\/08\/dsdssdsd.png?w=628&ssl=1 628w, https:\/\/i0.wp.com\/serasturianu.com\/wp-content\/uploads\/2019\/08\/dsdssdsd.png?resize=300%2C225&ssl=1 300w, https:\/\/i0.wp.com\/serasturianu.com\/wp-content\/uploads\/2019\/08\/dsdssdsd.png?resize=510%2C382&ssl=1 510w, https:\/\/i0.wp.com\/serasturianu.com\/wp-content\/uploads\/2019\/08\/dsdssdsd.png?resize=600%2C450&ssl=1 600w\" sizes=\"(max-width: 800px) 100vw, 800px\" \/><figcaption class=\"caption wp-caption-text\">Vista de la costa central d\u2019Asturies, Pedro Teixeira (1634)<\/figcaption><\/figure>\n<p style=\"text-align: justify;\">\u00bfPero d\u2019\u00f3nde vien esi nome tan estra\u00f1u? Naide lo sabe con certeza, anque nun faltaron teor\u00edes de lo m\u00e1s disparatao. Tirso d\u2019Avil\u00e9s se\u00f1al\u00f3\u2019l so orixe nel nome de \u2018Geri\u00f3n\u2019, un xigante mitol\u00f3xicu al qu\u2019H\u00e9rcules va afanar les oveyes, al tiempu que Gregorio Men\u00e9ndez Vald\u00e9s propondr\u00e1 \u2018Ogixas\u2019, \u00fan de los nomes de No\u00e9. Hebo hasta quien quixo ver el nome d\u2019un rei etiope, \u2018Gigon\u2019. Sicas\u00ed, una de les propuestes de mayor \u00e9xitu y sonad\u00eda foi <strong>\u2018Gigia\u2019<\/strong>. La semeyanza gr\u00e1fica y fon\u00e9tica (anque nam\u00e1s aparentemente) d\u2019esta vieya urbe romana col nome en castellanu va otorga-y gran popularid\u00e1, al puntu de bautizar l\u2019asociaci\u00f3n de vecinos y dalgunos nomes comerciales. Por embargu, el propiu Xovellanos espres\u00f3 les sos duldes al rodiu la so viabilid\u00e1, pos <strong>Gigia (pron\u00fanciese gu\u00edguia) yera en verd\u00e1\u2019l nome d\u2019una poblaci\u00f3n de l\u2019Asturia cismontana<\/strong>, ello ye, allugada en territoriu de la provincia de Lli\u00f3n. Un nome que pudo inclusive evolucionar a l\u2019actual Cea.<\/p>\n<p style=\"text-align: justify;\"><strong>Descartao queda, poro, identificar Gigia con Xix\u00f3n<\/strong>, como apunta Ram\u00f3n d\u2019Andr\u00e9s nel so <em>Diccionariu topon\u00edmicu de Xix\u00f3n (2007)<\/em>. Equ\u00ed podremos descubrir delles coses interesantes sobre \u00e9sti y otros top\u00f3nimos del conceyu, recoyendo delles hip\u00f3tesis daqu\u00e9 m\u00e1s cient\u00edfiques. Les principales res\u00famense en dos; una desenrollada por Unamuno en referencia a un posible SAXUM, un oteru o pe\u00f1asca (veros\u00edmil si atendemos al perfil de Cimavilla) y otra elevada por Xose Lluis Garc\u00eda Arias en tornu al xenitivo d\u2019un poseesor, tal vez IAIONUS, IEIONIUS o GEGIONUS.<\/p>\n<p style=\"text-align: justify;\">Conxetures aparte, <strong>l\u2019orixe del nome de la villa y conceyu m\u00e1s pobl\u00e1u d\u2019Asturias sigue siendo, angua\u00f1o, un aut\u00e9nticu misteriu.<\/strong><\/p>\n<p>\u00a0<\/p>\n<figure id=\"attachment_2074\" class=\"thumbnail wp-caption aligncenter\" style=\"width: 2048px\"><img data-recalc-dims=\"1\" decoding=\"async\" class=\"wp-image-2074 size-full\" src=\"https:\/\/i0.wp.com\/serasturianu.com\/wp-content\/uploads\/2019\/08\/12748148_10206723078530029_6655057585538149166_o.jpg?resize=1140%2C806&ssl=1\" alt=\"\" width=\"1140\" height=\"806\" srcset=\"https:\/\/i0.wp.com\/serasturianu.com\/wp-content\/uploads\/2019\/08\/12748148_10206723078530029_6655057585538149166_o.jpg?w=1920&ssl=1 1920w, https:\/\/i0.wp.com\/serasturianu.com\/wp-content\/uploads\/2019\/08\/12748148_10206723078530029_6655057585538149166_o.jpg?resize=300%2C212&ssl=1 300w, https:\/\/i0.wp.com\/serasturianu.com\/wp-content\/uploads\/2019\/08\/12748148_10206723078530029_6655057585538149166_o.jpg?resize=768%2C543&ssl=1 768w, https:\/\/i0.wp.com\/serasturianu.com\/wp-content\/uploads\/2019\/08\/12748148_10206723078530029_6655057585538149166_o.jpg?resize=1024%2C724&ssl=1 1024w, https:\/\/i0.wp.com\/serasturianu.com\/wp-content\/uploads\/2019\/08\/12748148_10206723078530029_6655057585538149166_o.jpg?resize=400%2C284&ssl=1 400w, https:\/\/i0.wp.com\/serasturianu.com\/wp-content\/uploads\/2019\/08\/12748148_10206723078530029_6655057585538149166_o.jpg?resize=1080%2C764&ssl=1 1080w, https:\/\/i0.wp.com\/serasturianu.com\/wp-content\/uploads\/2019\/08\/12748148_10206723078530029_6655057585538149166_o.jpg?resize=600%2C424&ssl=1 600w\" sizes=\"(max-width: 1140px) 100vw, 1140px\" \/><figcaption class=\"caption wp-caption-text\">[\u00abla billa de xixon\u00bb 29 d\u2019agostu de 1635] Incluy\u00edu nun informe sobre defensa que remiti\u00f3 Fernando Vald\u00e9s a Felipe IV., tr\u00e1tase del planu de Xix\u00f3n m\u00e1s vieyu que se conserva.<\/figcaption><\/figure>\n<p>\u00a0<\/p>\n","protected":false},"excerpt":{"rendered":"<p>\u00bfPor qu\u00e9\u2019l nome de la mayor villa y conceyu d\u2019Asturies contin\u00faa siendo una inc\u00f3gnita? La denomaci\u00f3n de la villa y conceyu de Xix\u00f3n camud\u00f3 na documentaci\u00f3n hist\u00f3rica a lo llargo de los sieglos. Geygion, Gigon, Giion, Gyjon, Xijon, Jixon y &hellip; <a href=\"https:\/\/serasturianu.com\/ast\/2019\/08\/13\/ye-gigia-lorixe-de-xixon\/\">Read More<\/a><\/p>","protected":false},"author":1,"featured_media":2066,"comment_status":"open","ping_status":"open","sticky":false,"template":"","format":"standard","meta":{"_monsterinsights_skip_tracking":false,"_monsterinsights_sitenote_active":false,"_monsterinsights_sitenote_note":"","_monsterinsights_sitenote_category":0,"_jetpack_memberships_contains_paid_content":false,"footnotes":""},"categories":[4,109],"tags":[352,354,356],"class_list":["post-2077","post","type-post","status-publish","format-standard","has-post-thumbnail","hentry","category-blogue","category-curiosidaes","tag-gijon-ast","tag-toponimia-ast","tag-xixon-ast"],"yoast_head":"<!-- This site is optimized with the Yoast SEO plugin v27.5 - https:\/\/yoast.com\/product\/yoast-seo-wordpress\/ -->\n<title>\u00bfYe Gigia l&#039;orixe de Xix\u00f3n? - Ser Asturianu<\/title>\n<meta name=\"robots\" content=\"index, follow, max-snippet:-1, max-image-preview:large, max-video-preview:-1\" \/>\n<link rel=\"canonical\" href=\"https:\/\/serasturianu.com\/ast\/2019\/08\/13\/ye-gigia-lorixe-de-xixon\/\" \/>\n<meta property=\"og:locale\" content=\"en_US\" \/>\n<meta property=\"og:type\" content=\"article\" \/>\n<meta property=\"og:title\" content=\"\u00bfYe Gigia l&#039;orixe de Xix\u00f3n? - Ser Asturianu\" \/>\n<meta property=\"og:description\" content=\"\u00bfPor qu\u00e9\u2019l nome de la mayor villa y conceyu d\u2019Asturies contin\u00faa siendo una inc\u00f3gnita? La denomaci\u00f3n de la villa y conceyu de Xix\u00f3n camud\u00f3 na documentaci\u00f3n hist\u00f3rica a lo llargo de los sieglos. Geygion, Gigon, Giion, Gyjon, Xijon, Jixon y &hellip; Read More\" \/>\n<meta property=\"og:url\" content=\"https:\/\/serasturianu.com\/ast\/2019\/08\/13\/ye-gigia-lorixe-de-xixon\/\" \/>\n<meta property=\"og:site_name\" content=\"Ser Asturianu\" \/>\n<meta property=\"article:publisher\" content=\"https:\/\/www.facebook.com\/serasturianu\" \/>\n<meta property=\"article:published_time\" content=\"2019-08-13T01:24:31+00:00\" \/>\n<meta property=\"article:modified_time\" content=\"2019-08-13T13:27:22+00:00\" \/>\n<meta property=\"og:image\" content=\"https:\/\/i0.wp.com\/serasturianu.com\/wp-content\/uploads\/2019\/08\/dsdssdsd.png?fit=628%2C471&ssl=1\" \/>\n\t<meta property=\"og:image:width\" content=\"628\" \/>\n\t<meta property=\"og:image:height\" content=\"471\" \/>\n\t<meta property=\"og:image:type\" content=\"image\/png\" \/>\n<meta name=\"author\" content=\"serasturianu\" \/>\n<meta name=\"twitter:card\" content=\"summary_large_image\" \/>\n<meta name=\"twitter:creator\" content=\"@SerAsturianu\" \/>\n<meta name=\"twitter:site\" content=\"@SerAsturianu\" \/>\n<meta name=\"twitter:label1\" content=\"Written by\" \/>\n\t<meta name=\"twitter:data1\" content=\"serasturianu\" \/>\n\t<meta name=\"twitter:label2\" content=\"Est. reading time\" \/>\n\t<meta name=\"twitter:data2\" content=\"2 minutes\" \/>\n<script type=\"application\/ld+json\" class=\"yoast-schema-graph\">{\"@context\":\"https:\\\/\\\/schema.org\",\"@graph\":[{\"@type\":\"Article\",\"@id\":\"https:\\\/\\\/serasturianu.com\\\/ast\\\/2019\\\/08\\\/13\\\/ye-gigia-lorixe-de-xixon\\\/#article\",\"isPartOf\":{\"@id\":\"https:\\\/\\\/serasturianu.com\\\/ast\\\/2019\\\/08\\\/13\\\/ye-gigia-lorixe-de-xixon\\\/\"},\"author\":{\"name\":\"serasturianu\",\"@id\":\"https:\\\/\\\/serasturianu.com\\\/ast\\\/#\\\/schema\\\/person\\\/7d40831736e46924e4c0f05b50eb56e3\"},\"headline\":\"\u00bfYe Gigia l&#8217;orixe de Xix\u00f3n?\",\"datePublished\":\"2019-08-13T01:24:31+00:00\",\"dateModified\":\"2019-08-13T13:27:22+00:00\",\"mainEntityOfPage\":{\"@id\":\"https:\\\/\\\/serasturianu.com\\\/ast\\\/2019\\\/08\\\/13\\\/ye-gigia-lorixe-de-xixon\\\/\"},\"wordCount\":504,\"commentCount\":0,\"publisher\":{\"@id\":\"https:\\\/\\\/serasturianu.com\\\/ast\\\/#organization\"},\"image\":{\"@id\":\"https:\\\/\\\/serasturianu.com\\\/ast\\\/2019\\\/08\\\/13\\\/ye-gigia-lorixe-de-xixon\\\/#primaryimage\"},\"thumbnailUrl\":\"https:\\\/\\\/i0.wp.com\\\/serasturianu.com\\\/wp-content\\\/uploads\\\/2019\\\/08\\\/dsdssdsd.png?fit=628%2C471&ssl=1\",\"keywords\":[\"Gij\u00f3n\",\"Toponimia\",\"Xix\u00f3n\"],\"articleSection\":[\"Blogue\",\"Curiosidaes\"],\"inLanguage\":\"ast\",\"potentialAction\":[{\"@type\":\"CommentAction\",\"name\":\"Comment\",\"target\":[\"https:\\\/\\\/serasturianu.com\\\/ast\\\/2019\\\/08\\\/13\\\/ye-gigia-lorixe-de-xixon\\\/#respond\"]}]},{\"@type\":\"WebPage\",\"@id\":\"https:\\\/\\\/serasturianu.com\\\/ast\\\/2019\\\/08\\\/13\\\/ye-gigia-lorixe-de-xixon\\\/\",\"url\":\"https:\\\/\\\/serasturianu.com\\\/ast\\\/2019\\\/08\\\/13\\\/ye-gigia-lorixe-de-xixon\\\/\",\"name\":\"\u00bfYe Gigia l'orixe de Xix\u00f3n? - Ser Asturianu\",\"isPartOf\":{\"@id\":\"https:\\\/\\\/serasturianu.com\\\/ast\\\/#website\"},\"primaryImageOfPage\":{\"@id\":\"https:\\\/\\\/serasturianu.com\\\/ast\\\/2019\\\/08\\\/13\\\/ye-gigia-lorixe-de-xixon\\\/#primaryimage\"},\"image\":{\"@id\":\"https:\\\/\\\/serasturianu.com\\\/ast\\\/2019\\\/08\\\/13\\\/ye-gigia-lorixe-de-xixon\\\/#primaryimage\"},\"thumbnailUrl\":\"https:\\\/\\\/i0.wp.com\\\/serasturianu.com\\\/wp-content\\\/uploads\\\/2019\\\/08\\\/dsdssdsd.png?fit=628%2C471&ssl=1\",\"datePublished\":\"2019-08-13T01:24:31+00:00\",\"dateModified\":\"2019-08-13T13:27:22+00:00\",\"breadcrumb\":{\"@id\":\"https:\\\/\\\/serasturianu.com\\\/ast\\\/2019\\\/08\\\/13\\\/ye-gigia-lorixe-de-xixon\\\/#breadcrumb\"},\"inLanguage\":\"ast\",\"potentialAction\":[{\"@type\":\"ReadAction\",\"target\":[\"https:\\\/\\\/serasturianu.com\\\/ast\\\/2019\\\/08\\\/13\\\/ye-gigia-lorixe-de-xixon\\\/\"]}]},{\"@type\":\"ImageObject\",\"inLanguage\":\"ast\",\"@id\":\"https:\\\/\\\/serasturianu.com\\\/ast\\\/2019\\\/08\\\/13\\\/ye-gigia-lorixe-de-xixon\\\/#primaryimage\",\"url\":\"https:\\\/\\\/i0.wp.com\\\/serasturianu.com\\\/wp-content\\\/uploads\\\/2019\\\/08\\\/dsdssdsd.png?fit=628%2C471&ssl=1\",\"contentUrl\":\"https:\\\/\\\/i0.wp.com\\\/serasturianu.com\\\/wp-content\\\/uploads\\\/2019\\\/08\\\/dsdssdsd.png?fit=628%2C471&ssl=1\",\"width\":628,\"height\":471},{\"@type\":\"BreadcrumbList\",\"@id\":\"https:\\\/\\\/serasturianu.com\\\/ast\\\/2019\\\/08\\\/13\\\/ye-gigia-lorixe-de-xixon\\\/#breadcrumb\",\"itemListElement\":[{\"@type\":\"ListItem\",\"position\":1,\"name\":\"Portada\",\"item\":\"https:\\\/\\\/serasturianu.com\\\/ast\\\/\"},{\"@type\":\"ListItem\",\"position\":2,\"name\":\"\u00bfYe Gigia l&#8217;orixe de Xix\u00f3n?\"}]},{\"@type\":\"WebSite\",\"@id\":\"https:\\\/\\\/serasturianu.com\\\/ast\\\/#website\",\"url\":\"https:\\\/\\\/serasturianu.com\\\/ast\\\/\",\"name\":\"Ser Asturianu\",\"description\":\"Tours aut\u00e9nticos\",\"publisher\":{\"@id\":\"https:\\\/\\\/serasturianu.com\\\/ast\\\/#organization\"},\"potentialAction\":[{\"@type\":\"SearchAction\",\"target\":{\"@type\":\"EntryPoint\",\"urlTemplate\":\"https:\\\/\\\/serasturianu.com\\\/ast\\\/?s={search_term_string}\"},\"query-input\":{\"@type\":\"PropertyValueSpecification\",\"valueRequired\":true,\"valueName\":\"search_term_string\"}}],\"inLanguage\":\"ast\"},{\"@type\":\"Organization\",\"@id\":\"https:\\\/\\\/serasturianu.com\\\/ast\\\/#organization\",\"name\":\"Ser Asturianu\",\"url\":\"https:\\\/\\\/serasturianu.com\\\/ast\\\/\",\"logo\":{\"@type\":\"ImageObject\",\"inLanguage\":\"ast\",\"@id\":\"https:\\\/\\\/serasturianu.com\\\/ast\\\/#\\\/schema\\\/logo\\\/image\\\/\",\"url\":\"https:\\\/\\\/i0.wp.com\\\/serasturianu.com\\\/wp-content\\\/uploads\\\/2022\\\/01\\\/logofondu.png?fit=510%2C510&ssl=1\",\"contentUrl\":\"https:\\\/\\\/i0.wp.com\\\/serasturianu.com\\\/wp-content\\\/uploads\\\/2022\\\/01\\\/logofondu.png?fit=510%2C510&ssl=1\",\"width\":510,\"height\":510,\"caption\":\"Ser Asturianu\"},\"image\":{\"@id\":\"https:\\\/\\\/serasturianu.com\\\/ast\\\/#\\\/schema\\\/logo\\\/image\\\/\"},\"sameAs\":[\"https:\\\/\\\/www.facebook.com\\\/serasturianu\",\"https:\\\/\\\/x.com\\\/SerAsturianu\",\"https:\\\/\\\/www.instagram.com\\\/ser_asturianu\\\/\"]},{\"@type\":\"Person\",\"@id\":\"https:\\\/\\\/serasturianu.com\\\/ast\\\/#\\\/schema\\\/person\\\/7d40831736e46924e4c0f05b50eb56e3\",\"name\":\"serasturianu\",\"image\":{\"@type\":\"ImageObject\",\"inLanguage\":\"ast\",\"@id\":\"https:\\\/\\\/secure.gravatar.com\\\/avatar\\\/e402fe1cb4d6685aeaadf5eca83a377394f2f6e2b29898eb1dd1589b9b7d8614?s=96&d=mm&r=g\",\"url\":\"https:\\\/\\\/secure.gravatar.com\\\/avatar\\\/e402fe1cb4d6685aeaadf5eca83a377394f2f6e2b29898eb1dd1589b9b7d8614?s=96&d=mm&r=g\",\"contentUrl\":\"https:\\\/\\\/secure.gravatar.com\\\/avatar\\\/e402fe1cb4d6685aeaadf5eca83a377394f2f6e2b29898eb1dd1589b9b7d8614?s=96&d=mm&r=g\",\"caption\":\"serasturianu\"},\"url\":\"https:\\\/\\\/serasturianu.com\\\/ast\\\/author\\\/serasturianu\\\/\"}]}<\/script>\n<!-- \/ Yoast SEO plugin. -->","yoast_head_json":{"title":"\u00bfYe Gigia l'orixe de Xix\u00f3n? - Ser Asturianu","robots":{"index":"index","follow":"follow","max-snippet":"max-snippet:-1","max-image-preview":"max-image-preview:large","max-video-preview":"max-video-preview:-1"},"canonical":"https:\/\/serasturianu.com\/ast\/2019\/08\/13\/ye-gigia-lorixe-de-xixon\/","og_locale":"en_US","og_type":"article","og_title":"\u00bfYe Gigia l'orixe de Xix\u00f3n? - Ser Asturianu","og_description":"\u00bfPor qu\u00e9\u2019l nome de la mayor villa y conceyu d\u2019Asturies contin\u00faa siendo una inc\u00f3gnita? La denomaci\u00f3n de la villa y conceyu de Xix\u00f3n camud\u00f3 na documentaci\u00f3n hist\u00f3rica a lo llargo de los sieglos. Geygion, Gigon, Giion, Gyjon, Xijon, Jixon y &hellip; Read More","og_url":"https:\/\/serasturianu.com\/ast\/2019\/08\/13\/ye-gigia-lorixe-de-xixon\/","og_site_name":"Ser Asturianu","article_publisher":"https:\/\/www.facebook.com\/serasturianu","article_published_time":"2019-08-13T01:24:31+00:00","article_modified_time":"2019-08-13T13:27:22+00:00","og_image":[{"width":628,"height":471,"url":"https:\/\/i0.wp.com\/serasturianu.com\/wp-content\/uploads\/2019\/08\/dsdssdsd.png?fit=628%2C471&ssl=1","type":"image\/png"}],"author":"serasturianu","twitter_card":"summary_large_image","twitter_creator":"@SerAsturianu","twitter_site":"@SerAsturianu","twitter_misc":{"Written by":"serasturianu","Est. reading time":"2 minutes"},"schema":{"@context":"https:\/\/schema.org","@graph":[{"@type":"Article","@id":"https:\/\/serasturianu.com\/ast\/2019\/08\/13\/ye-gigia-lorixe-de-xixon\/#article","isPartOf":{"@id":"https:\/\/serasturianu.com\/ast\/2019\/08\/13\/ye-gigia-lorixe-de-xixon\/"},"author":{"name":"serasturianu","@id":"https:\/\/serasturianu.com\/ast\/#\/schema\/person\/7d40831736e46924e4c0f05b50eb56e3"},"headline":"\u00bfYe Gigia l&#8217;orixe de Xix\u00f3n?","datePublished":"2019-08-13T01:24:31+00:00","dateModified":"2019-08-13T13:27:22+00:00","mainEntityOfPage":{"@id":"https:\/\/serasturianu.com\/ast\/2019\/08\/13\/ye-gigia-lorixe-de-xixon\/"},"wordCount":504,"commentCount":0,"publisher":{"@id":"https:\/\/serasturianu.com\/ast\/#organization"},"image":{"@id":"https:\/\/serasturianu.com\/ast\/2019\/08\/13\/ye-gigia-lorixe-de-xixon\/#primaryimage"},"thumbnailUrl":"https:\/\/i0.wp.com\/serasturianu.com\/wp-content\/uploads\/2019\/08\/dsdssdsd.png?fit=628%2C471&ssl=1","keywords":["Gij\u00f3n","Toponimia","Xix\u00f3n"],"articleSection":["Blogue","Curiosidaes"],"inLanguage":"ast","potentialAction":[{"@type":"CommentAction","name":"Comment","target":["https:\/\/serasturianu.com\/ast\/2019\/08\/13\/ye-gigia-lorixe-de-xixon\/#respond"]}]},{"@type":"WebPage","@id":"https:\/\/serasturianu.com\/ast\/2019\/08\/13\/ye-gigia-lorixe-de-xixon\/","url":"https:\/\/serasturianu.com\/ast\/2019\/08\/13\/ye-gigia-lorixe-de-xixon\/","name":"\u00bfYe Gigia l'orixe de Xix\u00f3n? - Ser Asturianu","isPartOf":{"@id":"https:\/\/serasturianu.com\/ast\/#website"},"primaryImageOfPage":{"@id":"https:\/\/serasturianu.com\/ast\/2019\/08\/13\/ye-gigia-lorixe-de-xixon\/#primaryimage"},"image":{"@id":"https:\/\/serasturianu.com\/ast\/2019\/08\/13\/ye-gigia-lorixe-de-xixon\/#primaryimage"},"thumbnailUrl":"https:\/\/i0.wp.com\/serasturianu.com\/wp-content\/uploads\/2019\/08\/dsdssdsd.png?fit=628%2C471&ssl=1","datePublished":"2019-08-13T01:24:31+00:00","dateModified":"2019-08-13T13:27:22+00:00","breadcrumb":{"@id":"https:\/\/serasturianu.com\/ast\/2019\/08\/13\/ye-gigia-lorixe-de-xixon\/#breadcrumb"},"inLanguage":"ast","potentialAction":[{"@type":"ReadAction","target":["https:\/\/serasturianu.com\/ast\/2019\/08\/13\/ye-gigia-lorixe-de-xixon\/"]}]},{"@type":"ImageObject","inLanguage":"ast","@id":"https:\/\/serasturianu.com\/ast\/2019\/08\/13\/ye-gigia-lorixe-de-xixon\/#primaryimage","url":"https:\/\/i0.wp.com\/serasturianu.com\/wp-content\/uploads\/2019\/08\/dsdssdsd.png?fit=628%2C471&ssl=1","contentUrl":"https:\/\/i0.wp.com\/serasturianu.com\/wp-content\/uploads\/2019\/08\/dsdssdsd.png?fit=628%2C471&ssl=1","width":628,"height":471},{"@type":"BreadcrumbList","@id":"https:\/\/serasturianu.com\/ast\/2019\/08\/13\/ye-gigia-lorixe-de-xixon\/#breadcrumb","itemListElement":[{"@type":"ListItem","position":1,"name":"Portada","item":"https:\/\/serasturianu.com\/ast\/"},{"@type":"ListItem","position":2,"name":"\u00bfYe Gigia l&#8217;orixe de Xix\u00f3n?"}]},{"@type":"WebSite","@id":"https:\/\/serasturianu.com\/ast\/#website","url":"https:\/\/serasturianu.com\/ast\/","name":"Ser Asturianu","description":"Tours aut\u00e9nticos","publisher":{"@id":"https:\/\/serasturianu.com\/ast\/#organization"},"potentialAction":[{"@type":"SearchAction","target":{"@type":"EntryPoint","urlTemplate":"https:\/\/serasturianu.com\/ast\/?s={search_term_string}"},"query-input":{"@type":"PropertyValueSpecification","valueRequired":true,"valueName":"search_term_string"}}],"inLanguage":"ast"},{"@type":"Organization","@id":"https:\/\/serasturianu.com\/ast\/#organization","name":"Ser Asturianu","url":"https:\/\/serasturianu.com\/ast\/","logo":{"@type":"ImageObject","inLanguage":"ast","@id":"https:\/\/serasturianu.com\/ast\/#\/schema\/logo\/image\/","url":"https:\/\/i0.wp.com\/serasturianu.com\/wp-content\/uploads\/2022\/01\/logofondu.png?fit=510%2C510&ssl=1","contentUrl":"https:\/\/i0.wp.com\/serasturianu.com\/wp-content\/uploads\/2022\/01\/logofondu.png?fit=510%2C510&ssl=1","width":510,"height":510,"caption":"Ser Asturianu"},"image":{"@id":"https:\/\/serasturianu.com\/ast\/#\/schema\/logo\/image\/"},"sameAs":["https:\/\/www.facebook.com\/serasturianu","https:\/\/x.com\/SerAsturianu","https:\/\/www.instagram.com\/ser_asturianu\/"]},{"@type":"Person","@id":"https:\/\/serasturianu.com\/ast\/#\/schema\/person\/7d40831736e46924e4c0f05b50eb56e3","name":"serasturianu","image":{"@type":"ImageObject","inLanguage":"ast","@id":"https:\/\/secure.gravatar.com\/avatar\/e402fe1cb4d6685aeaadf5eca83a377394f2f6e2b29898eb1dd1589b9b7d8614?s=96&d=mm&r=g","url":"https:\/\/secure.gravatar.com\/avatar\/e402fe1cb4d6685aeaadf5eca83a377394f2f6e2b29898eb1dd1589b9b7d8614?s=96&d=mm&r=g","contentUrl":"https:\/\/secure.gravatar.com\/avatar\/e402fe1cb4d6685aeaadf5eca83a377394f2f6e2b29898eb1dd1589b9b7d8614?s=96&d=mm&r=g","caption":"serasturianu"},"url":"https:\/\/serasturianu.com\/ast\/author\/serasturianu\/"}]}},"jetpack_featured_media_url":"https:\/\/i0.wp.com\/serasturianu.com\/wp-content\/uploads\/2019\/08\/dsdssdsd.png?fit=628%2C471&ssl=1","jetpack_sharing_enabled":true,"_links":{"self":[{"href":"https:\/\/serasturianu.com\/ast\/wp-json\/wp\/v2\/posts\/2077","targetHints":{"allow":["GET"]}}],"collection":[{"href":"https:\/\/serasturianu.com\/ast\/wp-json\/wp\/v2\/posts"}],"about":[{"href":"https:\/\/serasturianu.com\/ast\/wp-json\/wp\/v2\/types\/post"}],"author":[{"embeddable":true,"href":"https:\/\/serasturianu.com\/ast\/wp-json\/wp\/v2\/users\/1"}],"replies":[{"embeddable":true,"href":"https:\/\/serasturianu.com\/ast\/wp-json\/wp\/v2\/comments?post=2077"}],"version-history":[{"count":5,"href":"https:\/\/serasturianu.com\/ast\/wp-json\/wp\/v2\/posts\/2077\/revisions"}],"predecessor-version":[{"id":2087,"href":"https:\/\/serasturianu.com\/ast\/wp-json\/wp\/v2\/posts\/2077\/revisions\/2087"}],"wp:featuredmedia":[{"embeddable":true,"href":"https:\/\/serasturianu.com\/ast\/wp-json\/wp\/v2\/media\/2066"}],"wp:attachment":[{"href":"https:\/\/serasturianu.com\/ast\/wp-json\/wp\/v2\/media?parent=2077"}],"wp:term":[{"taxonomy":"category","embeddable":true,"href":"https:\/\/serasturianu.com\/ast\/wp-json\/wp\/v2\/categories?post=2077"},{"taxonomy":"post_tag","embeddable":true,"href":"https:\/\/serasturianu.com\/ast\/wp-json\/wp\/v2\/tags?post=2077"}],"curies":[{"name":"wp","href":"https:\/\/api.w.org\/{rel}","templated":true}]}}