{"id":1970,"date":"2019-07-11T04:31:27","date_gmt":"2019-07-11T02:31:27","guid":{"rendered":"https:\/\/serasturianu.com\/?p=1970"},"modified":"2019-07-14T21:34:25","modified_gmt":"2019-07-14T19:34:25","slug":"10-cosas-que-no-sabias-sobre-la-montera-picona","status":"publish","type":"post","link":"https:\/\/serasturianu.com\/ast\/2019\/07\/11\/10-cosas-que-no-sabias-sobre-la-montera-picona\/","title":{"rendered":"10 cosas que no sab\u00edas sobre la montera picona"},"content":{"rendered":"<p><img data-recalc-dims=\"1\" fetchpriority=\"high\" decoding=\"async\" class=\"aligncenter wp-image-2032 size-full\" src=\"https:\/\/i0.wp.com\/serasturianu.com\/wp-content\/uploads\/2019\/07\/10cosas.png?resize=1000%2C668&#038;ssl=1\" alt=\"\" width=\"1000\" height=\"668\" srcset=\"https:\/\/i0.wp.com\/serasturianu.com\/wp-content\/uploads\/2019\/07\/10cosas.png?w=1000&amp;ssl=1 1000w, https:\/\/i0.wp.com\/serasturianu.com\/wp-content\/uploads\/2019\/07\/10cosas.png?resize=300%2C200&amp;ssl=1 300w, https:\/\/i0.wp.com\/serasturianu.com\/wp-content\/uploads\/2019\/07\/10cosas.png?resize=768%2C513&amp;ssl=1 768w, https:\/\/i0.wp.com\/serasturianu.com\/wp-content\/uploads\/2019\/07\/10cosas.png?resize=600%2C401&amp;ssl=1 600w\" sizes=\"(max-width: 1000px) 100vw, 1000px\" \/><\/p>\n<h2 style=\"text-align: justify;\">1. \u00bfDe d\u00f3nde viene la montera picona?<\/h2>\n<p style=\"text-align: justify;\">En origen habr\u00eda sido un gorro con dos alas que pod\u00edan bajarse para proteger las orejas del fr\u00edo, pero desconocemos su antig\u00fcedad. Por el momento puede rastrearse a partir del siglo XVIII, por lo que podr\u00eda haberse usado -f\u00e1cilmente- ya en la Edad Media.<\/p>\n<p style=\"text-align: justify;\"><img data-recalc-dims=\"1\" decoding=\"async\" class=\"aligncenter wp-image-1977 size-full\" src=\"https:\/\/i0.wp.com\/serasturianu.com\/wp-content\/uploads\/2019\/07\/1.png?resize=833%2C1288&#038;ssl=1\" alt=\"\" width=\"833\" height=\"1288\" srcset=\"https:\/\/i0.wp.com\/serasturianu.com\/wp-content\/uploads\/2019\/07\/1.png?w=833&amp;ssl=1 833w, https:\/\/i0.wp.com\/serasturianu.com\/wp-content\/uploads\/2019\/07\/1.png?resize=194%2C300&amp;ssl=1 194w, https:\/\/i0.wp.com\/serasturianu.com\/wp-content\/uploads\/2019\/07\/1.png?resize=768%2C1187&amp;ssl=1 768w, https:\/\/i0.wp.com\/serasturianu.com\/wp-content\/uploads\/2019\/07\/1.png?resize=662%2C1024&amp;ssl=1 662w, https:\/\/i0.wp.com\/serasturianu.com\/wp-content\/uploads\/2019\/07\/1.png?resize=600%2C928&amp;ssl=1 600w\" sizes=\"(max-width: 833px) 100vw, 833px\" \/><\/p>\n<p style=\"text-align: justify;\">Como dijimos, en invierno se bajaban las alas para capear la lluvia, el orbayu o el viento, pero en verano tambi\u00e9n pod\u00eda usarse de visera, gracias a la sombra de su <em>picu baxu<\/em>, como hace este vecino de Cangues retratado en 1895 por William Selkirk.<\/p>\n<p style=\"text-align: justify;\"><img data-recalc-dims=\"1\" decoding=\"async\" class=\"aligncenter wp-image-1978 size-full\" src=\"https:\/\/i0.wp.com\/serasturianu.com\/wp-content\/uploads\/2019\/07\/William-Selkirk-1.1.-Cangues-1895.png?resize=1140%2C1589&#038;ssl=1\" alt=\"\" width=\"1140\" height=\"1589\" srcset=\"https:\/\/i0.wp.com\/serasturianu.com\/wp-content\/uploads\/2019\/07\/William-Selkirk-1.1.-Cangues-1895.png?w=1435&amp;ssl=1 1435w, https:\/\/i0.wp.com\/serasturianu.com\/wp-content\/uploads\/2019\/07\/William-Selkirk-1.1.-Cangues-1895.png?resize=215%2C300&amp;ssl=1 215w, https:\/\/i0.wp.com\/serasturianu.com\/wp-content\/uploads\/2019\/07\/William-Selkirk-1.1.-Cangues-1895.png?resize=768%2C1070&amp;ssl=1 768w, https:\/\/i0.wp.com\/serasturianu.com\/wp-content\/uploads\/2019\/07\/William-Selkirk-1.1.-Cangues-1895.png?resize=735%2C1024&amp;ssl=1 735w, https:\/\/i0.wp.com\/serasturianu.com\/wp-content\/uploads\/2019\/07\/William-Selkirk-1.1.-Cangues-1895.png?resize=1080%2C1505&amp;ssl=1 1080w, https:\/\/i0.wp.com\/serasturianu.com\/wp-content\/uploads\/2019\/07\/William-Selkirk-1.1.-Cangues-1895.png?resize=600%2C836&amp;ssl=1 600w\" sizes=\"(max-width: 1140px) 100vw, 1140px\" \/><\/p>\n<h2 style=\"text-align: justify;\"><\/h2>\n<h2 style=\"text-align: justify;\">2. La montera tiene partes y todas tienen nombre.<\/h2>\n<p style=\"text-align: justify;\">La que cubre la cabeza se llama <strong>\u00abcasquete\u00bb<\/strong>, mientras que las alas reciben el nombre de <strong>\u00abales\u00bb <\/strong>o<strong> \u00abnales\u00bb<\/strong>, terminadas en un <strong>\u00abpical\u00edn\u00bb<\/strong>. A partir de ah\u00ed se distinguen un par de variantes:<\/p>\n<p style=\"text-align: justify;\">A) La <em>de dos picos.<\/em><br \/>\nB) La <em>repicona<\/em> o<em> picona<\/em> propiamente, que suele tener reborde.<\/p>\n<p style=\"text-align: justify;\"><img data-recalc-dims=\"1\" loading=\"lazy\" decoding=\"async\" class=\"aligncenter wp-image-1979 size-full\" src=\"https:\/\/i0.wp.com\/serasturianu.com\/wp-content\/uploads\/2019\/07\/2.png?resize=1000%2C668&#038;ssl=1\" alt=\"\" width=\"1000\" height=\"668\" srcset=\"https:\/\/i0.wp.com\/serasturianu.com\/wp-content\/uploads\/2019\/07\/2.png?w=1000&amp;ssl=1 1000w, https:\/\/i0.wp.com\/serasturianu.com\/wp-content\/uploads\/2019\/07\/2.png?resize=300%2C200&amp;ssl=1 300w, https:\/\/i0.wp.com\/serasturianu.com\/wp-content\/uploads\/2019\/07\/2.png?resize=768%2C513&amp;ssl=1 768w, https:\/\/i0.wp.com\/serasturianu.com\/wp-content\/uploads\/2019\/07\/2.png?resize=600%2C401&amp;ssl=1 600w\" sizes=\"(max-width: 1000px) 100vw, 1000px\" \/><\/p>\n<h2 style=\"text-align: justify;\"><\/h2>\n<h2 style=\"text-align: justify;\">3. \u00bfEl Quijote con montera picona?<\/h2>\n<p style=\"text-align: justify;\">El famoso hidalgo manchego fue retatado con montera picona por el pintor xixon\u00e9s <strong>Evaristo Valle<\/strong> en 1948. Algunos dicen que quiso ironizar con el personaje de Cervantes por la imagen p\u00e9sima que da de los asturianos en su novela&#8230;<\/p>\n<h2 style=\"text-align: justify;\"><img data-recalc-dims=\"1\" loading=\"lazy\" decoding=\"async\" class=\"aligncenter wp-image-2001 size-full\" src=\"https:\/\/i0.wp.com\/serasturianu.com\/wp-content\/uploads\/2019\/07\/608b1bc2897c7a0ef4d289ec7a6faca0.jpg?resize=646%2C1028&#038;ssl=1\" alt=\"\" width=\"646\" height=\"1028\" srcset=\"https:\/\/i0.wp.com\/serasturianu.com\/wp-content\/uploads\/2019\/07\/608b1bc2897c7a0ef4d289ec7a6faca0.jpg?w=646&amp;ssl=1 646w, https:\/\/i0.wp.com\/serasturianu.com\/wp-content\/uploads\/2019\/07\/608b1bc2897c7a0ef4d289ec7a6faca0.jpg?resize=189%2C300&amp;ssl=1 189w, https:\/\/i0.wp.com\/serasturianu.com\/wp-content\/uploads\/2019\/07\/608b1bc2897c7a0ef4d289ec7a6faca0.jpg?resize=643%2C1024&amp;ssl=1 643w, https:\/\/i0.wp.com\/serasturianu.com\/wp-content\/uploads\/2019\/07\/608b1bc2897c7a0ef4d289ec7a6faca0.jpg?resize=600%2C955&amp;ssl=1 600w\" sizes=\"(max-width: 646px) 100vw, 646px\" \/><\/h2>\n<h2 style=\"text-align: justify;\">4. La forma de llevarla pod\u00eda indicar el estado civil. \u00a1MEJOR QUE EL TINDER!<\/h2>\n<p style=\"text-align: justify;\">&#8211; Si estaba con la nala recta: <strong>casado y formal.<\/strong><\/p>\n<p style=\"text-align: justify;\">&#8211; Si estaba con la nala terciada:<strong> disponible.<\/strong><\/p>\n<p style=\"text-align: justify;\">&#8211; Si ten\u00eda prendidos dos alfileres de cabeza roja en el reborde: <strong>enamorado y correspondido.<\/strong><\/p>\n<p style=\"text-align: justify;\"><img data-recalc-dims=\"1\" loading=\"lazy\" decoding=\"async\" class=\"alignnone wp-image-1981 size-full\" src=\"https:\/\/i0.wp.com\/serasturianu.com\/wp-content\/uploads\/2019\/07\/4.-j.png?resize=1076%2C1500&#038;ssl=1\" alt=\"\" width=\"1076\" height=\"1500\" srcset=\"https:\/\/i0.wp.com\/serasturianu.com\/wp-content\/uploads\/2019\/07\/4.-j.png?w=1076&amp;ssl=1 1076w, https:\/\/i0.wp.com\/serasturianu.com\/wp-content\/uploads\/2019\/07\/4.-j.png?resize=215%2C300&amp;ssl=1 215w, https:\/\/i0.wp.com\/serasturianu.com\/wp-content\/uploads\/2019\/07\/4.-j.png?resize=768%2C1071&amp;ssl=1 768w, https:\/\/i0.wp.com\/serasturianu.com\/wp-content\/uploads\/2019\/07\/4.-j.png?resize=735%2C1024&amp;ssl=1 735w, https:\/\/i0.wp.com\/serasturianu.com\/wp-content\/uploads\/2019\/07\/4.-j.png?resize=600%2C836&amp;ssl=1 600w\" sizes=\"(max-width: 1076px) 100vw, 1076px\" \/><\/p>\n<p style=\"text-align: justify;\">Adem\u00e1s, antiguamente el pical\u00edn se adornaba con un ramill\u00edn o una pluma de pavo real, que luego se regalaba a la enamorada.<\/p>\n<p style=\"text-align: justify;\"><img data-recalc-dims=\"1\" loading=\"lazy\" decoding=\"async\" class=\"aligncenter wp-image-1982 size-full\" src=\"https:\/\/i0.wp.com\/serasturianu.com\/wp-content\/uploads\/2019\/07\/5.png?resize=1140%2C1140&#038;ssl=1\" alt=\"\" width=\"1140\" height=\"1140\" srcset=\"https:\/\/i0.wp.com\/serasturianu.com\/wp-content\/uploads\/2019\/07\/5.png?w=2560&amp;ssl=1 2560w, https:\/\/i0.wp.com\/serasturianu.com\/wp-content\/uploads\/2019\/07\/5.png?resize=150%2C150&amp;ssl=1 150w, https:\/\/i0.wp.com\/serasturianu.com\/wp-content\/uploads\/2019\/07\/5.png?resize=300%2C300&amp;ssl=1 300w, https:\/\/i0.wp.com\/serasturianu.com\/wp-content\/uploads\/2019\/07\/5.png?resize=768%2C768&amp;ssl=1 768w, https:\/\/i0.wp.com\/serasturianu.com\/wp-content\/uploads\/2019\/07\/5.png?resize=1024%2C1024&amp;ssl=1 1024w, https:\/\/i0.wp.com\/serasturianu.com\/wp-content\/uploads\/2019\/07\/5.png?resize=1080%2C1080&amp;ssl=1 1080w, https:\/\/i0.wp.com\/serasturianu.com\/wp-content\/uploads\/2019\/07\/5.png?resize=600%2C600&amp;ssl=1 600w, https:\/\/i0.wp.com\/serasturianu.com\/wp-content\/uploads\/2019\/07\/5.png?resize=100%2C100&amp;ssl=1 100w\" sizes=\"(max-width: 1140px) 100vw, 1140px\" \/><\/p>\n<h2 style=\"text-align: justify;\">5. La montera no se quitaba ni dentro de la iglesia<\/h2>\n<p style=\"text-align: justify;\">Lo que suscit\u00f3 la ira del obispo de Uvi\u00e9u (el castellano<strong> Agust\u00edn Gonz\u00e1lez Pisador<\/strong>), quien oblig\u00f3 a los asturianos a descubrirse en el templo desde <strong>1786.<\/strong><\/p>\n<p style=\"text-align: justify;\"><img data-recalc-dims=\"1\" loading=\"lazy\" decoding=\"async\" class=\"aligncenter wp-image-1991 size-full\" src=\"https:\/\/i0.wp.com\/serasturianu.com\/wp-content\/uploads\/2019\/07\/6.jpg?resize=1140%2C1140&#038;ssl=1\" alt=\"\" width=\"1140\" height=\"1140\" srcset=\"https:\/\/i0.wp.com\/serasturianu.com\/wp-content\/uploads\/2019\/07\/6.jpg?w=1920&amp;ssl=1 1920w, https:\/\/i0.wp.com\/serasturianu.com\/wp-content\/uploads\/2019\/07\/6.jpg?resize=150%2C150&amp;ssl=1 150w, https:\/\/i0.wp.com\/serasturianu.com\/wp-content\/uploads\/2019\/07\/6.jpg?resize=300%2C300&amp;ssl=1 300w, https:\/\/i0.wp.com\/serasturianu.com\/wp-content\/uploads\/2019\/07\/6.jpg?resize=768%2C768&amp;ssl=1 768w, https:\/\/i0.wp.com\/serasturianu.com\/wp-content\/uploads\/2019\/07\/6.jpg?resize=1024%2C1024&amp;ssl=1 1024w, https:\/\/i0.wp.com\/serasturianu.com\/wp-content\/uploads\/2019\/07\/6.jpg?resize=1080%2C1080&amp;ssl=1 1080w, https:\/\/i0.wp.com\/serasturianu.com\/wp-content\/uploads\/2019\/07\/6.jpg?resize=600%2C600&amp;ssl=1 600w, https:\/\/i0.wp.com\/serasturianu.com\/wp-content\/uploads\/2019\/07\/6.jpg?resize=100%2C100&amp;ssl=1 100w\" sizes=\"(max-width: 1140px) 100vw, 1140px\" \/><\/p>\n<h2 style=\"text-align: justify;\"><\/h2>\n<h2 style=\"text-align: justify;\">6. Las mujeres tambi\u00e9n llevaron montera<\/h2>\n<p style=\"text-align: justify;\">Pero la abandonar\u00e1n tempranamente, de manera que en 1889 solo se documenta entre las vecinas de Ponga y Amieva (aunque sigui\u00f3 siendo habitual que las viudas llevasen puesta la montera de su difunto marido).<\/p>\n<p style=\"text-align: justify;\"><img data-recalc-dims=\"1\" loading=\"lazy\" decoding=\"async\" class=\"aligncenter wp-image-1993 size-full\" src=\"https:\/\/i0.wp.com\/serasturianu.com\/wp-content\/uploads\/2019\/07\/7.jpg?resize=1140%2C1140&#038;ssl=1\" alt=\"\" width=\"1140\" height=\"1140\" srcset=\"https:\/\/i0.wp.com\/serasturianu.com\/wp-content\/uploads\/2019\/07\/7.jpg?w=1920&amp;ssl=1 1920w, https:\/\/i0.wp.com\/serasturianu.com\/wp-content\/uploads\/2019\/07\/7.jpg?resize=150%2C150&amp;ssl=1 150w, https:\/\/i0.wp.com\/serasturianu.com\/wp-content\/uploads\/2019\/07\/7.jpg?resize=300%2C300&amp;ssl=1 300w, https:\/\/i0.wp.com\/serasturianu.com\/wp-content\/uploads\/2019\/07\/7.jpg?resize=768%2C768&amp;ssl=1 768w, https:\/\/i0.wp.com\/serasturianu.com\/wp-content\/uploads\/2019\/07\/7.jpg?resize=1024%2C1024&amp;ssl=1 1024w, https:\/\/i0.wp.com\/serasturianu.com\/wp-content\/uploads\/2019\/07\/7.jpg?resize=1080%2C1080&amp;ssl=1 1080w, https:\/\/i0.wp.com\/serasturianu.com\/wp-content\/uploads\/2019\/07\/7.jpg?resize=600%2C600&amp;ssl=1 600w, https:\/\/i0.wp.com\/serasturianu.com\/wp-content\/uploads\/2019\/07\/7.jpg?resize=100%2C100&amp;ssl=1 100w\" sizes=\"(max-width: 1140px) 100vw, 1140px\" \/><\/p>\n<p style=\"text-align: justify;\">La carbayona <strong>Marica Anday\u00f3n<\/strong> (1764-1848), hero\u00edna de la Guerra de la Independencia, era conocida por vestir montera y capa masculina, por lo que era machistamente apodada <em>\u00abPericu\u00bb<\/em> (marimacho) <em>Anday\u00f3n.<\/em><\/p>\n<p style=\"text-align: justify;\"><img data-recalc-dims=\"1\" loading=\"lazy\" decoding=\"async\" class=\"aligncenter wp-image-1994 size-full\" src=\"https:\/\/i0.wp.com\/serasturianu.com\/wp-content\/uploads\/2019\/07\/7-1.jpg?resize=1140%2C760&#038;ssl=1\" alt=\"\" width=\"1140\" height=\"760\" srcset=\"https:\/\/i0.wp.com\/serasturianu.com\/wp-content\/uploads\/2019\/07\/7-1.jpg?w=1969&amp;ssl=1 1969w, https:\/\/i0.wp.com\/serasturianu.com\/wp-content\/uploads\/2019\/07\/7-1.jpg?resize=300%2C200&amp;ssl=1 300w, https:\/\/i0.wp.com\/serasturianu.com\/wp-content\/uploads\/2019\/07\/7-1.jpg?resize=768%2C512&amp;ssl=1 768w, https:\/\/i0.wp.com\/serasturianu.com\/wp-content\/uploads\/2019\/07\/7-1.jpg?resize=1024%2C683&amp;ssl=1 1024w, https:\/\/i0.wp.com\/serasturianu.com\/wp-content\/uploads\/2019\/07\/7-1.jpg?resize=1080%2C720&amp;ssl=1 1080w, https:\/\/i0.wp.com\/serasturianu.com\/wp-content\/uploads\/2019\/07\/7-1.jpg?resize=600%2C400&amp;ssl=1 600w\" sizes=\"(max-width: 1140px) 100vw, 1140px\" \/><\/p>\n<h2 style=\"text-align: justify;\">7. Y los vaqueiros d&#8217;alzada&#8230;<\/h2>\n<p style=\"text-align: justify;\">Tal y como describi\u00f3 Jovellanos, pero fueron sustituy\u00e9ndola a lo largo del siglo XIX por el <strong>sombrero leon\u00e9s<\/strong> como elemento de diferenciaci\u00f3n con respecto a los <em>xaldos.<\/em><\/p>\n<p style=\"text-align: justify;\"><img data-recalc-dims=\"1\" loading=\"lazy\" decoding=\"async\" class=\"aligncenter wp-image-1995 size-full\" src=\"https:\/\/i0.wp.com\/serasturianu.com\/wp-content\/uploads\/2019\/07\/vaqueiros-de-alzada-en-1890.jpg?resize=1025%2C764&#038;ssl=1\" alt=\"\" width=\"1025\" height=\"764\" srcset=\"https:\/\/i0.wp.com\/serasturianu.com\/wp-content\/uploads\/2019\/07\/vaqueiros-de-alzada-en-1890.jpg?w=1025&amp;ssl=1 1025w, https:\/\/i0.wp.com\/serasturianu.com\/wp-content\/uploads\/2019\/07\/vaqueiros-de-alzada-en-1890.jpg?resize=300%2C224&amp;ssl=1 300w, https:\/\/i0.wp.com\/serasturianu.com\/wp-content\/uploads\/2019\/07\/vaqueiros-de-alzada-en-1890.jpg?resize=768%2C572&amp;ssl=1 768w, https:\/\/i0.wp.com\/serasturianu.com\/wp-content\/uploads\/2019\/07\/vaqueiros-de-alzada-en-1890.jpg?resize=1024%2C763&amp;ssl=1 1024w, https:\/\/i0.wp.com\/serasturianu.com\/wp-content\/uploads\/2019\/07\/vaqueiros-de-alzada-en-1890.jpg?resize=600%2C447&amp;ssl=1 600w\" sizes=\"(max-width: 1025px) 100vw, 1025px\" \/><\/p>\n<h2 style=\"text-align: justify;\">8. Fue usada en el pueblo c\u00e1ntabro de Tresviso<\/h2>\n<p style=\"text-align: justify;\">Debido a su gran relaci\u00f3n con Cabrales.<\/p>\n<p style=\"text-align: justify;\"><img data-recalc-dims=\"1\" loading=\"lazy\" decoding=\"async\" class=\"aligncenter wp-image-1996 size-full\" src=\"https:\/\/i0.wp.com\/serasturianu.com\/wp-content\/uploads\/2019\/07\/Tresviso-2007.jpg?resize=800%2C533&#038;ssl=1\" alt=\"\" width=\"800\" height=\"533\" srcset=\"https:\/\/i0.wp.com\/serasturianu.com\/wp-content\/uploads\/2019\/07\/Tresviso-2007.jpg?w=800&amp;ssl=1 800w, https:\/\/i0.wp.com\/serasturianu.com\/wp-content\/uploads\/2019\/07\/Tresviso-2007.jpg?resize=300%2C200&amp;ssl=1 300w, https:\/\/i0.wp.com\/serasturianu.com\/wp-content\/uploads\/2019\/07\/Tresviso-2007.jpg?resize=768%2C512&amp;ssl=1 768w, https:\/\/i0.wp.com\/serasturianu.com\/wp-content\/uploads\/2019\/07\/Tresviso-2007.jpg?resize=600%2C400&amp;ssl=1 600w\" sizes=\"(max-width: 800px) 100vw, 800px\" \/><\/p>\n<h2 style=\"text-align: justify;\">9. La Pola Siero era la capital de la montera picona<\/h2>\n<p style=\"text-align: justify;\">La mayor parte de las que se usaban en Asturias se confeccionaban aqu\u00ed, llegando a figurar 20 sastres y montereros en 1771.<\/p>\n<p style=\"text-align: justify;\"><img data-recalc-dims=\"1\" loading=\"lazy\" decoding=\"async\" class=\"aligncenter wp-image-1997 size-full\" src=\"https:\/\/i0.wp.com\/serasturianu.com\/wp-content\/uploads\/2019\/07\/4369d15daff53210d15daff5321044110a0a____.jpg?resize=1118%2C709&#038;ssl=1\" alt=\"\" width=\"1118\" height=\"709\" srcset=\"https:\/\/i0.wp.com\/serasturianu.com\/wp-content\/uploads\/2019\/07\/4369d15daff53210d15daff5321044110a0a____.jpg?w=1118&amp;ssl=1 1118w, https:\/\/i0.wp.com\/serasturianu.com\/wp-content\/uploads\/2019\/07\/4369d15daff53210d15daff5321044110a0a____.jpg?resize=300%2C190&amp;ssl=1 300w, https:\/\/i0.wp.com\/serasturianu.com\/wp-content\/uploads\/2019\/07\/4369d15daff53210d15daff5321044110a0a____.jpg?resize=768%2C487&amp;ssl=1 768w, https:\/\/i0.wp.com\/serasturianu.com\/wp-content\/uploads\/2019\/07\/4369d15daff53210d15daff5321044110a0a____.jpg?resize=1024%2C649&amp;ssl=1 1024w, https:\/\/i0.wp.com\/serasturianu.com\/wp-content\/uploads\/2019\/07\/4369d15daff53210d15daff5321044110a0a____.jpg?resize=1080%2C685&amp;ssl=1 1080w, https:\/\/i0.wp.com\/serasturianu.com\/wp-content\/uploads\/2019\/07\/4369d15daff53210d15daff5321044110a0a____.jpg?resize=600%2C381&amp;ssl=1 600w\" sizes=\"(max-width: 1118px) 100vw, 1118px\" \/><\/p>\n<h2 style=\"text-align: justify;\">10. Los \u00faltimos en usar la montera a diario fueron&#8230;<\/h2>\n<p style=\"text-align: justify;\"><strong>Ulpiano Garc\u00eda<\/strong>, el sacamuelas de Salc\u00e9u (Quir\u00f3s) y <strong>Antonio Campillo (el t\u00edu Casona)<\/strong>, nacido en Bulnes (Cabrales). Ambos llegaron a conocerse en las fiestas de San Mateo de Uvi\u00e9u en 1924, invitados por el etn\u00f3grafo asturianista Aurelio del Llano.<\/p>\n<p style=\"text-align: justify;\"><img data-recalc-dims=\"1\" loading=\"lazy\" decoding=\"async\" class=\"aligncenter wp-image-2016 size-full\" src=\"https:\/\/i0.wp.com\/serasturianu.com\/wp-content\/uploads\/2019\/07\/5.jpg?resize=1140%2C900&#038;ssl=1\" alt=\"\" width=\"1140\" height=\"900\" srcset=\"https:\/\/i0.wp.com\/serasturianu.com\/wp-content\/uploads\/2019\/07\/5.jpg?w=1900&amp;ssl=1 1900w, https:\/\/i0.wp.com\/serasturianu.com\/wp-content\/uploads\/2019\/07\/5.jpg?resize=300%2C237&amp;ssl=1 300w, https:\/\/i0.wp.com\/serasturianu.com\/wp-content\/uploads\/2019\/07\/5.jpg?resize=768%2C606&amp;ssl=1 768w, https:\/\/i0.wp.com\/serasturianu.com\/wp-content\/uploads\/2019\/07\/5.jpg?resize=1024%2C808&amp;ssl=1 1024w, https:\/\/i0.wp.com\/serasturianu.com\/wp-content\/uploads\/2019\/07\/5.jpg?resize=1080%2C853&amp;ssl=1 1080w, https:\/\/i0.wp.com\/serasturianu.com\/wp-content\/uploads\/2019\/07\/5.jpg?resize=600%2C474&amp;ssl=1 600w\" sizes=\"(max-width: 1140px) 100vw, 1140px\" \/><\/p>\n<p style=\"text-align: justify;\">No logramos averiguar la fecha de fallecimiento de cada uno, pero en 1928 <strong>Aurelio del Llano<\/strong> escribe en sus<em> Bellezas de Asturias<\/em> que Ulpiano era ya el \u00fanico asturiano que vest\u00eda el traje del pa\u00eds, conque es posible que Antonio hubiese fallecido antes de esa fecha.<\/p>\n<p style=\"text-align: justify;\"><img data-recalc-dims=\"1\" loading=\"lazy\" decoding=\"async\" class=\"alignnone wp-image-2017 size-full\" src=\"https:\/\/i0.wp.com\/serasturianu.com\/wp-content\/uploads\/2019\/07\/2-1.png?resize=1140%2C819&#038;ssl=1\" alt=\"\" width=\"1140\" height=\"819\" srcset=\"https:\/\/i0.wp.com\/serasturianu.com\/wp-content\/uploads\/2019\/07\/2-1.png?w=1504&amp;ssl=1 1504w, https:\/\/i0.wp.com\/serasturianu.com\/wp-content\/uploads\/2019\/07\/2-1.png?resize=300%2C215&amp;ssl=1 300w, https:\/\/i0.wp.com\/serasturianu.com\/wp-content\/uploads\/2019\/07\/2-1.png?resize=768%2C551&amp;ssl=1 768w, https:\/\/i0.wp.com\/serasturianu.com\/wp-content\/uploads\/2019\/07\/2-1.png?resize=1024%2C735&amp;ssl=1 1024w, https:\/\/i0.wp.com\/serasturianu.com\/wp-content\/uploads\/2019\/07\/2-1.png?resize=1080%2C776&amp;ssl=1 1080w, https:\/\/i0.wp.com\/serasturianu.com\/wp-content\/uploads\/2019\/07\/2-1.png?resize=600%2C431&amp;ssl=1 600w\" sizes=\"(max-width: 1140px) 100vw, 1140px\" \/><\/p>\n<p style=\"text-align: justify;\">La uniformizaci\u00f3n de la moda que impuso la Revoluci\u00f3n Industrial hab\u00eda acelerado el declive de la montera en el cambio de siglo, abandon\u00e1ndose definitivamente como prenda de uso diario en la d\u00e9cada de 1920. Desde entonces pervivir\u00e1 en las solemnidades, como<strong> s\u00edmbolo de la identidad asturiana.<\/strong><\/p>\n<p style=\"text-align: justify;\"><img data-recalc-dims=\"1\" loading=\"lazy\" decoding=\"async\" class=\"alignnone wp-image-1976 size-full\" src=\"https:\/\/i0.wp.com\/serasturianu.com\/wp-content\/uploads\/2019\/07\/mom.png?resize=1000%2C668&#038;ssl=1\" alt=\"\" width=\"1000\" height=\"668\" srcset=\"https:\/\/i0.wp.com\/serasturianu.com\/wp-content\/uploads\/2019\/07\/mom.png?w=1000&amp;ssl=1 1000w, https:\/\/i0.wp.com\/serasturianu.com\/wp-content\/uploads\/2019\/07\/mom.png?resize=300%2C200&amp;ssl=1 300w, https:\/\/i0.wp.com\/serasturianu.com\/wp-content\/uploads\/2019\/07\/mom.png?resize=768%2C513&amp;ssl=1 768w, https:\/\/i0.wp.com\/serasturianu.com\/wp-content\/uploads\/2019\/07\/mom.png?resize=600%2C401&amp;ssl=1 600w\" sizes=\"(max-width: 1000px) 100vw, 1000px\" \/><\/p>\n<p style=\"text-align: justify;\">En <strong>Ser Asturianu<\/strong> lo tuvimos claro, la montera picona representaba como ning\u00fan otro icono el esp\u00edritu de asturian\u00eda y por ello decidimos que ten\u00eda que ser nuestra marca.<\/p>\n<p style=\"text-align: justify;\"><strong>En fin, ahora ya sabes lo b\u00e1sico sobre la montera picona, \u00bfa qu\u00e9 esperas para ponerla en la mollera?<\/strong><\/p>\n<p style=\"text-align: justify;\"><img data-recalc-dims=\"1\" loading=\"lazy\" decoding=\"async\" class=\"aligncenter wp-image-1737\" src=\"https:\/\/i0.wp.com\/serasturianu.com\/wp-content\/uploads\/2019\/04\/se-300x124.png?resize=500%2C207&#038;ssl=1\" alt=\"\" width=\"500\" height=\"207\" \/><\/p>\n<p style=\"text-align: justify;\">","protected":false},"excerpt":{"rendered":"<p>1. \u00bfDe d\u00f3nde viene la montera picona? En origen habr\u00eda sido un gorro con dos alas que pod\u00edan bajarse para proteger las orejas del fr\u00edo, pero desconocemos su antig\u00fcedad. Por el momento puede rastrearse a partir del siglo XVIII, por &hellip; <a href=\"https:\/\/serasturianu.com\/ast\/2019\/07\/11\/10-cosas-que-no-sabias-sobre-la-montera-picona\/\">Read More<\/a><\/p>","protected":false},"author":1,"featured_media":2032,"comment_status":"open","ping_status":"open","sticky":false,"template":"","format":"standard","meta":{"_monsterinsights_skip_tracking":false,"_monsterinsights_sitenote_active":false,"_monsterinsights_sitenote_note":"","_monsterinsights_sitenote_category":0,"_jetpack_memberships_contains_paid_content":false,"footnotes":""},"categories":[40,42],"tags":[273,265,341],"class_list":["post-1970","post","type-post","status-publish","format-standard","has-post-thumbnail","hentry","category-blog-es","category-curiosidades","tag-asturias-es","tag-asturies","tag-montera-picona"],"jetpack_featured_media_url":"https:\/\/i0.wp.com\/serasturianu.com\/wp-content\/uploads\/2019\/07\/10cosas.png?fit=1000%2C668&ssl=1","jetpack_sharing_enabled":true,"_links":{"self":[{"href":"https:\/\/serasturianu.com\/ast\/wp-json\/wp\/v2\/posts\/1970","targetHints":{"allow":["GET"]}}],"collection":[{"href":"https:\/\/serasturianu.com\/ast\/wp-json\/wp\/v2\/posts"}],"about":[{"href":"https:\/\/serasturianu.com\/ast\/wp-json\/wp\/v2\/types\/post"}],"author":[{"embeddable":true,"href":"https:\/\/serasturianu.com\/ast\/wp-json\/wp\/v2\/users\/1"}],"replies":[{"embeddable":true,"href":"https:\/\/serasturianu.com\/ast\/wp-json\/wp\/v2\/comments?post=1970"}],"version-history":[{"count":32,"href":"https:\/\/serasturianu.com\/ast\/wp-json\/wp\/v2\/posts\/1970\/revisions"}],"predecessor-version":[{"id":2037,"href":"https:\/\/serasturianu.com\/ast\/wp-json\/wp\/v2\/posts\/1970\/revisions\/2037"}],"wp:featuredmedia":[{"embeddable":true,"href":"https:\/\/serasturianu.com\/ast\/wp-json\/wp\/v2\/media\/2032"}],"wp:attachment":[{"href":"https:\/\/serasturianu.com\/ast\/wp-json\/wp\/v2\/media?parent=1970"}],"wp:term":[{"taxonomy":"category","embeddable":true,"href":"https:\/\/serasturianu.com\/ast\/wp-json\/wp\/v2\/categories?post=1970"},{"taxonomy":"post_tag","embeddable":true,"href":"https:\/\/serasturianu.com\/ast\/wp-json\/wp\/v2\/tags?post=1970"}],"curies":[{"name":"wp","href":"https:\/\/api.w.org\/{rel}","templated":true}]}}