{"id":1941,"date":"2019-06-05T21:14:32","date_gmt":"2019-06-05T19:14:32","guid":{"rendered":"https:\/\/serasturianu.com\/?p=1941"},"modified":"2019-06-05T21:14:32","modified_gmt":"2019-06-05T19:14:32","slug":"itinerarios-botanicos-por-los-castanos-de-redes","status":"publish","type":"post","link":"https:\/\/serasturianu.com\/ast\/2019\/06\/05\/itinerarios-botanicos-por-los-castanos-de-redes\/","title":{"rendered":"Itinerarios bot\u00e1nicos por los casta\u00f1os de Redes"},"content":{"rendered":"<p style=\"text-align: justify;\"><span style=\"font-size: 14pt;\"><strong><em>Estudiantes de secundaria de Llaviana participan estos d\u00edas en dos rutas guiadas en asturleon\u00e9s organizadas por \u201cSer Asturianu\u201d por los sotos del Parque Natural de Redes.<\/em><\/strong><\/span><\/p>\n<p style=\"text-align: justify;\">Esta primera semana de junio, alumnos de la asignatura de lengua asturiana del IES David V\u00e1zquez Mart\u00ednez de Llaviana participan en un par de visitas guiadas por la ruta de Los Cabornos, en Campiellos (Sobroscubiu). Durante las mismas, el gu\u00eda oficial de turismo Denis Soria acercar\u00e1 la cultura alrededor de la casta\u00f1a a los estudiantes y les ayudar\u00e1 a identificar las principales especies asociadas a estos bosques, as\u00ed como sus usos pr\u00e1cticos.<\/p>\n<p style=\"text-align: justify;\">El objetivo de los itinerarios es despertar el inter\u00e9s por el entorno natural y cultural del valle del Nal\u00f3n y dar a los chavales un respiro de los espacios virtuales de socializaci\u00f3n.<\/p>\n<p style=\"text-align: justify;\">La pr\u00f3xima visita est\u00e1 prevista para este viernes 7 de junio, a las 9:00 h, con salida en el pueblo de Campiellos.<\/p>\n<p>\u00a0<img data-recalc-dims=\"1\" fetchpriority=\"high\" decoding=\"async\" class=\"aligncenter wp-image-1944 size-full\" src=\"https:\/\/i0.wp.com\/serasturianu.com\/wp-content\/uploads\/2019\/06\/5.jpg?resize=1140%2C855&ssl=1\" alt=\"\" width=\"1140\" height=\"855\" srcset=\"https:\/\/i0.wp.com\/serasturianu.com\/wp-content\/uploads\/2019\/06\/5.jpg?w=1600&ssl=1 1600w, https:\/\/i0.wp.com\/serasturianu.com\/wp-content\/uploads\/2019\/06\/5.jpg?resize=300%2C225&ssl=1 300w, https:\/\/i0.wp.com\/serasturianu.com\/wp-content\/uploads\/2019\/06\/5.jpg?resize=768%2C576&ssl=1 768w, https:\/\/i0.wp.com\/serasturianu.com\/wp-content\/uploads\/2019\/06\/5.jpg?resize=1024%2C768&ssl=1 1024w, https:\/\/i0.wp.com\/serasturianu.com\/wp-content\/uploads\/2019\/06\/5.jpg?resize=510%2C382&ssl=1 510w, https:\/\/i0.wp.com\/serasturianu.com\/wp-content\/uploads\/2019\/06\/5.jpg?resize=1080%2C810&ssl=1 1080w, https:\/\/i0.wp.com\/serasturianu.com\/wp-content\/uploads\/2019\/06\/5.jpg?resize=600%2C450&ssl=1 600w\" sizes=\"(max-width: 1140px) 100vw, 1140px\" \/><\/p>","protected":false},"excerpt":{"rendered":"<p>Estudiantes de secundaria de Llaviana participan estos d\u00edas en dos rutas guiadas en asturleon\u00e9s organizadas por \u201cSer Asturianu\u201d por los sotos del Parque Natural de Redes. Esta primera semana de junio, alumnos de la asignatura de lengua asturiana del IES &hellip; <a href=\"https:\/\/serasturianu.com\/ast\/2019\/06\/05\/itinerarios-botanicos-por-los-castanos-de-redes\/\">Read More<\/a><\/p>","protected":false},"author":1,"featured_media":1943,"comment_status":"open","ping_status":"open","sticky":false,"template":"","format":"standard","meta":{"_monsterinsights_skip_tracking":false,"_monsterinsights_sitenote_active":false,"_monsterinsights_sitenote_note":"","_monsterinsights_sitenote_category":0,"_jetpack_memberships_contains_paid_content":false,"footnotes":""},"categories":[1],"tags":[325,292,323,321,300,319,294,296],"class_list":["post-1941","post","type-post","status-publish","format-standard","has-post-thumbnail","hentry","category-uncategorized","tag-asturianu-es","tag-cabornos","tag-laviana","tag-llaviana","tag-parque-natural-de-redes","tag-redes","tag-sobrescobio","tag-sobroscubiu"],"yoast_head":"<!-- This site is optimized with the Yoast SEO plugin v27.5 - https:\/\/yoast.com\/product\/yoast-seo-wordpress\/ -->\n<title>Itinerarios bot\u00e1nicos por los casta\u00f1os de Redes - Ser Asturianu<\/title>\n<meta name=\"robots\" content=\"index, follow, max-snippet:-1, max-image-preview:large, max-video-preview:-1\" \/>\n<link rel=\"canonical\" href=\"https:\/\/serasturianu.com\/ast\/2019\/06\/05\/itinerarios-botanicos-por-los-castanos-de-redes\/\" \/>\n<meta property=\"og:locale\" content=\"en_US\" \/>\n<meta property=\"og:type\" content=\"article\" \/>\n<meta property=\"og:title\" content=\"Itinerarios bot\u00e1nicos por los casta\u00f1os de Redes - Ser Asturianu\" \/>\n<meta property=\"og:description\" content=\"Estudiantes de secundaria de Llaviana participan estos d\u00edas en dos rutas guiadas en asturleon\u00e9s organizadas por \u201cSer Asturianu\u201d por los sotos del Parque Natural de Redes. Esta primera semana de junio, alumnos de la asignatura de lengua asturiana del IES &hellip; Read More\" \/>\n<meta property=\"og:url\" content=\"https:\/\/serasturianu.com\/ast\/2019\/06\/05\/itinerarios-botanicos-por-los-castanos-de-redes\/\" \/>\n<meta property=\"og:site_name\" content=\"Ser Asturianu\" \/>\n<meta property=\"article:publisher\" content=\"https:\/\/www.facebook.com\/serasturianu\" \/>\n<meta property=\"article:published_time\" content=\"2019-06-05T19:14:32+00:00\" \/>\n<meta property=\"og:image\" content=\"https:\/\/i0.wp.com\/serasturianu.com\/wp-content\/uploads\/2019\/06\/3.jpg?fit=1600%2C1200&ssl=1\" \/>\n\t<meta property=\"og:image:width\" content=\"1600\" \/>\n\t<meta property=\"og:image:height\" content=\"1200\" \/>\n\t<meta property=\"og:image:type\" content=\"image\/jpeg\" \/>\n<meta name=\"author\" content=\"serasturianu\" \/>\n<meta name=\"twitter:card\" content=\"summary_large_image\" \/>\n<meta name=\"twitter:creator\" content=\"@SerAsturianu\" \/>\n<meta name=\"twitter:site\" content=\"@SerAsturianu\" \/>\n<meta name=\"twitter:label1\" content=\"Written by\" \/>\n\t<meta name=\"twitter:data1\" content=\"serasturianu\" \/>\n\t<meta name=\"twitter:label2\" content=\"Est. reading time\" \/>\n\t<meta name=\"twitter:data2\" content=\"1 minute\" \/>\n<script type=\"application\/ld+json\" class=\"yoast-schema-graph\">{\"@context\":\"https:\\\/\\\/schema.org\",\"@graph\":[{\"@type\":\"Article\",\"@id\":\"https:\\\/\\\/serasturianu.com\\\/ast\\\/2019\\\/06\\\/05\\\/itinerarios-botanicos-por-los-castanos-de-redes\\\/#article\",\"isPartOf\":{\"@id\":\"https:\\\/\\\/serasturianu.com\\\/ast\\\/2019\\\/06\\\/05\\\/itinerarios-botanicos-por-los-castanos-de-redes\\\/\"},\"author\":{\"name\":\"serasturianu\",\"@id\":\"https:\\\/\\\/serasturianu.com\\\/#\\\/schema\\\/person\\\/7d40831736e46924e4c0f05b50eb56e3\"},\"headline\":\"Itinerarios bot\u00e1nicos por los casta\u00f1os de Redes\",\"datePublished\":\"2019-06-05T19:14:32+00:00\",\"mainEntityOfPage\":{\"@id\":\"https:\\\/\\\/serasturianu.com\\\/ast\\\/2019\\\/06\\\/05\\\/itinerarios-botanicos-por-los-castanos-de-redes\\\/\"},\"wordCount\":170,\"commentCount\":0,\"publisher\":{\"@id\":\"https:\\\/\\\/serasturianu.com\\\/#organization\"},\"image\":{\"@id\":\"https:\\\/\\\/serasturianu.com\\\/ast\\\/2019\\\/06\\\/05\\\/itinerarios-botanicos-por-los-castanos-de-redes\\\/#primaryimage\"},\"thumbnailUrl\":\"https:\\\/\\\/i0.wp.com\\\/serasturianu.com\\\/wp-content\\\/uploads\\\/2019\\\/06\\\/3.jpg?fit=1600%2C1200&ssl=1\",\"keywords\":[\"Asturianu\",\"Cabornos\",\"Laviana\",\"Llaviana\",\"Parque Natural de Redes\",\"Redes\",\"Sobrescobio\",\"Sobroscubiu\"],\"inLanguage\":\"ast\",\"potentialAction\":[{\"@type\":\"CommentAction\",\"name\":\"Comment\",\"target\":[\"https:\\\/\\\/serasturianu.com\\\/ast\\\/2019\\\/06\\\/05\\\/itinerarios-botanicos-por-los-castanos-de-redes\\\/#respond\"]}]},{\"@type\":\"WebPage\",\"@id\":\"https:\\\/\\\/serasturianu.com\\\/ast\\\/2019\\\/06\\\/05\\\/itinerarios-botanicos-por-los-castanos-de-redes\\\/\",\"url\":\"https:\\\/\\\/serasturianu.com\\\/ast\\\/2019\\\/06\\\/05\\\/itinerarios-botanicos-por-los-castanos-de-redes\\\/\",\"name\":\"Itinerarios bot\u00e1nicos por los casta\u00f1os de Redes - Ser Asturianu\",\"isPartOf\":{\"@id\":\"https:\\\/\\\/serasturianu.com\\\/#website\"},\"primaryImageOfPage\":{\"@id\":\"https:\\\/\\\/serasturianu.com\\\/ast\\\/2019\\\/06\\\/05\\\/itinerarios-botanicos-por-los-castanos-de-redes\\\/#primaryimage\"},\"image\":{\"@id\":\"https:\\\/\\\/serasturianu.com\\\/ast\\\/2019\\\/06\\\/05\\\/itinerarios-botanicos-por-los-castanos-de-redes\\\/#primaryimage\"},\"thumbnailUrl\":\"https:\\\/\\\/i0.wp.com\\\/serasturianu.com\\\/wp-content\\\/uploads\\\/2019\\\/06\\\/3.jpg?fit=1600%2C1200&ssl=1\",\"datePublished\":\"2019-06-05T19:14:32+00:00\",\"breadcrumb\":{\"@id\":\"https:\\\/\\\/serasturianu.com\\\/ast\\\/2019\\\/06\\\/05\\\/itinerarios-botanicos-por-los-castanos-de-redes\\\/#breadcrumb\"},\"inLanguage\":\"ast\",\"potentialAction\":[{\"@type\":\"ReadAction\",\"target\":[\"https:\\\/\\\/serasturianu.com\\\/ast\\\/2019\\\/06\\\/05\\\/itinerarios-botanicos-por-los-castanos-de-redes\\\/\"]}]},{\"@type\":\"ImageObject\",\"inLanguage\":\"ast\",\"@id\":\"https:\\\/\\\/serasturianu.com\\\/ast\\\/2019\\\/06\\\/05\\\/itinerarios-botanicos-por-los-castanos-de-redes\\\/#primaryimage\",\"url\":\"https:\\\/\\\/i0.wp.com\\\/serasturianu.com\\\/wp-content\\\/uploads\\\/2019\\\/06\\\/3.jpg?fit=1600%2C1200&ssl=1\",\"contentUrl\":\"https:\\\/\\\/i0.wp.com\\\/serasturianu.com\\\/wp-content\\\/uploads\\\/2019\\\/06\\\/3.jpg?fit=1600%2C1200&ssl=1\",\"width\":1600,\"height\":1200},{\"@type\":\"BreadcrumbList\",\"@id\":\"https:\\\/\\\/serasturianu.com\\\/ast\\\/2019\\\/06\\\/05\\\/itinerarios-botanicos-por-los-castanos-de-redes\\\/#breadcrumb\",\"itemListElement\":[{\"@type\":\"ListItem\",\"position\":1,\"name\":\"Portada\",\"item\":\"https:\\\/\\\/serasturianu.com\\\/ast\\\/\"},{\"@type\":\"ListItem\",\"position\":2,\"name\":\"Itinerarios bot\u00e1nicos por los casta\u00f1os de Redes\"}]},{\"@type\":\"WebSite\",\"@id\":\"https:\\\/\\\/serasturianu.com\\\/#website\",\"url\":\"https:\\\/\\\/serasturianu.com\\\/\",\"name\":\"Ser Asturianu\",\"description\":\"Tours aut\u00e9nticos\",\"publisher\":{\"@id\":\"https:\\\/\\\/serasturianu.com\\\/#organization\"},\"potentialAction\":[{\"@type\":\"SearchAction\",\"target\":{\"@type\":\"EntryPoint\",\"urlTemplate\":\"https:\\\/\\\/serasturianu.com\\\/?s={search_term_string}\"},\"query-input\":{\"@type\":\"PropertyValueSpecification\",\"valueRequired\":true,\"valueName\":\"search_term_string\"}}],\"inLanguage\":\"ast\"},{\"@type\":\"Organization\",\"@id\":\"https:\\\/\\\/serasturianu.com\\\/#organization\",\"name\":\"Ser Asturianu\",\"url\":\"https:\\\/\\\/serasturianu.com\\\/\",\"logo\":{\"@type\":\"ImageObject\",\"inLanguage\":\"ast\",\"@id\":\"https:\\\/\\\/serasturianu.com\\\/#\\\/schema\\\/logo\\\/image\\\/\",\"url\":\"https:\\\/\\\/i0.wp.com\\\/serasturianu.com\\\/wp-content\\\/uploads\\\/2022\\\/01\\\/logofondu.png?fit=510%2C510&ssl=1\",\"contentUrl\":\"https:\\\/\\\/i0.wp.com\\\/serasturianu.com\\\/wp-content\\\/uploads\\\/2022\\\/01\\\/logofondu.png?fit=510%2C510&ssl=1\",\"width\":510,\"height\":510,\"caption\":\"Ser Asturianu\"},\"image\":{\"@id\":\"https:\\\/\\\/serasturianu.com\\\/#\\\/schema\\\/logo\\\/image\\\/\"},\"sameAs\":[\"https:\\\/\\\/www.facebook.com\\\/serasturianu\",\"https:\\\/\\\/x.com\\\/SerAsturianu\",\"https:\\\/\\\/www.instagram.com\\\/ser_asturianu\\\/\"]},{\"@type\":\"Person\",\"@id\":\"https:\\\/\\\/serasturianu.com\\\/#\\\/schema\\\/person\\\/7d40831736e46924e4c0f05b50eb56e3\",\"name\":\"serasturianu\",\"image\":{\"@type\":\"ImageObject\",\"inLanguage\":\"ast\",\"@id\":\"https:\\\/\\\/secure.gravatar.com\\\/avatar\\\/e402fe1cb4d6685aeaadf5eca83a377394f2f6e2b29898eb1dd1589b9b7d8614?s=96&d=mm&r=g\",\"url\":\"https:\\\/\\\/secure.gravatar.com\\\/avatar\\\/e402fe1cb4d6685aeaadf5eca83a377394f2f6e2b29898eb1dd1589b9b7d8614?s=96&d=mm&r=g\",\"contentUrl\":\"https:\\\/\\\/secure.gravatar.com\\\/avatar\\\/e402fe1cb4d6685aeaadf5eca83a377394f2f6e2b29898eb1dd1589b9b7d8614?s=96&d=mm&r=g\",\"caption\":\"serasturianu\"},\"url\":\"https:\\\/\\\/serasturianu.com\\\/ast\\\/author\\\/serasturianu\\\/\"}]}<\/script>\n<!-- \/ Yoast SEO plugin. -->","yoast_head_json":{"title":"Itinerarios bot\u00e1nicos por los casta\u00f1os de Redes - Ser Asturianu","robots":{"index":"index","follow":"follow","max-snippet":"max-snippet:-1","max-image-preview":"max-image-preview:large","max-video-preview":"max-video-preview:-1"},"canonical":"https:\/\/serasturianu.com\/ast\/2019\/06\/05\/itinerarios-botanicos-por-los-castanos-de-redes\/","og_locale":"en_US","og_type":"article","og_title":"Itinerarios bot\u00e1nicos por los casta\u00f1os de Redes - Ser Asturianu","og_description":"Estudiantes de secundaria de Llaviana participan estos d\u00edas en dos rutas guiadas en asturleon\u00e9s organizadas por \u201cSer Asturianu\u201d por los sotos del Parque Natural de Redes. Esta primera semana de junio, alumnos de la asignatura de lengua asturiana del IES &hellip; Read More","og_url":"https:\/\/serasturianu.com\/ast\/2019\/06\/05\/itinerarios-botanicos-por-los-castanos-de-redes\/","og_site_name":"Ser Asturianu","article_publisher":"https:\/\/www.facebook.com\/serasturianu","article_published_time":"2019-06-05T19:14:32+00:00","og_image":[{"width":1600,"height":1200,"url":"https:\/\/i0.wp.com\/serasturianu.com\/wp-content\/uploads\/2019\/06\/3.jpg?fit=1600%2C1200&ssl=1","type":"image\/jpeg"}],"author":"serasturianu","twitter_card":"summary_large_image","twitter_creator":"@SerAsturianu","twitter_site":"@SerAsturianu","twitter_misc":{"Written by":"serasturianu","Est. reading time":"1 minute"},"schema":{"@context":"https:\/\/schema.org","@graph":[{"@type":"Article","@id":"https:\/\/serasturianu.com\/ast\/2019\/06\/05\/itinerarios-botanicos-por-los-castanos-de-redes\/#article","isPartOf":{"@id":"https:\/\/serasturianu.com\/ast\/2019\/06\/05\/itinerarios-botanicos-por-los-castanos-de-redes\/"},"author":{"name":"serasturianu","@id":"https:\/\/serasturianu.com\/#\/schema\/person\/7d40831736e46924e4c0f05b50eb56e3"},"headline":"Itinerarios bot\u00e1nicos por los casta\u00f1os de Redes","datePublished":"2019-06-05T19:14:32+00:00","mainEntityOfPage":{"@id":"https:\/\/serasturianu.com\/ast\/2019\/06\/05\/itinerarios-botanicos-por-los-castanos-de-redes\/"},"wordCount":170,"commentCount":0,"publisher":{"@id":"https:\/\/serasturianu.com\/#organization"},"image":{"@id":"https:\/\/serasturianu.com\/ast\/2019\/06\/05\/itinerarios-botanicos-por-los-castanos-de-redes\/#primaryimage"},"thumbnailUrl":"https:\/\/i0.wp.com\/serasturianu.com\/wp-content\/uploads\/2019\/06\/3.jpg?fit=1600%2C1200&ssl=1","keywords":["Asturianu","Cabornos","Laviana","Llaviana","Parque Natural de Redes","Redes","Sobrescobio","Sobroscubiu"],"inLanguage":"ast","potentialAction":[{"@type":"CommentAction","name":"Comment","target":["https:\/\/serasturianu.com\/ast\/2019\/06\/05\/itinerarios-botanicos-por-los-castanos-de-redes\/#respond"]}]},{"@type":"WebPage","@id":"https:\/\/serasturianu.com\/ast\/2019\/06\/05\/itinerarios-botanicos-por-los-castanos-de-redes\/","url":"https:\/\/serasturianu.com\/ast\/2019\/06\/05\/itinerarios-botanicos-por-los-castanos-de-redes\/","name":"Itinerarios bot\u00e1nicos por los casta\u00f1os de Redes - Ser Asturianu","isPartOf":{"@id":"https:\/\/serasturianu.com\/#website"},"primaryImageOfPage":{"@id":"https:\/\/serasturianu.com\/ast\/2019\/06\/05\/itinerarios-botanicos-por-los-castanos-de-redes\/#primaryimage"},"image":{"@id":"https:\/\/serasturianu.com\/ast\/2019\/06\/05\/itinerarios-botanicos-por-los-castanos-de-redes\/#primaryimage"},"thumbnailUrl":"https:\/\/i0.wp.com\/serasturianu.com\/wp-content\/uploads\/2019\/06\/3.jpg?fit=1600%2C1200&ssl=1","datePublished":"2019-06-05T19:14:32+00:00","breadcrumb":{"@id":"https:\/\/serasturianu.com\/ast\/2019\/06\/05\/itinerarios-botanicos-por-los-castanos-de-redes\/#breadcrumb"},"inLanguage":"ast","potentialAction":[{"@type":"ReadAction","target":["https:\/\/serasturianu.com\/ast\/2019\/06\/05\/itinerarios-botanicos-por-los-castanos-de-redes\/"]}]},{"@type":"ImageObject","inLanguage":"ast","@id":"https:\/\/serasturianu.com\/ast\/2019\/06\/05\/itinerarios-botanicos-por-los-castanos-de-redes\/#primaryimage","url":"https:\/\/i0.wp.com\/serasturianu.com\/wp-content\/uploads\/2019\/06\/3.jpg?fit=1600%2C1200&ssl=1","contentUrl":"https:\/\/i0.wp.com\/serasturianu.com\/wp-content\/uploads\/2019\/06\/3.jpg?fit=1600%2C1200&ssl=1","width":1600,"height":1200},{"@type":"BreadcrumbList","@id":"https:\/\/serasturianu.com\/ast\/2019\/06\/05\/itinerarios-botanicos-por-los-castanos-de-redes\/#breadcrumb","itemListElement":[{"@type":"ListItem","position":1,"name":"Portada","item":"https:\/\/serasturianu.com\/ast\/"},{"@type":"ListItem","position":2,"name":"Itinerarios bot\u00e1nicos por los casta\u00f1os de Redes"}]},{"@type":"WebSite","@id":"https:\/\/serasturianu.com\/#website","url":"https:\/\/serasturianu.com\/","name":"Ser Asturianu","description":"Tours aut\u00e9nticos","publisher":{"@id":"https:\/\/serasturianu.com\/#organization"},"potentialAction":[{"@type":"SearchAction","target":{"@type":"EntryPoint","urlTemplate":"https:\/\/serasturianu.com\/?s={search_term_string}"},"query-input":{"@type":"PropertyValueSpecification","valueRequired":true,"valueName":"search_term_string"}}],"inLanguage":"ast"},{"@type":"Organization","@id":"https:\/\/serasturianu.com\/#organization","name":"Ser Asturianu","url":"https:\/\/serasturianu.com\/","logo":{"@type":"ImageObject","inLanguage":"ast","@id":"https:\/\/serasturianu.com\/#\/schema\/logo\/image\/","url":"https:\/\/i0.wp.com\/serasturianu.com\/wp-content\/uploads\/2022\/01\/logofondu.png?fit=510%2C510&ssl=1","contentUrl":"https:\/\/i0.wp.com\/serasturianu.com\/wp-content\/uploads\/2022\/01\/logofondu.png?fit=510%2C510&ssl=1","width":510,"height":510,"caption":"Ser Asturianu"},"image":{"@id":"https:\/\/serasturianu.com\/#\/schema\/logo\/image\/"},"sameAs":["https:\/\/www.facebook.com\/serasturianu","https:\/\/x.com\/SerAsturianu","https:\/\/www.instagram.com\/ser_asturianu\/"]},{"@type":"Person","@id":"https:\/\/serasturianu.com\/#\/schema\/person\/7d40831736e46924e4c0f05b50eb56e3","name":"serasturianu","image":{"@type":"ImageObject","inLanguage":"ast","@id":"https:\/\/secure.gravatar.com\/avatar\/e402fe1cb4d6685aeaadf5eca83a377394f2f6e2b29898eb1dd1589b9b7d8614?s=96&d=mm&r=g","url":"https:\/\/secure.gravatar.com\/avatar\/e402fe1cb4d6685aeaadf5eca83a377394f2f6e2b29898eb1dd1589b9b7d8614?s=96&d=mm&r=g","contentUrl":"https:\/\/secure.gravatar.com\/avatar\/e402fe1cb4d6685aeaadf5eca83a377394f2f6e2b29898eb1dd1589b9b7d8614?s=96&d=mm&r=g","caption":"serasturianu"},"url":"https:\/\/serasturianu.com\/ast\/author\/serasturianu\/"}]}},"jetpack_featured_media_url":"https:\/\/i0.wp.com\/serasturianu.com\/wp-content\/uploads\/2019\/06\/3.jpg?fit=1600%2C1200&ssl=1","jetpack_sharing_enabled":true,"_links":{"self":[{"href":"https:\/\/serasturianu.com\/ast\/wp-json\/wp\/v2\/posts\/1941","targetHints":{"allow":["GET"]}}],"collection":[{"href":"https:\/\/serasturianu.com\/ast\/wp-json\/wp\/v2\/posts"}],"about":[{"href":"https:\/\/serasturianu.com\/ast\/wp-json\/wp\/v2\/types\/post"}],"author":[{"embeddable":true,"href":"https:\/\/serasturianu.com\/ast\/wp-json\/wp\/v2\/users\/1"}],"replies":[{"embeddable":true,"href":"https:\/\/serasturianu.com\/ast\/wp-json\/wp\/v2\/comments?post=1941"}],"version-history":[{"count":3,"href":"https:\/\/serasturianu.com\/ast\/wp-json\/wp\/v2\/posts\/1941\/revisions"}],"predecessor-version":[{"id":1947,"href":"https:\/\/serasturianu.com\/ast\/wp-json\/wp\/v2\/posts\/1941\/revisions\/1947"}],"wp:featuredmedia":[{"embeddable":true,"href":"https:\/\/serasturianu.com\/ast\/wp-json\/wp\/v2\/media\/1943"}],"wp:attachment":[{"href":"https:\/\/serasturianu.com\/ast\/wp-json\/wp\/v2\/media?parent=1941"}],"wp:term":[{"taxonomy":"category","embeddable":true,"href":"https:\/\/serasturianu.com\/ast\/wp-json\/wp\/v2\/categories?post=1941"},{"taxonomy":"post_tag","embeddable":true,"href":"https:\/\/serasturianu.com\/ast\/wp-json\/wp\/v2\/tags?post=1941"}],"curies":[{"name":"wp","href":"https:\/\/api.w.org\/{rel}","templated":true}]}}