{"id":1931,"date":"2019-05-15T13:00:23","date_gmt":"2019-05-15T11:00:23","guid":{"rendered":"https:\/\/serasturianu.com\/?p=1931"},"modified":"2019-05-15T13:30:23","modified_gmt":"2019-05-15T11:30:23","slug":"los-cabornos-el-reinu-de-la-castanal","status":"publish","type":"post","link":"https:\/\/serasturianu.com\/ast\/2019\/05\/15\/los-cabornos-el-reinu-de-la-castanal\/","title":{"rendered":"Los Cabornos, el reinu de la casta\u00f1al"},"content":{"rendered":"<p style=\"text-align: justify;\"><span style=\"font-size: 18pt;\">Asitiada nel Parque Natural de Redes, la ruta de <em>Los Cabornos<\/em> ye un pas\u00e9u de cuasi dos hores per \u00fan de los sotos de casta\u00f1ales centenaries m\u00e1s representativos del valle del Nal\u00f3n.<\/span><\/p>\n<p style=\"text-align: justify;\">Asturies ye la mancha de casta\u00f1ales m\u00e1s grande d\u2019Europa, con alredor de 58.000 ha, anque pocos de los sos casta\u00f1eos aprov\u00e9chense econ\u00f3micamente. A pesar de cuntar con variedaes aut\u00f3ctones de casta\u00f1a de bona calid\u00e1, como la <em>valduna<\/em> (de gran sonad\u00eda en Les Regueres), nam\u00e1s producimos 120 tonelaes al a\u00f1u, llo\u00f1e de los nuesos vecinos gallegos y llioneses. La so rellaci\u00f3n cola cultura tradicional asturiana, pa con too, foi y ye pergrande; los sos frutos serondiegos calmaron la fame nos a\u00f1os de miseria y la so madera foi la que m\u00e1s s\u2019empleg\u00f3 na construcci\u00f3n d\u2019horros y paneres (inclusive nes galer\u00edes de les mines de carb\u00f3n).<\/p>\n<p><img data-recalc-dims=\"1\" fetchpriority=\"high\" decoding=\"async\" class=\"aligncenter wp-image-1910 size-full\" src=\"https:\/\/i0.wp.com\/serasturianu.com\/wp-content\/uploads\/2019\/05\/1.png?resize=1000%2C668&ssl=1\" alt=\"\" width=\"1000\" height=\"668\" srcset=\"https:\/\/i0.wp.com\/serasturianu.com\/wp-content\/uploads\/2019\/05\/1.png?w=1000&ssl=1 1000w, https:\/\/i0.wp.com\/serasturianu.com\/wp-content\/uploads\/2019\/05\/1.png?resize=300%2C200&ssl=1 300w, https:\/\/i0.wp.com\/serasturianu.com\/wp-content\/uploads\/2019\/05\/1.png?resize=768%2C513&ssl=1 768w, https:\/\/i0.wp.com\/serasturianu.com\/wp-content\/uploads\/2019\/05\/1.png?resize=600%2C401&ssl=1 600w\" sizes=\"(max-width: 1000px) 100vw, 1000px\" \/><\/p>\n<p style=\"text-align: justify;\">Escomenzaremos nel pueblu de <strong>Campiellos<\/strong>, en Sobroscubiu, al que s\u2019accede dende <strong>Rusecu<\/strong>. Debemos aclarar que\u2019l nome d\u2019esti conceyu (<strong><em>Sobroscubiu<\/em><\/strong>) fai honor a la so guapura vertical, pos n\u2019asturllion\u00e9s un <em>escobiu<\/em> nun ye otra cosa qu\u2019un pasu estrenchu o un llugar pindiu, al tiempu que los sos habitantes son conoc\u00edos como <em>coyanes<\/em>. La llocalid\u00e1 calti\u00e9n una muestra fascinante d\u2019arquitectura tradicional, colos tabiques de ciebu o cebatu, les sos tenaes o los sos horros con dalgunos pegoyos ensin canter\u00eda, caracter\u00edsticos de la zona. N\u00f3s vamos siguir la ruta -se\u00f1alizada mui curioso- per detr\u00e1s de la bolera, hasta aportar a un r\u00f3tulu qu\u2019indica la zona de <strong>Los Malatos.<\/strong><\/p>\n<p><img data-recalc-dims=\"1\" decoding=\"async\" class=\"aligncenter wp-image-1912 size-full\" src=\"https:\/\/i0.wp.com\/serasturianu.com\/wp-content\/uploads\/2019\/05\/2.png?resize=1000%2C668&ssl=1\" alt=\"\" width=\"1000\" height=\"668\" srcset=\"https:\/\/i0.wp.com\/serasturianu.com\/wp-content\/uploads\/2019\/05\/2.png?w=1000&ssl=1 1000w, https:\/\/i0.wp.com\/serasturianu.com\/wp-content\/uploads\/2019\/05\/2.png?resize=300%2C200&ssl=1 300w, https:\/\/i0.wp.com\/serasturianu.com\/wp-content\/uploads\/2019\/05\/2.png?resize=768%2C513&ssl=1 768w, https:\/\/i0.wp.com\/serasturianu.com\/wp-content\/uploads\/2019\/05\/2.png?resize=600%2C401&ssl=1 600w\" sizes=\"(max-width: 1000px) 100vw, 1000px\" \/><\/p>\n<p style=\"text-align: justify;\">A pocos metros toparemos les primeres <strong>cuerries<\/strong> o corripes, unes muries de piedra circulares onde s\u2019almacenen les casta\u00f1es <strong><em>ca\u00f1ueles <\/em><\/strong>(les que cayen de les ca\u00f1es del \u00e1rbol). Ell\u00ed tap\u00e9cense con fueya y feleches pa caltener la humed\u00e1 y conservales per m\u00e1s tiempu, hasta qu\u2019esgayen del <strong>muergu<\/strong> o oriciu (esto ye, cuando <em>esmorguen<\/em>), d\u2019eh\u00ed\u2019l nome de les pinces de madera coles que tradicionalmente se pa\u00f1en los muergos; les <strong><em>morgaces. <\/em><\/strong>Otru xeitu de caltener les casta\u00f1es ye ensugales o fumales nes cases, quedando dures y engurriaes; son les conoc\u00edes <em><strong>mayuques<\/strong><\/em>, qu\u2019acompa\u00f1aron los potaxes muncho primero d\u2019arribar la pataca.<\/p>\n<p><img data-recalc-dims=\"1\" decoding=\"async\" class=\"aligncenter wp-image-1914 size-full\" src=\"https:\/\/i0.wp.com\/serasturianu.com\/wp-content\/uploads\/2019\/05\/4.png?resize=1000%2C668&ssl=1\" alt=\"\" width=\"1000\" height=\"668\" srcset=\"https:\/\/i0.wp.com\/serasturianu.com\/wp-content\/uploads\/2019\/05\/4.png?w=1000&ssl=1 1000w, https:\/\/i0.wp.com\/serasturianu.com\/wp-content\/uploads\/2019\/05\/4.png?resize=300%2C200&ssl=1 300w, https:\/\/i0.wp.com\/serasturianu.com\/wp-content\/uploads\/2019\/05\/4.png?resize=768%2C513&ssl=1 768w, https:\/\/i0.wp.com\/serasturianu.com\/wp-content\/uploads\/2019\/05\/4.png?resize=600%2C401&ssl=1 600w\" sizes=\"(max-width: 1000px) 100vw, 1000px\" \/><\/p>\n<p><img data-recalc-dims=\"1\" loading=\"lazy\" decoding=\"async\" class=\"aligncenter wp-image-1916 size-full\" src=\"https:\/\/i0.wp.com\/serasturianu.com\/wp-content\/uploads\/2019\/05\/5.png?resize=1000%2C668&ssl=1\" alt=\"\" width=\"1000\" height=\"668\" srcset=\"https:\/\/i0.wp.com\/serasturianu.com\/wp-content\/uploads\/2019\/05\/5.png?w=1000&ssl=1 1000w, https:\/\/i0.wp.com\/serasturianu.com\/wp-content\/uploads\/2019\/05\/5.png?resize=300%2C200&ssl=1 300w, https:\/\/i0.wp.com\/serasturianu.com\/wp-content\/uploads\/2019\/05\/5.png?resize=768%2C513&ssl=1 768w, https:\/\/i0.wp.com\/serasturianu.com\/wp-content\/uploads\/2019\/05\/5.png?resize=600%2C401&ssl=1 600w\" sizes=\"(max-width: 1000px) 100vw, 1000px\" \/><\/p>\n<p style=\"text-align: justify;\">Continuaremos pela <strong>La Llosa\u2019l Llanu<\/strong> trevesando una viesca adevesada de rebollos (<em>Quercus pyrenaica<\/em>), colos sos tueros irregulares endolcaos por mofos y al\u00edquenes. Llueu va esperanos un cam\u00edn de baxada con vistes sobre\u2019l <strong>Picu la Xamoca (1281 m)<\/strong> onde mos aguarden decenes de casta\u00f1ales centenaries. Tal vez mos podia sorprender que les casta\u00f1ales de <em>Los Cabornos<\/em> nun seyan altes y allargaes, como cabr\u00eda esperar d\u2019\u00e1rboles maderables, sin\u00f3n que les m\u00e1s d\u2019elles son grandes tueros gruesos y rebaxuelos. A lo llargo de sieglos estos \u00e1rboles empobinaos a la producci\u00f3n de casta\u00f1es foron somet\u00edos a inxertos y podes que dexaron la madera del interior albentestate, a espenses de la voracid\u00e1 de los mofos, y pali pali estos tueros quedar\u00eden g\u00fcecos dafechu. Sedr\u00eden \u00e9stos los llamaos <strong><em>cabornos <\/em><\/strong>o<em> caboxos<\/em>, con unes formes imposibles qu\u2019inspirar\u00eden seres fant\u00e1sticos, como <em>trasgos <\/em>y<em> busgosos.<\/em><\/p>\n<p><img data-recalc-dims=\"1\" loading=\"lazy\" decoding=\"async\" class=\"aligncenter wp-image-1917 size-full\" src=\"https:\/\/i0.wp.com\/serasturianu.com\/wp-content\/uploads\/2019\/05\/6.png?resize=1000%2C668&ssl=1\" alt=\"\" width=\"1000\" height=\"668\" srcset=\"https:\/\/i0.wp.com\/serasturianu.com\/wp-content\/uploads\/2019\/05\/6.png?w=1000&ssl=1 1000w, https:\/\/i0.wp.com\/serasturianu.com\/wp-content\/uploads\/2019\/05\/6.png?resize=300%2C200&ssl=1 300w, https:\/\/i0.wp.com\/serasturianu.com\/wp-content\/uploads\/2019\/05\/6.png?resize=768%2C513&ssl=1 768w, https:\/\/i0.wp.com\/serasturianu.com\/wp-content\/uploads\/2019\/05\/6.png?resize=600%2C401&ssl=1 600w\" sizes=\"(max-width: 1000px) 100vw, 1000px\" \/><\/p>\n<p style=\"text-align: justify;\">D\u2019otra banda, per muchu tiempu existi\u00f3 la creyencia de que fora un \u00e1rbol tray\u00edu polos romanos, mas l\u2019anal\u00eds del p\u00f3len f\u00f3sil alluga la so presencia nel Cant\u00e1bricu dende hai, a lo menos, 21.000 a\u00f1os. \u00a1Asturianos de pura cepa!<\/p>\n<p style=\"text-align: justify;\">Desgraciadamente, tres miles d\u2019a\u00f1os el so rein\u00e1u ta amenaz\u00e1u pola <strong>viespa de la casta\u00f1al<\/strong>, una plaga d\u2019orixe chinu mui da\u00f1ible que pica les yemes formando unos bogayos que dificulten el crecimientu del \u00e1rbol y meng\u00fcen la producci\u00f3n de frutos hasta un 70%. Nun ye un problema pa tomar a la llixera, puesto que nun hai un solu casta\u00f1\u00e9u n\u2019Asturies que nun tea afect\u00e1u.<\/p>\n<p><img data-recalc-dims=\"1\" loading=\"lazy\" decoding=\"async\" class=\"aligncenter wp-image-1918 size-full\" src=\"https:\/\/i0.wp.com\/serasturianu.com\/wp-content\/uploads\/2019\/05\/3.png?resize=1000%2C668&ssl=1\" alt=\"\" width=\"1000\" height=\"668\" srcset=\"https:\/\/i0.wp.com\/serasturianu.com\/wp-content\/uploads\/2019\/05\/3.png?w=1000&ssl=1 1000w, https:\/\/i0.wp.com\/serasturianu.com\/wp-content\/uploads\/2019\/05\/3.png?resize=300%2C200&ssl=1 300w, https:\/\/i0.wp.com\/serasturianu.com\/wp-content\/uploads\/2019\/05\/3.png?resize=768%2C513&ssl=1 768w, https:\/\/i0.wp.com\/serasturianu.com\/wp-content\/uploads\/2019\/05\/3.png?resize=600%2C401&ssl=1 600w\" sizes=\"(max-width: 1000px) 100vw, 1000px\" \/><\/p>\n<p><img data-recalc-dims=\"1\" loading=\"lazy\" decoding=\"async\" class=\"aligncenter wp-image-1923 size-full\" src=\"https:\/\/i0.wp.com\/serasturianu.com\/wp-content\/uploads\/2019\/05\/8.png?resize=1000%2C668&ssl=1\" alt=\"\" width=\"1000\" height=\"668\" srcset=\"https:\/\/i0.wp.com\/serasturianu.com\/wp-content\/uploads\/2019\/05\/8.png?w=1000&ssl=1 1000w, https:\/\/i0.wp.com\/serasturianu.com\/wp-content\/uploads\/2019\/05\/8.png?resize=300%2C200&ssl=1 300w, https:\/\/i0.wp.com\/serasturianu.com\/wp-content\/uploads\/2019\/05\/8.png?resize=768%2C513&ssl=1 768w, https:\/\/i0.wp.com\/serasturianu.com\/wp-content\/uploads\/2019\/05\/8.png?resize=600%2C401&ssl=1 600w\" sizes=\"(max-width: 1000px) 100vw, 1000px\" \/><\/p>\n<p style=\"text-align: justify;\">Nel cam\u00edn de xubida hasta <strong>La Cull\u00e1 l\u2019Arcu<\/strong> alcontraremos dellos exemplares perguaos de carbayos albares (<em>Quercus petraea<\/em>), m\u00e1s arrechos que los<em> carbayos<\/em> comunes, chiscaos por claros estraos de <em>gamones<\/em> dende onde tendremos vistes de picos emblem\u00e1ticos como\u2019l <strong>Cuyargayos<\/strong> <strong>(1391 m)<\/strong> o del propiu valle del Nal\u00f3n a l\u2019altura de <strong>Comiyera. <\/strong>Dende equ\u00ed podemos garrar l\u2019esv\u00edu hasta La Xamoca o continuar pel cam\u00edn de baxada que mos llevar\u00e1 hasta\u2019l puntu de partida en Campiellos. Esta <strong>ruta circular cenciella<\/strong> de malpenes <strong>2,5 km<\/strong> completar\u00e9mosla en <strong>1,5 h<\/strong>, conque podemos dicir que <strong>ye bien afayadiza pa facela con nenos.<\/strong><\/p>\n<p><img data-recalc-dims=\"1\" loading=\"lazy\" decoding=\"async\" class=\"aligncenter wp-image-1921 size-full\" src=\"https:\/\/i0.wp.com\/serasturianu.com\/wp-content\/uploads\/2019\/05\/9.png?resize=1000%2C668&ssl=1\" alt=\"\" width=\"1000\" height=\"668\" srcset=\"https:\/\/i0.wp.com\/serasturianu.com\/wp-content\/uploads\/2019\/05\/9.png?w=1000&ssl=1 1000w, https:\/\/i0.wp.com\/serasturianu.com\/wp-content\/uploads\/2019\/05\/9.png?resize=300%2C200&ssl=1 300w, https:\/\/i0.wp.com\/serasturianu.com\/wp-content\/uploads\/2019\/05\/9.png?resize=768%2C513&ssl=1 768w, https:\/\/i0.wp.com\/serasturianu.com\/wp-content\/uploads\/2019\/05\/9.png?resize=600%2C401&ssl=1 600w\" sizes=\"(max-width: 1000px) 100vw, 1000px\" \/><\/p>\n<blockquote><p><em>L\u2019asturianu pierde los dientes por beber la sidra fr\u00edo y les casta\u00f1es calientes.<\/em><\/p>\n<p>\u00a0<\/p>\n<p><em>Agostu secu, <span class=\"text-success\">casta\u00f1es<\/span> en cestu; agostu moy\u00e1u, el casta\u00f1\u00e9u ya ta atrop\u00e1u.<\/em><\/p>\n<p>\u00a0<\/p>\n<p><em><span class=\"text-success\">Casta\u00f1es<\/span> verdes per nadal saben bien y p\u00e1rtense mal.<\/em><\/p>\n<p>\u00a0<\/p>\n<p><em>En tiempu la <span class=\"text-success\">casta\u00f1a<\/span>, el que la pa\u00f1a la pa\u00f1a.<\/em><\/p><\/blockquote>","protected":false},"excerpt":{"rendered":"<p>Asitiada nel Parque Natural de Redes, la ruta de Los Cabornos ye un pas\u00e9u de cuasi dos hores per \u00fan de los sotos de casta\u00f1ales centenaries m\u00e1s representativos del valle del Nal\u00f3n. Asturies ye la mancha de casta\u00f1ales m\u00e1s grande &hellip; <a href=\"https:\/\/serasturianu.com\/ast\/2019\/05\/15\/los-cabornos-el-reinu-de-la-castanal\/\">Read More<\/a><\/p>","protected":false},"author":1,"featured_media":1909,"comment_status":"open","ping_status":"open","sticky":false,"template":"","format":"standard","meta":{"_monsterinsights_skip_tracking":false,"_monsterinsights_sitenote_active":false,"_monsterinsights_sitenote_note":"","_monsterinsights_sitenote_category":0,"_jetpack_memberships_contains_paid_content":false,"footnotes":""},"categories":[31],"tags":[309,311,313,315,317],"class_list":["post-1931","post","type-post","status-publish","format-standard","has-post-thumbnail","hentry","category-sin-categoria-pt","tag-cabornos-ast","tag-casu-ast","tag-nalon-ast","tag-parque-natural-de-redes-ast","tag-sobroscubiu-ast"],"yoast_head":"<!-- This site is optimized with the Yoast SEO plugin v27.5 - https:\/\/yoast.com\/product\/yoast-seo-wordpress\/ -->\n<title>Los Cabornos, el reinu de la casta\u00f1al - Ser Asturianu<\/title>\n<meta name=\"robots\" content=\"index, follow, max-snippet:-1, max-image-preview:large, max-video-preview:-1\" \/>\n<link rel=\"canonical\" href=\"https:\/\/serasturianu.com\/ast\/2019\/05\/15\/los-cabornos-el-reinu-de-la-castanal\/\" \/>\n<meta property=\"og:locale\" content=\"en_US\" \/>\n<meta property=\"og:type\" content=\"article\" \/>\n<meta property=\"og:title\" content=\"Los Cabornos, el reinu de la casta\u00f1al - Ser Asturianu\" \/>\n<meta property=\"og:description\" content=\"Asitiada nel Parque Natural de Redes, la ruta de Los Cabornos ye un pas\u00e9u de cuasi dos hores per \u00fan de los sotos de casta\u00f1ales centenaries m\u00e1s representativos del valle del Nal\u00f3n. Asturies ye la mancha de casta\u00f1ales m\u00e1s grande &hellip; Read More\" \/>\n<meta property=\"og:url\" content=\"https:\/\/serasturianu.com\/ast\/2019\/05\/15\/los-cabornos-el-reinu-de-la-castanal\/\" \/>\n<meta property=\"og:site_name\" content=\"Ser Asturianu\" \/>\n<meta property=\"article:publisher\" content=\"https:\/\/www.facebook.com\/serasturianu\" \/>\n<meta property=\"article:published_time\" content=\"2019-05-15T11:00:23+00:00\" \/>\n<meta property=\"article:modified_time\" content=\"2019-05-15T11:30:23+00:00\" \/>\n<meta property=\"og:image\" content=\"https:\/\/i0.wp.com\/serasturianu.com\/wp-content\/uploads\/2019\/05\/0.png?fit=1000%2C668&ssl=1\" \/>\n\t<meta property=\"og:image:width\" content=\"1000\" \/>\n\t<meta property=\"og:image:height\" content=\"668\" \/>\n\t<meta property=\"og:image:type\" content=\"image\/png\" \/>\n<meta name=\"author\" content=\"serasturianu\" \/>\n<meta name=\"twitter:card\" content=\"summary_large_image\" \/>\n<meta name=\"twitter:creator\" content=\"@SerAsturianu\" \/>\n<meta name=\"twitter:site\" content=\"@SerAsturianu\" \/>\n<meta name=\"twitter:label1\" content=\"Written by\" \/>\n\t<meta name=\"twitter:data1\" content=\"serasturianu\" \/>\n\t<meta name=\"twitter:label2\" content=\"Est. reading time\" \/>\n\t<meta name=\"twitter:data2\" content=\"4 minutes\" \/>\n<script type=\"application\/ld+json\" class=\"yoast-schema-graph\">{\"@context\":\"https:\\\/\\\/schema.org\",\"@graph\":[{\"@type\":\"Article\",\"@id\":\"https:\\\/\\\/serasturianu.com\\\/ast\\\/2019\\\/05\\\/15\\\/los-cabornos-el-reinu-de-la-castanal\\\/#article\",\"isPartOf\":{\"@id\":\"https:\\\/\\\/serasturianu.com\\\/ast\\\/2019\\\/05\\\/15\\\/los-cabornos-el-reinu-de-la-castanal\\\/\"},\"author\":{\"name\":\"serasturianu\",\"@id\":\"https:\\\/\\\/serasturianu.com\\\/ast\\\/#\\\/schema\\\/person\\\/7d40831736e46924e4c0f05b50eb56e3\"},\"headline\":\"Los Cabornos, el reinu de la casta\u00f1al\",\"datePublished\":\"2019-05-15T11:00:23+00:00\",\"dateModified\":\"2019-05-15T11:30:23+00:00\",\"mainEntityOfPage\":{\"@id\":\"https:\\\/\\\/serasturianu.com\\\/ast\\\/2019\\\/05\\\/15\\\/los-cabornos-el-reinu-de-la-castanal\\\/\"},\"wordCount\":836,\"commentCount\":0,\"publisher\":{\"@id\":\"https:\\\/\\\/serasturianu.com\\\/ast\\\/#organization\"},\"image\":{\"@id\":\"https:\\\/\\\/serasturianu.com\\\/ast\\\/2019\\\/05\\\/15\\\/los-cabornos-el-reinu-de-la-castanal\\\/#primaryimage\"},\"thumbnailUrl\":\"https:\\\/\\\/i0.wp.com\\\/serasturianu.com\\\/wp-content\\\/uploads\\\/2019\\\/05\\\/0.png?fit=1000%2C668&ssl=1\",\"keywords\":[\"Cabornos\",\"Casu\",\"Nal\u00f3n\",\"Parque Natural de Redes\",\"Sobroscubiu\"],\"articleSection\":[\"Sin categor\u00eda\"],\"inLanguage\":\"ast\",\"potentialAction\":[{\"@type\":\"CommentAction\",\"name\":\"Comment\",\"target\":[\"https:\\\/\\\/serasturianu.com\\\/ast\\\/2019\\\/05\\\/15\\\/los-cabornos-el-reinu-de-la-castanal\\\/#respond\"]}]},{\"@type\":\"WebPage\",\"@id\":\"https:\\\/\\\/serasturianu.com\\\/ast\\\/2019\\\/05\\\/15\\\/los-cabornos-el-reinu-de-la-castanal\\\/\",\"url\":\"https:\\\/\\\/serasturianu.com\\\/ast\\\/2019\\\/05\\\/15\\\/los-cabornos-el-reinu-de-la-castanal\\\/\",\"name\":\"Los Cabornos, el reinu de la casta\u00f1al - Ser Asturianu\",\"isPartOf\":{\"@id\":\"https:\\\/\\\/serasturianu.com\\\/ast\\\/#website\"},\"primaryImageOfPage\":{\"@id\":\"https:\\\/\\\/serasturianu.com\\\/ast\\\/2019\\\/05\\\/15\\\/los-cabornos-el-reinu-de-la-castanal\\\/#primaryimage\"},\"image\":{\"@id\":\"https:\\\/\\\/serasturianu.com\\\/ast\\\/2019\\\/05\\\/15\\\/los-cabornos-el-reinu-de-la-castanal\\\/#primaryimage\"},\"thumbnailUrl\":\"https:\\\/\\\/i0.wp.com\\\/serasturianu.com\\\/wp-content\\\/uploads\\\/2019\\\/05\\\/0.png?fit=1000%2C668&ssl=1\",\"datePublished\":\"2019-05-15T11:00:23+00:00\",\"dateModified\":\"2019-05-15T11:30:23+00:00\",\"breadcrumb\":{\"@id\":\"https:\\\/\\\/serasturianu.com\\\/ast\\\/2019\\\/05\\\/15\\\/los-cabornos-el-reinu-de-la-castanal\\\/#breadcrumb\"},\"inLanguage\":\"ast\",\"potentialAction\":[{\"@type\":\"ReadAction\",\"target\":[\"https:\\\/\\\/serasturianu.com\\\/ast\\\/2019\\\/05\\\/15\\\/los-cabornos-el-reinu-de-la-castanal\\\/\"]}]},{\"@type\":\"ImageObject\",\"inLanguage\":\"ast\",\"@id\":\"https:\\\/\\\/serasturianu.com\\\/ast\\\/2019\\\/05\\\/15\\\/los-cabornos-el-reinu-de-la-castanal\\\/#primaryimage\",\"url\":\"https:\\\/\\\/i0.wp.com\\\/serasturianu.com\\\/wp-content\\\/uploads\\\/2019\\\/05\\\/0.png?fit=1000%2C668&ssl=1\",\"contentUrl\":\"https:\\\/\\\/i0.wp.com\\\/serasturianu.com\\\/wp-content\\\/uploads\\\/2019\\\/05\\\/0.png?fit=1000%2C668&ssl=1\",\"width\":1000,\"height\":668},{\"@type\":\"BreadcrumbList\",\"@id\":\"https:\\\/\\\/serasturianu.com\\\/ast\\\/2019\\\/05\\\/15\\\/los-cabornos-el-reinu-de-la-castanal\\\/#breadcrumb\",\"itemListElement\":[{\"@type\":\"ListItem\",\"position\":1,\"name\":\"Portada\",\"item\":\"https:\\\/\\\/serasturianu.com\\\/ast\\\/\"},{\"@type\":\"ListItem\",\"position\":2,\"name\":\"Los Cabornos, el reinu de la casta\u00f1al\"}]},{\"@type\":\"WebSite\",\"@id\":\"https:\\\/\\\/serasturianu.com\\\/ast\\\/#website\",\"url\":\"https:\\\/\\\/serasturianu.com\\\/ast\\\/\",\"name\":\"Ser Asturianu\",\"description\":\"Tours aut\u00e9nticos\",\"publisher\":{\"@id\":\"https:\\\/\\\/serasturianu.com\\\/ast\\\/#organization\"},\"potentialAction\":[{\"@type\":\"SearchAction\",\"target\":{\"@type\":\"EntryPoint\",\"urlTemplate\":\"https:\\\/\\\/serasturianu.com\\\/ast\\\/?s={search_term_string}\"},\"query-input\":{\"@type\":\"PropertyValueSpecification\",\"valueRequired\":true,\"valueName\":\"search_term_string\"}}],\"inLanguage\":\"ast\"},{\"@type\":\"Organization\",\"@id\":\"https:\\\/\\\/serasturianu.com\\\/ast\\\/#organization\",\"name\":\"Ser Asturianu\",\"url\":\"https:\\\/\\\/serasturianu.com\\\/ast\\\/\",\"logo\":{\"@type\":\"ImageObject\",\"inLanguage\":\"ast\",\"@id\":\"https:\\\/\\\/serasturianu.com\\\/ast\\\/#\\\/schema\\\/logo\\\/image\\\/\",\"url\":\"https:\\\/\\\/i0.wp.com\\\/serasturianu.com\\\/wp-content\\\/uploads\\\/2022\\\/01\\\/logofondu.png?fit=510%2C510&ssl=1\",\"contentUrl\":\"https:\\\/\\\/i0.wp.com\\\/serasturianu.com\\\/wp-content\\\/uploads\\\/2022\\\/01\\\/logofondu.png?fit=510%2C510&ssl=1\",\"width\":510,\"height\":510,\"caption\":\"Ser Asturianu\"},\"image\":{\"@id\":\"https:\\\/\\\/serasturianu.com\\\/ast\\\/#\\\/schema\\\/logo\\\/image\\\/\"},\"sameAs\":[\"https:\\\/\\\/www.facebook.com\\\/serasturianu\",\"https:\\\/\\\/x.com\\\/SerAsturianu\",\"https:\\\/\\\/www.instagram.com\\\/ser_asturianu\\\/\"]},{\"@type\":\"Person\",\"@id\":\"https:\\\/\\\/serasturianu.com\\\/ast\\\/#\\\/schema\\\/person\\\/7d40831736e46924e4c0f05b50eb56e3\",\"name\":\"serasturianu\",\"image\":{\"@type\":\"ImageObject\",\"inLanguage\":\"ast\",\"@id\":\"https:\\\/\\\/secure.gravatar.com\\\/avatar\\\/e402fe1cb4d6685aeaadf5eca83a377394f2f6e2b29898eb1dd1589b9b7d8614?s=96&d=mm&r=g\",\"url\":\"https:\\\/\\\/secure.gravatar.com\\\/avatar\\\/e402fe1cb4d6685aeaadf5eca83a377394f2f6e2b29898eb1dd1589b9b7d8614?s=96&d=mm&r=g\",\"contentUrl\":\"https:\\\/\\\/secure.gravatar.com\\\/avatar\\\/e402fe1cb4d6685aeaadf5eca83a377394f2f6e2b29898eb1dd1589b9b7d8614?s=96&d=mm&r=g\",\"caption\":\"serasturianu\"},\"url\":\"https:\\\/\\\/serasturianu.com\\\/ast\\\/author\\\/serasturianu\\\/\"}]}<\/script>\n<!-- \/ Yoast SEO plugin. -->","yoast_head_json":{"title":"Los Cabornos, el reinu de la casta\u00f1al - Ser Asturianu","robots":{"index":"index","follow":"follow","max-snippet":"max-snippet:-1","max-image-preview":"max-image-preview:large","max-video-preview":"max-video-preview:-1"},"canonical":"https:\/\/serasturianu.com\/ast\/2019\/05\/15\/los-cabornos-el-reinu-de-la-castanal\/","og_locale":"en_US","og_type":"article","og_title":"Los Cabornos, el reinu de la casta\u00f1al - Ser Asturianu","og_description":"Asitiada nel Parque Natural de Redes, la ruta de Los Cabornos ye un pas\u00e9u de cuasi dos hores per \u00fan de los sotos de casta\u00f1ales centenaries m\u00e1s representativos del valle del Nal\u00f3n. Asturies ye la mancha de casta\u00f1ales m\u00e1s grande &hellip; Read More","og_url":"https:\/\/serasturianu.com\/ast\/2019\/05\/15\/los-cabornos-el-reinu-de-la-castanal\/","og_site_name":"Ser Asturianu","article_publisher":"https:\/\/www.facebook.com\/serasturianu","article_published_time":"2019-05-15T11:00:23+00:00","article_modified_time":"2019-05-15T11:30:23+00:00","og_image":[{"width":1000,"height":668,"url":"https:\/\/i0.wp.com\/serasturianu.com\/wp-content\/uploads\/2019\/05\/0.png?fit=1000%2C668&ssl=1","type":"image\/png"}],"author":"serasturianu","twitter_card":"summary_large_image","twitter_creator":"@SerAsturianu","twitter_site":"@SerAsturianu","twitter_misc":{"Written by":"serasturianu","Est. reading time":"4 minutes"},"schema":{"@context":"https:\/\/schema.org","@graph":[{"@type":"Article","@id":"https:\/\/serasturianu.com\/ast\/2019\/05\/15\/los-cabornos-el-reinu-de-la-castanal\/#article","isPartOf":{"@id":"https:\/\/serasturianu.com\/ast\/2019\/05\/15\/los-cabornos-el-reinu-de-la-castanal\/"},"author":{"name":"serasturianu","@id":"https:\/\/serasturianu.com\/ast\/#\/schema\/person\/7d40831736e46924e4c0f05b50eb56e3"},"headline":"Los Cabornos, el reinu de la casta\u00f1al","datePublished":"2019-05-15T11:00:23+00:00","dateModified":"2019-05-15T11:30:23+00:00","mainEntityOfPage":{"@id":"https:\/\/serasturianu.com\/ast\/2019\/05\/15\/los-cabornos-el-reinu-de-la-castanal\/"},"wordCount":836,"commentCount":0,"publisher":{"@id":"https:\/\/serasturianu.com\/ast\/#organization"},"image":{"@id":"https:\/\/serasturianu.com\/ast\/2019\/05\/15\/los-cabornos-el-reinu-de-la-castanal\/#primaryimage"},"thumbnailUrl":"https:\/\/i0.wp.com\/serasturianu.com\/wp-content\/uploads\/2019\/05\/0.png?fit=1000%2C668&ssl=1","keywords":["Cabornos","Casu","Nal\u00f3n","Parque Natural de Redes","Sobroscubiu"],"articleSection":["Sin categor\u00eda"],"inLanguage":"ast","potentialAction":[{"@type":"CommentAction","name":"Comment","target":["https:\/\/serasturianu.com\/ast\/2019\/05\/15\/los-cabornos-el-reinu-de-la-castanal\/#respond"]}]},{"@type":"WebPage","@id":"https:\/\/serasturianu.com\/ast\/2019\/05\/15\/los-cabornos-el-reinu-de-la-castanal\/","url":"https:\/\/serasturianu.com\/ast\/2019\/05\/15\/los-cabornos-el-reinu-de-la-castanal\/","name":"Los Cabornos, el reinu de la casta\u00f1al - Ser Asturianu","isPartOf":{"@id":"https:\/\/serasturianu.com\/ast\/#website"},"primaryImageOfPage":{"@id":"https:\/\/serasturianu.com\/ast\/2019\/05\/15\/los-cabornos-el-reinu-de-la-castanal\/#primaryimage"},"image":{"@id":"https:\/\/serasturianu.com\/ast\/2019\/05\/15\/los-cabornos-el-reinu-de-la-castanal\/#primaryimage"},"thumbnailUrl":"https:\/\/i0.wp.com\/serasturianu.com\/wp-content\/uploads\/2019\/05\/0.png?fit=1000%2C668&ssl=1","datePublished":"2019-05-15T11:00:23+00:00","dateModified":"2019-05-15T11:30:23+00:00","breadcrumb":{"@id":"https:\/\/serasturianu.com\/ast\/2019\/05\/15\/los-cabornos-el-reinu-de-la-castanal\/#breadcrumb"},"inLanguage":"ast","potentialAction":[{"@type":"ReadAction","target":["https:\/\/serasturianu.com\/ast\/2019\/05\/15\/los-cabornos-el-reinu-de-la-castanal\/"]}]},{"@type":"ImageObject","inLanguage":"ast","@id":"https:\/\/serasturianu.com\/ast\/2019\/05\/15\/los-cabornos-el-reinu-de-la-castanal\/#primaryimage","url":"https:\/\/i0.wp.com\/serasturianu.com\/wp-content\/uploads\/2019\/05\/0.png?fit=1000%2C668&ssl=1","contentUrl":"https:\/\/i0.wp.com\/serasturianu.com\/wp-content\/uploads\/2019\/05\/0.png?fit=1000%2C668&ssl=1","width":1000,"height":668},{"@type":"BreadcrumbList","@id":"https:\/\/serasturianu.com\/ast\/2019\/05\/15\/los-cabornos-el-reinu-de-la-castanal\/#breadcrumb","itemListElement":[{"@type":"ListItem","position":1,"name":"Portada","item":"https:\/\/serasturianu.com\/ast\/"},{"@type":"ListItem","position":2,"name":"Los Cabornos, el reinu de la casta\u00f1al"}]},{"@type":"WebSite","@id":"https:\/\/serasturianu.com\/ast\/#website","url":"https:\/\/serasturianu.com\/ast\/","name":"Ser Asturianu","description":"Tours aut\u00e9nticos","publisher":{"@id":"https:\/\/serasturianu.com\/ast\/#organization"},"potentialAction":[{"@type":"SearchAction","target":{"@type":"EntryPoint","urlTemplate":"https:\/\/serasturianu.com\/ast\/?s={search_term_string}"},"query-input":{"@type":"PropertyValueSpecification","valueRequired":true,"valueName":"search_term_string"}}],"inLanguage":"ast"},{"@type":"Organization","@id":"https:\/\/serasturianu.com\/ast\/#organization","name":"Ser Asturianu","url":"https:\/\/serasturianu.com\/ast\/","logo":{"@type":"ImageObject","inLanguage":"ast","@id":"https:\/\/serasturianu.com\/ast\/#\/schema\/logo\/image\/","url":"https:\/\/i0.wp.com\/serasturianu.com\/wp-content\/uploads\/2022\/01\/logofondu.png?fit=510%2C510&ssl=1","contentUrl":"https:\/\/i0.wp.com\/serasturianu.com\/wp-content\/uploads\/2022\/01\/logofondu.png?fit=510%2C510&ssl=1","width":510,"height":510,"caption":"Ser Asturianu"},"image":{"@id":"https:\/\/serasturianu.com\/ast\/#\/schema\/logo\/image\/"},"sameAs":["https:\/\/www.facebook.com\/serasturianu","https:\/\/x.com\/SerAsturianu","https:\/\/www.instagram.com\/ser_asturianu\/"]},{"@type":"Person","@id":"https:\/\/serasturianu.com\/ast\/#\/schema\/person\/7d40831736e46924e4c0f05b50eb56e3","name":"serasturianu","image":{"@type":"ImageObject","inLanguage":"ast","@id":"https:\/\/secure.gravatar.com\/avatar\/e402fe1cb4d6685aeaadf5eca83a377394f2f6e2b29898eb1dd1589b9b7d8614?s=96&d=mm&r=g","url":"https:\/\/secure.gravatar.com\/avatar\/e402fe1cb4d6685aeaadf5eca83a377394f2f6e2b29898eb1dd1589b9b7d8614?s=96&d=mm&r=g","contentUrl":"https:\/\/secure.gravatar.com\/avatar\/e402fe1cb4d6685aeaadf5eca83a377394f2f6e2b29898eb1dd1589b9b7d8614?s=96&d=mm&r=g","caption":"serasturianu"},"url":"https:\/\/serasturianu.com\/ast\/author\/serasturianu\/"}]}},"jetpack_featured_media_url":"https:\/\/i0.wp.com\/serasturianu.com\/wp-content\/uploads\/2019\/05\/0.png?fit=1000%2C668&ssl=1","jetpack_sharing_enabled":true,"_links":{"self":[{"href":"https:\/\/serasturianu.com\/ast\/wp-json\/wp\/v2\/posts\/1931","targetHints":{"allow":["GET"]}}],"collection":[{"href":"https:\/\/serasturianu.com\/ast\/wp-json\/wp\/v2\/posts"}],"about":[{"href":"https:\/\/serasturianu.com\/ast\/wp-json\/wp\/v2\/types\/post"}],"author":[{"embeddable":true,"href":"https:\/\/serasturianu.com\/ast\/wp-json\/wp\/v2\/users\/1"}],"replies":[{"embeddable":true,"href":"https:\/\/serasturianu.com\/ast\/wp-json\/wp\/v2\/comments?post=1931"}],"version-history":[{"count":5,"href":"https:\/\/serasturianu.com\/ast\/wp-json\/wp\/v2\/posts\/1931\/revisions"}],"predecessor-version":[{"id":1938,"href":"https:\/\/serasturianu.com\/ast\/wp-json\/wp\/v2\/posts\/1931\/revisions\/1938"}],"wp:featuredmedia":[{"embeddable":true,"href":"https:\/\/serasturianu.com\/ast\/wp-json\/wp\/v2\/media\/1909"}],"wp:attachment":[{"href":"https:\/\/serasturianu.com\/ast\/wp-json\/wp\/v2\/media?parent=1931"}],"wp:term":[{"taxonomy":"category","embeddable":true,"href":"https:\/\/serasturianu.com\/ast\/wp-json\/wp\/v2\/categories?post=1931"},{"taxonomy":"post_tag","embeddable":true,"href":"https:\/\/serasturianu.com\/ast\/wp-json\/wp\/v2\/tags?post=1931"}],"curies":[{"name":"wp","href":"https:\/\/api.w.org\/{rel}","templated":true}]}}