{"id":1798,"date":"2019-05-02T01:25:30","date_gmt":"2019-05-01T23:25:30","guid":{"rendered":"https:\/\/serasturianu.com\/?p=1798"},"modified":"2019-05-02T12:36:12","modified_gmt":"2019-05-02T10:36:12","slug":"top-10-torres-medievales-asturianas","status":"publish","type":"post","link":"https:\/\/serasturianu.com\/ast\/2019\/05\/02\/top-10-torres-medievales-asturianas\/","title":{"rendered":"TOP 10 Torres medievales asturianas"},"content":{"rendered":"<p style=\"text-align: justify;\"><strong><span style=\"font-size: 14pt;\">Asturias lleg\u00f3 a contar con cerca de 300 fortalezas defensivas. Algunas de ellas controlaban rutas comerciales, otras sirvieron de defensa contra musulmanes o contra castellanos. Muchas otras, en cambio, fueron construidas como un s\u00edmbolo permanente del estatus de las familias m\u00e1s poderosas del pa\u00eds. Te proponemos un viaje por diez torres medievales asturianas. \u00a1Con\u00f3celas!<\/span><\/strong><\/p>\n<p>&nbsp;<\/p>\n<h2>1. Torrex\u00f3n de Llanes<\/h2>\n<div data-contents=\"true\">\n<div class=\"\" data-block=\"true\" data-editor=\"668q0\" data-offset-key=\"16p42-0-0\">\n<div data-offset-key=\"hkfh-0-0\"><img data-recalc-dims=\"1\" fetchpriority=\"high\" decoding=\"async\" class=\"aligncenter wp-image-1823 size-full\" src=\"https:\/\/i0.wp.com\/serasturianu.com\/wp-content\/uploads\/2019\/05\/1-1.jpg?resize=1000%2C668&#038;ssl=1\" alt=\"\" width=\"1000\" height=\"668\" srcset=\"https:\/\/i0.wp.com\/serasturianu.com\/wp-content\/uploads\/2019\/05\/1-1.jpg?w=1000&amp;ssl=1 1000w, https:\/\/i0.wp.com\/serasturianu.com\/wp-content\/uploads\/2019\/05\/1-1.jpg?resize=300%2C200&amp;ssl=1 300w, https:\/\/i0.wp.com\/serasturianu.com\/wp-content\/uploads\/2019\/05\/1-1.jpg?resize=768%2C513&amp;ssl=1 768w, https:\/\/i0.wp.com\/serasturianu.com\/wp-content\/uploads\/2019\/05\/1-1.jpg?resize=600%2C401&amp;ssl=1 600w\" sizes=\"(max-width: 1000px) 100vw, 1000px\" \/><\/div>\n<\/div>\n<div data-block=\"true\" data-editor=\"668q0\" data-offset-key=\"16p42-0-0\"><\/div>\n<div class=\"\" data-block=\"true\" data-editor=\"668q0\" data-offset-key=\"16p42-0-0\">\n<p style=\"text-align: justify;\"><span data-offset-key=\"hkfh-0-0\"><br \/>\nDeclarado <strong>Monumento Nacional en 1876<\/strong>, se encuentra en la propia <strong>villa de Llanes<\/strong>, al lado del Ayuntamiento. Su construcci\u00f3n se remonta a 1270, durante el reinado de Alfonso X el Sabio, quien en ese a\u00f1o otorga nuevos fueros a la villa junto con el privilegio de erigir una muralla. As\u00ed, se piensa que la torre actual estar\u00eda asociaba a la muralla medieval con la funci\u00f3n de vig\u00eda y de defensa, aunque llegar\u00eda a servir como c\u00e1rcel del conceyu. Contaba adem\u00e1s con un foso y un puente levadizo.<\/span><\/p>\n<p style=\"text-align: justify;\">Restaurado en 1954, acoge hoy la oficina de turismo.<\/p>\n<\/div>\n<div data-block=\"true\" data-editor=\"668q0\" data-offset-key=\"73ucg-0-0\"><\/div>\n<p>&nbsp;<\/p>\n<h2 data-block=\"true\" data-editor=\"668q0\" data-offset-key=\"73ucg-0-0\">2. Torre de Banduxu (Proaza)<\/h2>\n<p><img data-recalc-dims=\"1\" decoding=\"async\" class=\"aligncenter wp-image-1826 size-full\" src=\"https:\/\/i0.wp.com\/serasturianu.com\/wp-content\/uploads\/2019\/05\/2.jpg?resize=1000%2C668&#038;ssl=1\" alt=\"\" width=\"1000\" height=\"668\" srcset=\"https:\/\/i0.wp.com\/serasturianu.com\/wp-content\/uploads\/2019\/05\/2.jpg?w=1000&amp;ssl=1 1000w, https:\/\/i0.wp.com\/serasturianu.com\/wp-content\/uploads\/2019\/05\/2.jpg?resize=300%2C200&amp;ssl=1 300w, https:\/\/i0.wp.com\/serasturianu.com\/wp-content\/uploads\/2019\/05\/2.jpg?resize=768%2C513&amp;ssl=1 768w, https:\/\/i0.wp.com\/serasturianu.com\/wp-content\/uploads\/2019\/05\/2.jpg?resize=600%2C401&amp;ssl=1 600w\" sizes=\"(max-width: 1000px) 100vw, 1000px\" \/><\/p>\n<\/div>\n<div data-block=\"true\" data-editor=\"668q0\" data-offset-key=\"73ucg-0-0\">\n<p>&nbsp;<\/p>\n<p style=\"text-align: justify;\">Con 12 metros de altura y 7 de di\u00e1metro, la <strong><em>Torre de Banduxu<\/em><\/strong> o <strong><em>Torre de los Tu\u00f1\u00f3n<\/em><\/strong> est\u00e1 considerada como una de las torres defensivas asturianas mejor conservadas del periodo bajomedieval y la \u00fanica que contin\u00faa habitada. Podemos encontrarla en la impresionante<strong> aldea medieval de Banduxu<\/strong>, en el coraz\u00f3n de los Valles del Oso, en el conceyu de <strong>Proaza<\/strong>. La fortaleza, que marca el l\u00edmite entre los barrios de <em>Toral <\/em>y<em> El Palaciu<\/em>, fue levantada como s\u00edmbolo de poder por la familia \u00c1lvarez de Banduxu entre los siglos XII y XV. En su planta superior presenta un escudo con las armas de los Tu\u00f1\u00f3n, los Miranda y los Banduxu alrededor de un cuartel con una torre con una lanza.<\/p>\n<p style=\"text-align: justify;\">Este edificio tambi\u00e9n sirvi\u00f3 como c\u00e1rcel y ayuntamiento.<\/p>\n<\/div>\n<div data-contents=\"true\">\n<div data-offset-key=\"8qcog-0-0\"><\/div>\n<\/div>\n<div data-contents=\"true\">\n<div class=\"\" data-block=\"true\" data-editor=\"668q0\" data-offset-key=\"fie8p-0-0\">\n<p>&nbsp;<\/p>\n<h2>3. Torrex\u00f3n de Villamor\u00e9i (Sobroscubiu\/Sobrescobio)<\/h2>\n<p><img data-recalc-dims=\"1\" decoding=\"async\" class=\"aligncenter wp-image-1827 size-full\" src=\"https:\/\/i0.wp.com\/serasturianu.com\/wp-content\/uploads\/2019\/05\/3.jpg?resize=1000%2C668&#038;ssl=1\" alt=\"\" width=\"1000\" height=\"668\" srcset=\"https:\/\/i0.wp.com\/serasturianu.com\/wp-content\/uploads\/2019\/05\/3.jpg?w=1000&amp;ssl=1 1000w, https:\/\/i0.wp.com\/serasturianu.com\/wp-content\/uploads\/2019\/05\/3.jpg?resize=300%2C200&amp;ssl=1 300w, https:\/\/i0.wp.com\/serasturianu.com\/wp-content\/uploads\/2019\/05\/3.jpg?resize=768%2C513&amp;ssl=1 768w, https:\/\/i0.wp.com\/serasturianu.com\/wp-content\/uploads\/2019\/05\/3.jpg?resize=600%2C401&amp;ssl=1 600w\" sizes=\"(max-width: 1000px) 100vw, 1000px\" \/><\/p>\n<\/div>\n<\/div>\n<div style=\"text-align: justify;\" data-offset-key=\"fie8p-0-0\">\n<p>&nbsp;<\/p>\n<p style=\"text-align: justify;\">El <strong>Torrex\u00f3n de Villamor\u00e9i<\/strong>, conocido en \u00e9poca medieval como el <em>Torrex\u00f3n de Tielva<\/em>, es todo lo que queda del antiguo <em><strong>Castiellu de los Aceales<\/strong><\/em>. Todo apunta a que fue construido en el <strong>siglo VIII<\/strong> por el rey astur <strong>Alfonso I<\/strong> sobre los restos de una fortaleza de origen romano. Su funci\u00f3n era guardar el <strong>Cam\u00edn d&#8217;Ac\u00e9u<\/strong>, la antigua v\u00eda de comunicaci\u00f3n que atravesaba las monta\u00f1as asturianas desde Le\u00f3n por el Puertu de Tarna hasta el Valle del Nal\u00f3n. De hecho, era uno de los caminos principales que usaban los peregrinos para acudir a venerar las reliquias de la catedral de San Salvador de Oviedo\/Uvi\u00e9u. Fue donado en el siglo XII a la Orden de Santiago, pero ser\u00eda abandonado en el siglo XV tras la fundaci\u00f3n de la Pola d&#8217;Ovi\u00f1ana (hoy La Polina).<\/p>\n<p style=\"text-align: justify;\">Para acceder a \u00e9l desde la aldea de Villamor\u00e9i (Sobroscubiu) iniciaremos una ruta sencilla salpicada por el espesor de robles y casta\u00f1os con unas vistas espectaculares sobre el embalse de Rusecu. A pesar de la belleza de sus ruinas no recomendamos ascender a la Pe\u00f1a los Moros, donde se yergue el torrex\u00f3n, dado lo peligroso del sendero.<\/p>\n<\/div>\n<h2 data-offset-key=\"fie8p-0-0\"><\/h2>\n<div data-contents=\"true\">\n<div class=\"\" data-block=\"true\" data-editor=\"668q0\" data-offset-key=\"pmtk-0-0\">\n<p>&nbsp;<\/p>\n<h2>4. Torre Vieya de Vi\u1e37\u1e37amouros (Cadav\u00e9u, Vald\u00e9s)<\/h2>\n<p><img data-recalc-dims=\"1\" loading=\"lazy\" decoding=\"async\" class=\"aligncenter wp-image-1828 size-full\" src=\"https:\/\/i0.wp.com\/serasturianu.com\/wp-content\/uploads\/2019\/05\/4.jpg?resize=1000%2C668&#038;ssl=1\" alt=\"\" width=\"1000\" height=\"668\" srcset=\"https:\/\/i0.wp.com\/serasturianu.com\/wp-content\/uploads\/2019\/05\/4.jpg?w=1000&amp;ssl=1 1000w, https:\/\/i0.wp.com\/serasturianu.com\/wp-content\/uploads\/2019\/05\/4.jpg?resize=300%2C200&amp;ssl=1 300w, https:\/\/i0.wp.com\/serasturianu.com\/wp-content\/uploads\/2019\/05\/4.jpg?resize=768%2C513&amp;ssl=1 768w, https:\/\/i0.wp.com\/serasturianu.com\/wp-content\/uploads\/2019\/05\/4.jpg?resize=600%2C401&amp;ssl=1 600w\" sizes=\"(max-width: 1000px) 100vw, 1000px\" \/><\/p>\n<\/div>\n<\/div>\n<div style=\"text-align: justify;\" data-offset-key=\"pmtk-0-0\">\n<p>&nbsp;<\/p>\n<p>A escasos 10 min de <strong><span class=\"st\">\u1e36\u1e37<\/span>uarca<\/strong> se encuentra esta espl\u00e9nida fortaleza se\u00f1orial reconvertida hoy en <a href=\"http:\/\/www.torrevillademoros.com\/index.php\/es\/el-hotel\"><strong>hotel de lujo<\/strong><\/a>. La tradici\u00f3n cuenta que perteneci\u00f3 a un caballero llamado Pelayu (coet\u00e1neo y hom\u00f3nimo del rey Pelayu) que habr\u00eda derrotado a los musulmanes a la altura de Curniana. A juzgar por los hallazgos arqueol\u00f3gicos en sus inmediaciones parece ser que su origen estaba en una antigua torre militar romana, reconstruida en varias ocasiones a lo largo de los siglos IX, XII, IV y XV. Durante el reino de los astures posiblemente tuviese inter\u00e9s estrat\u00e9gido contra las incursiones vikingas.<\/p>\n<p>Un escudo en la casona anexa a la torre recoge la conocida <strong>leyenda de Vi<span class=\"st\">\u1e37<\/span><span class=\"st\">\u1e37<\/span>amouros<\/strong> en torno a la figura de Diego Pelaiz, un noble que, desterrado y despojado de todos sus bienes por orden del rey Mauregato, pone su espada al servicio de Alfonso el Casto. Restituido Alfonso II en el trono de Asturias, Diego Pelaiz recupera la torre despu\u00e9s de expulsar a una algarada de moros que se hab\u00eda apropiado de la fortaleza y que habitaban en ella junto on algunas doncellas cautivas.<\/p>\n<\/div>\n<div style=\"text-align: justify;\" data-offset-key=\"pmtk-0-0\">\n<p>A sus pies podemos leer un poema grabado en piedra del escritor Fern\u00e1n Coronas (el Padre Galo), que reza as\u00ed:<\/p>\n<\/div>\n<div data-offset-key=\"pmtk-0-0\"><\/div>\n<blockquote>\n<div data-offset-key=\"pmtk-0-0\">\u00abSubre&#8217;l cielu clariosu<\/div>\n<div data-offset-key=\"pmtk-0-0\">firme negreya<\/div>\n<div data-offset-key=\"pmtk-0-0\">cargada de memorias<\/div>\n<div data-offset-key=\"pmtk-0-0\">La <strong>Torre<\/strong> Vieya.<\/div>\n<div data-offset-key=\"pmtk-0-0\">Dica&#8217;l sou picu subu<\/div>\n<div data-offset-key=\"pmtk-0-0\">sin escalada<\/div>\n<div data-offset-key=\"pmtk-0-0\">ya vei esqueicidas cousas<\/div>\n<div data-offset-key=\"pmtk-0-0\">la m\u00eda mirada.\u00bb<\/div>\n<\/blockquote>\n<div data-contents=\"true\">\n<div class=\"\" data-block=\"true\" data-editor=\"668q0\" data-offset-key=\"ag02c-0-0\">\n<p>&nbsp;<\/p>\n<h2>5. Torre de Revillagigedo (Gij\u00f3n\/Xix\u00f3n)<\/h2>\n<p><img data-recalc-dims=\"1\" loading=\"lazy\" decoding=\"async\" class=\"aligncenter wp-image-1829 size-full\" src=\"https:\/\/i0.wp.com\/serasturianu.com\/wp-content\/uploads\/2019\/05\/5.jpg?resize=1000%2C668&#038;ssl=1\" alt=\"\" width=\"1000\" height=\"668\" srcset=\"https:\/\/i0.wp.com\/serasturianu.com\/wp-content\/uploads\/2019\/05\/5.jpg?w=1000&amp;ssl=1 1000w, https:\/\/i0.wp.com\/serasturianu.com\/wp-content\/uploads\/2019\/05\/5.jpg?resize=300%2C200&amp;ssl=1 300w, https:\/\/i0.wp.com\/serasturianu.com\/wp-content\/uploads\/2019\/05\/5.jpg?resize=768%2C513&amp;ssl=1 768w, https:\/\/i0.wp.com\/serasturianu.com\/wp-content\/uploads\/2019\/05\/5.jpg?resize=600%2C401&amp;ssl=1 600w\" sizes=\"(max-width: 1000px) 100vw, 1000px\" \/><\/p>\n<\/div>\n<\/div>\n<div style=\"text-align: justify;\" data-offset-key=\"ag02c-0-0\">\n<p>&nbsp;<\/p>\n<p>El actual <strong>palacio de Revillagigedo<\/strong> se encuentra en la <em>Plaza del Marqu\u00e9s<\/em> de Gij\u00f3n\/Xix\u00f3n y, aunque la mayor parte de la contrucci\u00f3n fuese levantada en el siglo XVIII por Carlos Miguel Ram\u00edrez de Xove (abuelo de Xovellanos y primer Marqu\u00e9s de Santisteban del Mar de Nataoyo), pocos saben que su torre este es de origen medieval (del siglo XV). La torre oeste se erigi\u00f3, de hecho, con intenci\u00f3n de mantener la simetr\u00eda.<\/p>\n<\/div>\n<div data-offset-key=\"ag02c-0-0\"><\/div>\n<div data-contents=\"true\">\n<div class=\"\" data-block=\"true\" data-editor=\"668q0\" data-offset-key=\"9ae3b-0-0\">\n<p>&nbsp;<\/p>\n<h2>6. Turrix\u00f3n de Trubia (Gij\u00f3n\/Xix\u00f3n)<\/h2>\n<p><img data-recalc-dims=\"1\" loading=\"lazy\" decoding=\"async\" class=\"aligncenter wp-image-1830 size-full\" src=\"https:\/\/i0.wp.com\/serasturianu.com\/wp-content\/uploads\/2019\/05\/6.jpg?resize=1000%2C668&#038;ssl=1\" alt=\"\" width=\"1000\" height=\"668\" srcset=\"https:\/\/i0.wp.com\/serasturianu.com\/wp-content\/uploads\/2019\/05\/6.jpg?w=1000&amp;ssl=1 1000w, https:\/\/i0.wp.com\/serasturianu.com\/wp-content\/uploads\/2019\/05\/6.jpg?resize=300%2C200&amp;ssl=1 300w, https:\/\/i0.wp.com\/serasturianu.com\/wp-content\/uploads\/2019\/05\/6.jpg?resize=768%2C513&amp;ssl=1 768w, https:\/\/i0.wp.com\/serasturianu.com\/wp-content\/uploads\/2019\/05\/6.jpg?resize=600%2C401&amp;ssl=1 600w\" sizes=\"(max-width: 1000px) 100vw, 1000px\" \/><\/p>\n<div style=\"text-align: justify;\" data-offset-key=\"9ae3b-0-0\">\n<p>&nbsp;<\/p>\n<p>Tambi\u00e9n en Gij\u00f3n\/Xix\u00f3n, pero en a las afueras de la ciudad, el <strong><em>Turrix\u00f3n <\/em><\/strong>o<strong><em> Turrux\u00f3n de Trubia<\/em><\/strong> es uno de los iconos de la parroquia de L&#8217;Abad\u00eda Cenero. En su momento constitu\u00eda una de las propiedades principales del poderoso <strong>Rodrigo \u00c1lvariz de les Asturies<\/strong>, pero ser\u00eda adquirido posteriormente por la familia <strong>Vald\u00e9s<\/strong> (la rama de San Cucao de Llanera) en el siglo XVI.<\/p>\n<p>A pesar de su funci\u00f3n militar y de control, posee un n\u00famero infrecuente de ventanas (se conservan ocho) que denotan un uso residencial. A ello habr\u00eda que sumar un gran corredor situado en el tercer piso de su fachada noroeste, hoy desaparecido (al igual que la muralla perimetral). Est\u00e1 declarado <strong>Bien de Inter\u00e9s Cultural<\/strong> y actualmente es de propiedad municipal.<\/p>\n<\/div>\n<\/div>\n<div data-offset-key=\"9ae3b-0-0\"><\/div>\n<\/div>\n<div data-contents=\"true\">\n<div class=\"\" data-block=\"true\" data-editor=\"668q0\" data-offset-key=\"3p5o1-0-0\">\n<p>&nbsp;<\/p>\n<h2>7. Casa-torre de la R\u00faa (Oviedo\/Uvi\u00e9u)<\/h2>\n<p><img data-recalc-dims=\"1\" loading=\"lazy\" decoding=\"async\" class=\"aligncenter wp-image-1831 size-full\" src=\"https:\/\/i0.wp.com\/serasturianu.com\/wp-content\/uploads\/2019\/05\/7.jpg?resize=1000%2C668&#038;ssl=1\" alt=\"\" width=\"1000\" height=\"668\" srcset=\"https:\/\/i0.wp.com\/serasturianu.com\/wp-content\/uploads\/2019\/05\/7.jpg?w=1000&amp;ssl=1 1000w, https:\/\/i0.wp.com\/serasturianu.com\/wp-content\/uploads\/2019\/05\/7.jpg?resize=300%2C200&amp;ssl=1 300w, https:\/\/i0.wp.com\/serasturianu.com\/wp-content\/uploads\/2019\/05\/7.jpg?resize=768%2C513&amp;ssl=1 768w, https:\/\/i0.wp.com\/serasturianu.com\/wp-content\/uploads\/2019\/05\/7.jpg?resize=600%2C401&amp;ssl=1 600w\" sizes=\"(max-width: 1000px) 100vw, 1000px\" \/><\/p>\n<\/div>\n<\/div>\n<div style=\"text-align: justify;\" data-offset-key=\"3p5o1-0-0\">\n<p>&nbsp;<\/p>\n<p>Ubicada en la plaza de la catedral, la <strong>Casa-torre de la R\u00faa<\/strong> es otro de los edificios emblem\u00e1ticos de la ciudad de Oviedo\/Uvi\u00e9u. La parte m\u00e1s antigua est\u00e1 datada en el <strong>siglo XIII<\/strong>, habiendo pertenecido con posterioridad al contador de los Reyes Cat\u00f3licos, Rodrigo de la R\u00faa. Fue reformada en el siglo XV, \u00e9poca a la que se ascribe su car\u00e1cter\u00edstica ventana de cruz.<\/p>\n<p>Al ser de los pocos edificios que se salv\u00f3 del <em>gran incendio de la Nochebuena de 1521<\/em> es uno de los inmuebles m\u00e1s antiguos de la ciudad. Hoy est\u00e1 catalogado como <strong>Bien de Inter\u00e9s Cultural<\/strong>, con la categor\u00eda de monumento, protecci\u00f3n que compatiliza con un uso hostelero centrado en bodas, eventos y celebraciones. No obstante, las dos \u00faltimas plantas est\u00e1n reservadas como residencia privada de sus propietarios, los marqueses de Santa Cruz de Marcenao.<\/p>\n<\/div>\n<div data-offset-key=\"3p5o1-0-0\"><\/div>\n<div data-offset-key=\"3p5o1-0-0\"><\/div>\n<div data-contents=\"true\">\n<div class=\"\" data-block=\"true\" data-editor=\"668q0\" data-offset-key=\"afe8j-0-0\">\n<p>&nbsp;<\/p>\n<h2>8. Torre Vieya de Samiguel<\/h2>\n<p><img data-recalc-dims=\"1\" loading=\"lazy\" decoding=\"async\" class=\"aligncenter wp-image-1832 size-full\" src=\"https:\/\/i0.wp.com\/serasturianu.com\/wp-content\/uploads\/2019\/05\/8.jpg?resize=1000%2C668&#038;ssl=1\" alt=\"\" width=\"1000\" height=\"668\" srcset=\"https:\/\/i0.wp.com\/serasturianu.com\/wp-content\/uploads\/2019\/05\/8.jpg?w=1000&amp;ssl=1 1000w, https:\/\/i0.wp.com\/serasturianu.com\/wp-content\/uploads\/2019\/05\/8.jpg?resize=300%2C200&amp;ssl=1 300w, https:\/\/i0.wp.com\/serasturianu.com\/wp-content\/uploads\/2019\/05\/8.jpg?resize=768%2C513&amp;ssl=1 768w, https:\/\/i0.wp.com\/serasturianu.com\/wp-content\/uploads\/2019\/05\/8.jpg?resize=600%2C401&amp;ssl=1 600w\" sizes=\"(max-width: 1000px) 100vw, 1000px\" \/><\/p>\n<div style=\"text-align: justify;\" data-offset-key=\"afe8j-0-0\">\n<p>&nbsp;<\/p>\n<p>Aunque a veces pase desapercibida, la <strong>Torre Vieya de Samiguel<\/strong> se encuentra en uno de los laterales de la catedral de San Salvador de Oviedo\/Uvi\u00e9u. Su factura m\u00e1s antigua parte de entre los a\u00f1os <strong>884-885 d.C.<\/strong>, cuando <strong>Alfonso III<\/strong> promueve la construcci\u00f3n de una fortaleza defensiva sin apenas ventanas para proteger las reliquias del reino de los frecuentes ataques vikingas.<\/p>\n<p>A finales del siglo XI se le a\u00f1adir\u00e1 un cuerpo rom\u00e1nico a modo de campanario con ocho arcos de medio punto con capiteles vegetales. A pesar de su remodelaci\u00f3n, en el transepto del muro norte a\u00fan se conserva una <strong>inscripci\u00f3n fundacional:<\/strong><\/p>\n<\/div>\n<\/div>\n<\/div>\n<div data-offset-key=\"afe8j-0-0\">\n<blockquote class=\"citado\">\n<p style=\"text-align: justify;\">En el nombre del se\u00f1or Dios y salvador nuestro Jesucristo, y a la gloria de todos, de la gloriosa Santa Mar\u00eda Virgen, a los doce ap\u00f3stoles y restantes santos m\u00e1rtires&#8230; el pr\u00edncipe Alfonso hijo del rey Ordo\u00f1o de santa memoria mand\u00f3 edificar esta fortificaci\u00f3n con la esposa Scemena, habi\u00e9ndoles nacido dos hijos, para que la defensa de la fortificaci\u00f3n del aula del tesoro de esta santa iglesia permanezca sin da\u00f1o; precaviendo que nada perezca, pues los gentiles suelen apresurarse con su ej\u00e9rcito pirata naval, Dios no lo quiera. Esta obra ofrecida por nosotros, sea concedida en perenne posesi\u00f3n a la misma iglesia.<\/p>\n<\/blockquote>\n<\/div>\n<div data-contents=\"true\">\n<div class=\"\" data-block=\"true\" data-editor=\"668q0\" data-offset-key=\"3d7hq-0-0\">\n<p>&nbsp;<\/p>\n<h2>9. Torre de Pe\u00f1er\u00faes (Morc\u00edn)<\/h2>\n<p><img data-recalc-dims=\"1\" loading=\"lazy\" decoding=\"async\" class=\"aligncenter wp-image-1833 size-full\" src=\"https:\/\/i0.wp.com\/serasturianu.com\/wp-content\/uploads\/2019\/05\/9.jpg?resize=1000%2C668&#038;ssl=1\" alt=\"\" width=\"1000\" height=\"668\" srcset=\"https:\/\/i0.wp.com\/serasturianu.com\/wp-content\/uploads\/2019\/05\/9.jpg?w=1000&amp;ssl=1 1000w, https:\/\/i0.wp.com\/serasturianu.com\/wp-content\/uploads\/2019\/05\/9.jpg?resize=300%2C200&amp;ssl=1 300w, https:\/\/i0.wp.com\/serasturianu.com\/wp-content\/uploads\/2019\/05\/9.jpg?resize=768%2C513&amp;ssl=1 768w, https:\/\/i0.wp.com\/serasturianu.com\/wp-content\/uploads\/2019\/05\/9.jpg?resize=600%2C401&amp;ssl=1 600w\" sizes=\"(max-width: 1000px) 100vw, 1000px\" \/><\/p>\n<\/div>\n<\/div>\n<div data-offset-key=\"3d7hq-0-0\">\n<p>&nbsp;<\/p>\n<p style=\"text-align: justify;\">Podemos encontrarla sobre una elevaci\u00f3n pr\u00f3xima a la localidad de <strong>Campo (Pe\u00f1er\u00faes)<\/strong>, en el conceyu de Morc\u00edn. Desde este pueblo podemos incluso realizar una ruta de ascensi\u00f3n hasta la torre para luego contemplar una panor\u00e1mica incomparable sobre el embalse de Los Afilorios.<\/p>\n<p style=\"text-align: justify;\">Es posible que sea una torre de vigilancia de origen romano, pero fue reconstruida en tiempos de <strong>Ordo\u00f1o I<\/strong> y reformada en el siglo XII. Tiene unos imponentes 17 metros de altura, aunque su fachada sur se encuentra totalmente derruida.<\/p>\n<\/div>\n<div data-offset-key=\"3d7hq-0-0\"><\/div>\n<div data-contents=\"true\">\n<div class=\"\" data-block=\"true\" data-editor=\"668q0\" data-offset-key=\"f33a1-0-0\">\n<h2><\/h2>\n<h2><\/h2>\n<h2>10. Torre de los Vald\u00e9s-Salas<\/h2>\n<p><img data-recalc-dims=\"1\" loading=\"lazy\" decoding=\"async\" class=\"aligncenter wp-image-1834 size-full\" src=\"https:\/\/i0.wp.com\/serasturianu.com\/wp-content\/uploads\/2019\/05\/10.jpg?resize=1000%2C668&#038;ssl=1\" alt=\"\" width=\"1000\" height=\"668\" srcset=\"https:\/\/i0.wp.com\/serasturianu.com\/wp-content\/uploads\/2019\/05\/10.jpg?w=1000&amp;ssl=1 1000w, https:\/\/i0.wp.com\/serasturianu.com\/wp-content\/uploads\/2019\/05\/10.jpg?resize=300%2C200&amp;ssl=1 300w, https:\/\/i0.wp.com\/serasturianu.com\/wp-content\/uploads\/2019\/05\/10.jpg?resize=768%2C513&amp;ssl=1 768w, https:\/\/i0.wp.com\/serasturianu.com\/wp-content\/uploads\/2019\/05\/10.jpg?resize=600%2C401&amp;ssl=1 600w\" sizes=\"(max-width: 1000px) 100vw, 1000px\" \/><\/p>\n<div style=\"text-align: justify;\" data-offset-key=\"f33a1-0-0\">\n<p>&nbsp;<\/p>\n<p>En la villa de Salas podemos visitar el castillo y torre de los Vald\u00e9s Salas, del siglo XV. Reconstruida tras su derrumbamiento en 1959, la fortaleza fue dotada de unas garitas esquinadas inexistentes en la original. Su interior acoge el <strong>museo prerrom\u00e1nico de Samart\u00edn de Salas.<\/strong><\/p>\n<p>El palacio, del siglo XVI, est\u00e1 conectado a la torre mediante un puente de arco de medio punto. Fue \u00e9ste el lugar de nacimiento de Fernando Vald\u00e9s Salas, inquisidor general y fundador de la Universidad de Oviedo\/Uvi\u00e9u. Es posible contemplar su explendoroso sepulcro en la cercana colegiata de Santa Mar\u00eda La Mayor, obra de Pompeyo Leoni.<\/p>\n<\/div>\n<\/div>\n<\/div>","protected":false},"excerpt":{"rendered":"<p>Asturias lleg\u00f3 a contar con cerca de 300 fortalezas defensivas. Algunas de ellas controlaban rutas comerciales, otras sirvieron de defensa contra musulmanes o contra castellanos. Muchas otras, en cambio, fueron construidas como un s\u00edmbolo permanente del estatus de las familias &hellip; <a href=\"https:\/\/serasturianu.com\/ast\/2019\/05\/02\/top-10-torres-medievales-asturianas\/\">Read More<\/a><\/p>","protected":false},"author":1,"featured_media":1824,"comment_status":"open","ping_status":"open","sticky":false,"template":"","format":"standard","meta":{"_monsterinsights_skip_tracking":false,"_monsterinsights_sitenote_active":false,"_monsterinsights_sitenote_note":"","_monsterinsights_sitenote_category":0,"_jetpack_memberships_contains_paid_content":false,"footnotes":""},"categories":[40,42],"tags":[273,265,263,271,269,267,261,259],"class_list":["post-1798","post","type-post","status-publish","format-standard","has-post-thumbnail","hentry","category-blog-es","category-curiosidades","tag-asturias-es","tag-asturies","tag-castillos","tag-edad-media","tag-medieval","tag-medievales","tag-torreones","tag-torres"],"jetpack_featured_media_url":"https:\/\/i0.wp.com\/serasturianu.com\/wp-content\/uploads\/2019\/05\/por.jpg?fit=1000%2C668&ssl=1","jetpack_sharing_enabled":true,"_links":{"self":[{"href":"https:\/\/serasturianu.com\/ast\/wp-json\/wp\/v2\/posts\/1798","targetHints":{"allow":["GET"]}}],"collection":[{"href":"https:\/\/serasturianu.com\/ast\/wp-json\/wp\/v2\/posts"}],"about":[{"href":"https:\/\/serasturianu.com\/ast\/wp-json\/wp\/v2\/types\/post"}],"author":[{"embeddable":true,"href":"https:\/\/serasturianu.com\/ast\/wp-json\/wp\/v2\/users\/1"}],"replies":[{"embeddable":true,"href":"https:\/\/serasturianu.com\/ast\/wp-json\/wp\/v2\/comments?post=1798"}],"version-history":[{"count":62,"href":"https:\/\/serasturianu.com\/ast\/wp-json\/wp\/v2\/posts\/1798\/revisions"}],"predecessor-version":[{"id":1878,"href":"https:\/\/serasturianu.com\/ast\/wp-json\/wp\/v2\/posts\/1798\/revisions\/1878"}],"wp:featuredmedia":[{"embeddable":true,"href":"https:\/\/serasturianu.com\/ast\/wp-json\/wp\/v2\/media\/1824"}],"wp:attachment":[{"href":"https:\/\/serasturianu.com\/ast\/wp-json\/wp\/v2\/media?parent=1798"}],"wp:term":[{"taxonomy":"category","embeddable":true,"href":"https:\/\/serasturianu.com\/ast\/wp-json\/wp\/v2\/categories?post=1798"},{"taxonomy":"post_tag","embeddable":true,"href":"https:\/\/serasturianu.com\/ast\/wp-json\/wp\/v2\/tags?post=1798"}],"curies":[{"name":"wp","href":"https:\/\/api.w.org\/{rel}","templated":true}]}}