{"id":1725,"date":"2019-04-05T01:50:13","date_gmt":"2019-04-04T23:50:13","guid":{"rendered":"https:\/\/serasturianu.com\/?p=1725"},"modified":"2019-04-08T12:52:44","modified_gmt":"2019-04-08T10:52:44","slug":"visites-nasturianu-a-la-catedral-duvieu","status":"publish","type":"post","link":"https:\/\/serasturianu.com\/ast\/2019\/04\/05\/visites-nasturianu-a-la-catedral-duvieu\/","title":{"rendered":"Visites n&#8217;asturianu a la catedral d&#8217;Uvi\u00e9u"},"content":{"rendered":"<p style=\"text-align: justify;\"><span style=\"font-size: 18pt;\"><strong>&#8216;Ser Asturianu&#8217; prop\u00f3n conocer la catedral de San Salvador dende la lliteratura asturiana con un par de visites n&#8217;asturllion\u00e9s, coincidiendo cola Selmana Santa<\/strong><\/span><\/p>\n<p style=\"text-align: justify;\">Les <strong>dos visites,<\/strong> previstes pal <strong>xueves 18<\/strong> y el <strong>s\u00e1badu 20 <\/strong>a les<strong> 11:00h,<\/strong> van percorrer a lo llargo de poco m\u00e1s d&#8217;una hora los distintos espacios del interior de la catedral d&#8217;Uvi\u00e9u, como son la <em>C\u00e1mara Santa<\/em>, el <em>Claustru<\/em>, o&#8217;l <em>Deambulatoriu<\/em>, de la mano de cuasi una decena d&#8217;autores d&#8217;\u00e9poques diferentes, de magar el Barrocu hasta la d\u00e9cada de 1970.<\/p>\n<p style=\"text-align: justify;\">Constantino Cabal, Ant\u00f3n de Marirreguera, \u00c1ngeles L\u00f3pez Cuesta o Xuan Mar\u00eda Acebal van ser dellos de los escritores escoy\u00edos pa, dende les sos obres, asomanos a la historia del templu g\u00f3ticu y de les sos reliquies. Les visites tar\u00e1n dirix\u00edes por <strong>Denis Soria<\/strong>, gu\u00eda oficial d&#8217;Asturies y gu\u00eda habilit\u00e1u de la catedral.<\/p>\n<h4><\/h4>\n<h4>Feches y horarios<\/h4>\n<p>\u2013 Xueves 18 d&#8217;abril, 11:00h.<\/p>\n<p>\u2013 S\u00e1badu 20 d&#8217;abril, 11:00h<\/p>\n<h4><\/h4>\n<h4>Puntu d&#8217;alcuentru<\/h4>\n<p><strong>Fonte de Ia plaza de la catedral<\/strong> (plaza d&#8217;Alfonso II).<\/p>\n<h4><\/h4>\n<h4 style=\"text-align: justify;\">Tarifes y reserves<\/h4>\n<p style=\"text-align: justify;\">\u2013 Adultos (mayores de 12 a\u00f1os): <strong>10\u20ac<\/strong> <em>*incl\u00fai preciu d&#8217;entrada a la catedral (7\u20ac).<br \/>\n<\/em><\/p>\n<p>\u2013 Con bonu-tarxeta d&#8217;entrada 12 meses a la catedral: <strong>5\u20ac<\/strong><em> *deber\u00e1 presentase en ventaniella<\/em><\/p>\n<p style=\"text-align: justify;\">\u2013 Nenos (menores de 12 a\u00f1os): <strong>de baldre<\/strong><\/p>\n<p style=\"text-align: justify;\">El pagu faise en mano 5 minutos primero de la visita. P&#8217;apuntase ye imprescindible acutar con antelaci\u00f3n nel corr\u00e9u electr\u00f3nicu <a href=\"https:\/\/serasturianu.com\/ast\/entamu\/#correu\"><strong>infoserasturianu@gmail.com<\/strong><\/a><\/p>\n<p><a href=\"\/ast\/serasturianu.com\/ast\/entamu\/#correu\"><img data-recalc-dims=\"1\" decoding=\"async\" class=\"aligncenter wp-image-1529\" src=\"https:\/\/i0.wp.com\/serasturianu.com\/wp-content\/uploads\/2019\/03\/ASTQ-1.png?resize=190%2C47&#038;ssl=1\" alt=\"\" width=\"190\" height=\"47\" srcset=\"https:\/\/i0.wp.com\/serasturianu.com\/wp-content\/uploads\/2019\/03\/ASTQ-1.png?resize=300%2C74&amp;ssl=1 300w, https:\/\/i0.wp.com\/serasturianu.com\/wp-content\/uploads\/2019\/03\/ASTQ-1.png?w=504&amp;ssl=1 504w\" sizes=\"(max-width: 190px) 100vw, 190px\" \/><\/a><\/p>\n<p><a href=\"https:\/\/serasturianu.com\/ast\/#correo\"><img data-recalc-dims=\"1\" fetchpriority=\"high\" decoding=\"async\" class=\"aligncenter wp-image-1705\" src=\"https:\/\/i0.wp.com\/serasturianu.com\/wp-content\/uploads\/2019\/04\/cartelu-catedral2.png?resize=700%2C700&#038;ssl=1\" alt=\"\" width=\"700\" height=\"700\" srcset=\"https:\/\/i0.wp.com\/serasturianu.com\/wp-content\/uploads\/2019\/04\/cartelu-catedral2.png?w=1000&amp;ssl=1 1000w, https:\/\/i0.wp.com\/serasturianu.com\/wp-content\/uploads\/2019\/04\/cartelu-catedral2.png?resize=150%2C150&amp;ssl=1 150w, https:\/\/i0.wp.com\/serasturianu.com\/wp-content\/uploads\/2019\/04\/cartelu-catedral2.png?resize=300%2C300&amp;ssl=1 300w, https:\/\/i0.wp.com\/serasturianu.com\/wp-content\/uploads\/2019\/04\/cartelu-catedral2.png?resize=768%2C768&amp;ssl=1 768w, https:\/\/i0.wp.com\/serasturianu.com\/wp-content\/uploads\/2019\/04\/cartelu-catedral2.png?resize=600%2C600&amp;ssl=1 600w, https:\/\/i0.wp.com\/serasturianu.com\/wp-content\/uploads\/2019\/04\/cartelu-catedral2.png?resize=100%2C100&amp;ssl=1 100w\" sizes=\"(max-width: 700px) 100vw, 700px\" \/><\/a><\/p>\n<p>&nbsp;<\/p>","protected":false},"excerpt":{"rendered":"<p>&#8216;Ser Asturianu&#8217; prop\u00f3n conocer la catedral de San Salvador dende la lliteratura asturiana con un par de visites n&#8217;asturllion\u00e9s, coincidiendo cola Selmana Santa Les dos visites, previstes pal xueves 18 y el s\u00e1badu 20 a les 11:00h, van percorrer a &hellip; <a href=\"https:\/\/serasturianu.com\/ast\/2019\/04\/05\/visites-nasturianu-a-la-catedral-duvieu\/\">Read More<\/a><\/p>","protected":false},"author":1,"featured_media":1730,"comment_status":"open","ping_status":"open","sticky":false,"template":"","format":"standard","meta":{"_monsterinsights_skip_tracking":false,"_monsterinsights_sitenote_active":false,"_monsterinsights_sitenote_note":"","_monsterinsights_sitenote_category":0,"_jetpack_memberships_contains_paid_content":false,"footnotes":""},"categories":[58,107],"tags":[244,242],"class_list":["post-1725","post","type-post","status-publish","format-standard","has-post-thumbnail","hentry","category-axenda","category-noticies","tag-camara-santa-ast","tag-uvieu"],"jetpack_featured_media_url":"https:\/\/i0.wp.com\/serasturianu.com\/wp-content\/uploads\/2019\/04\/cat58-2.png?fit=1000%2C724&ssl=1","jetpack_sharing_enabled":true,"_links":{"self":[{"href":"https:\/\/serasturianu.com\/ast\/wp-json\/wp\/v2\/posts\/1725","targetHints":{"allow":["GET"]}}],"collection":[{"href":"https:\/\/serasturianu.com\/ast\/wp-json\/wp\/v2\/posts"}],"about":[{"href":"https:\/\/serasturianu.com\/ast\/wp-json\/wp\/v2\/types\/post"}],"author":[{"embeddable":true,"href":"https:\/\/serasturianu.com\/ast\/wp-json\/wp\/v2\/users\/1"}],"replies":[{"embeddable":true,"href":"https:\/\/serasturianu.com\/ast\/wp-json\/wp\/v2\/comments?post=1725"}],"version-history":[{"count":7,"href":"https:\/\/serasturianu.com\/ast\/wp-json\/wp\/v2\/posts\/1725\/revisions"}],"predecessor-version":[{"id":1739,"href":"https:\/\/serasturianu.com\/ast\/wp-json\/wp\/v2\/posts\/1725\/revisions\/1739"}],"wp:featuredmedia":[{"embeddable":true,"href":"https:\/\/serasturianu.com\/ast\/wp-json\/wp\/v2\/media\/1730"}],"wp:attachment":[{"href":"https:\/\/serasturianu.com\/ast\/wp-json\/wp\/v2\/media?parent=1725"}],"wp:term":[{"taxonomy":"category","embeddable":true,"href":"https:\/\/serasturianu.com\/ast\/wp-json\/wp\/v2\/categories?post=1725"},{"taxonomy":"post_tag","embeddable":true,"href":"https:\/\/serasturianu.com\/ast\/wp-json\/wp\/v2\/tags?post=1725"}],"curies":[{"name":"wp","href":"https:\/\/api.w.org\/{rel}","templated":true}]}}