{"id":1691,"date":"2019-04-05T01:31:59","date_gmt":"2019-04-04T23:31:59","guid":{"rendered":"https:\/\/serasturianu.com\/?p=1691"},"modified":"2019-04-08T13:00:41","modified_gmt":"2019-04-08T11:00:41","slug":"visitas-en-asturiano-a-la-catedral-de-oviedo-uvieu","status":"publish","type":"post","link":"https:\/\/serasturianu.com\/ast\/2019\/04\/05\/visitas-en-asturiano-a-la-catedral-de-oviedo-uvieu\/","title":{"rendered":"Visitas en asturiano a la catedral de Oviedo-Uvi\u00e9u"},"content":{"rendered":"<p style=\"text-align: justify;\"><span style=\"font-size: 18pt;\"><strong>&#8216;Ser Asturianu&#8217; propone conocer la catedral de San Salvador desde la literatura asturiana con un par de visitas en asturleon\u00e9s, coincidiendo con Semana Santa<\/strong><\/span><\/p>\n<p style=\"text-align: justify;\">Las <strong>dos visitas,<\/strong> previstas para el <strong>jueves 18<\/strong> y el <strong>s\u00e1bado 20 <\/strong>a las<strong> 11:00h,<\/strong> recorrer\u00e1n en algo m\u00e1s de una hora los distintos espacios del interior de la catedral de Oviedo-Uvi\u00e9u, tales como la <em>C\u00e1mara Santa<\/em>, el <em>Claustro<\/em>, o el <em>Deambulatorio<\/em>, de la mano de casi una decena de autores de distintas \u00e9pocas, desde el Barroco hasta la d\u00e9cada de 1970.<\/p>\n<p style=\"text-align: justify;\">Constantino Cabal, Ant\u00f3n de Marirreguera, \u00c1ngeles L\u00f3pez Cuesta o Xuan Mar\u00eda Acebal ser\u00e1n algunos de los escritores escogidos para, desde sus obras, asomarnos a la historia del templo g\u00f3tico y de sus reliquias. Las visitas estar\u00e1n dirigidas por <strong>Denis Soria<\/strong>, gu\u00eda oficial de Asturias y gu\u00eda habilitado de la catedral.<\/p>\n<h4><\/h4>\n<h4>Fechas y horarios<\/h4>\n<p>\u2013 Jueves 18 de abril, 11:00h.<\/p>\n<p>\u2013 S\u00e1bado 20 de abril, 11:00h<\/p>\n<h4><\/h4>\n<h4>Puntu d'alcuentru<\/h4>\n<p><strong>Fuente de Ia plaza de la catedral<\/strong> (plaza de Alfonso II).<\/p>\n<h4><\/h4>\n<h4 style=\"text-align: justify;\">Tarifas y reservas<\/h4>\n<p style=\"text-align: justify;\">\u2013 Adultos (mayores de 12 a\u00f1os):<strong> 10\u20ac<\/strong> <em>*incluye el precio de entrada a la catedral (7\u20ac)<\/em><\/p>\n<p>\u2013 Con bono-tarjeta de entrada 12 meses a la catedral: <strong>5\u20ac<\/strong><em> *deber\u00e1 presentarse en taquilla<\/em><\/p>\n<p style=\"text-align: justify;\">\u2013 Nenos (menores de 12 a\u00f1os): <strong>gratis<\/strong><\/p>\n<p style=\"text-align: justify;\">El pago se abonar\u00e1 5 minutos antes de comenzar el recorrido. Para apuntarse es imprescindible reservar con antelaci\u00f3n en el correo electr\u00f3nico <a href=\"https:\/\/serasturianu.com\/ast\/#correo\"><strong>infoserasturianu@gmail.com<\/strong><\/a><\/p>\n<p><a href=\"\/ast\/serasturianu\/#correo\"><img data-recalc-dims=\"1\" decoding=\"async\" class=\"aligncenter wp-image-1514\" src=\"https:\/\/i0.wp.com\/serasturianu.com\/wp-content\/uploads\/2019\/03\/JVGV.png?resize=191%2C47&#038;ssl=1\" alt=\"\" width=\"191\" height=\"47\" srcset=\"https:\/\/i0.wp.com\/serasturianu.com\/wp-content\/uploads\/2019\/03\/JVGV.png?resize=300%2C74&amp;ssl=1 300w, https:\/\/i0.wp.com\/serasturianu.com\/wp-content\/uploads\/2019\/03\/JVGV.png?w=504&amp;ssl=1 504w\" sizes=\"(max-width: 191px) 100vw, 191px\" \/><\/a><\/p>\n<p><a href=\"https:\/\/serasturianu.com\/ast\/#correo\"><img data-recalc-dims=\"1\" fetchpriority=\"high\" decoding=\"async\" class=\"aligncenter wp-image-1705\" src=\"https:\/\/i0.wp.com\/serasturianu.com\/wp-content\/uploads\/2019\/04\/cartelu-catedral2.png?resize=700%2C700&#038;ssl=1\" alt=\"\" width=\"700\" height=\"700\" srcset=\"https:\/\/i0.wp.com\/serasturianu.com\/wp-content\/uploads\/2019\/04\/cartelu-catedral2.png?w=1000&amp;ssl=1 1000w, https:\/\/i0.wp.com\/serasturianu.com\/wp-content\/uploads\/2019\/04\/cartelu-catedral2.png?resize=150%2C150&amp;ssl=1 150w, https:\/\/i0.wp.com\/serasturianu.com\/wp-content\/uploads\/2019\/04\/cartelu-catedral2.png?resize=300%2C300&amp;ssl=1 300w, https:\/\/i0.wp.com\/serasturianu.com\/wp-content\/uploads\/2019\/04\/cartelu-catedral2.png?resize=768%2C768&amp;ssl=1 768w, https:\/\/i0.wp.com\/serasturianu.com\/wp-content\/uploads\/2019\/04\/cartelu-catedral2.png?resize=600%2C600&amp;ssl=1 600w, https:\/\/i0.wp.com\/serasturianu.com\/wp-content\/uploads\/2019\/04\/cartelu-catedral2.png?resize=100%2C100&amp;ssl=1 100w\" sizes=\"(max-width: 700px) 100vw, 700px\" \/><\/a><\/p>\n<p>&nbsp;<\/p>","protected":false},"excerpt":{"rendered":"<p>&#8216;Ser Asturianu&#8217; propone conocer la catedral de San Salvador desde la literatura asturiana con un par de visitas en asturleon\u00e9s, coincidiendo con Semana Santa Las dos visitas, previstas para el jueves 18 y el s\u00e1bado 20 a las 11:00h, recorrer\u00e1n &hellip; <a href=\"https:\/\/serasturianu.com\/ast\/2019\/04\/05\/visitas-en-asturiano-a-la-catedral-de-oviedo-uvieu\/\">Read More<\/a><\/p>","protected":false},"author":1,"featured_media":0,"comment_status":"open","ping_status":"open","sticky":false,"template":"","format":"standard","meta":{"_monsterinsights_skip_tracking":false,"_monsterinsights_sitenote_active":false,"_monsterinsights_sitenote_note":"","_monsterinsights_sitenote_category":0,"_jetpack_memberships_contains_paid_content":false,"footnotes":""},"categories":[52,40,60],"tags":[233,229,235,237,231,239],"class_list":["post-1691","post","type-post","status-publish","format-standard","hentry","category-agenda","category-blog-es","category-noticias","tag-camara-santa","tag-catedral-de-oviedo","tag-cruz-de-la-victoria","tag-cruz-de-los-angeles","tag-san-salvador","tag-santo-sudario"],"jetpack_featured_media_url":"","jetpack_sharing_enabled":true,"_links":{"self":[{"href":"https:\/\/serasturianu.com\/ast\/wp-json\/wp\/v2\/posts\/1691","targetHints":{"allow":["GET"]}}],"collection":[{"href":"https:\/\/serasturianu.com\/ast\/wp-json\/wp\/v2\/posts"}],"about":[{"href":"https:\/\/serasturianu.com\/ast\/wp-json\/wp\/v2\/types\/post"}],"author":[{"embeddable":true,"href":"https:\/\/serasturianu.com\/ast\/wp-json\/wp\/v2\/users\/1"}],"replies":[{"embeddable":true,"href":"https:\/\/serasturianu.com\/ast\/wp-json\/wp\/v2\/comments?post=1691"}],"version-history":[{"count":31,"href":"https:\/\/serasturianu.com\/ast\/wp-json\/wp\/v2\/posts\/1691\/revisions"}],"predecessor-version":[{"id":1740,"href":"https:\/\/serasturianu.com\/ast\/wp-json\/wp\/v2\/posts\/1691\/revisions\/1740"}],"wp:attachment":[{"href":"https:\/\/serasturianu.com\/ast\/wp-json\/wp\/v2\/media?parent=1691"}],"wp:term":[{"taxonomy":"category","embeddable":true,"href":"https:\/\/serasturianu.com\/ast\/wp-json\/wp\/v2\/categories?post=1691"},{"taxonomy":"post_tag","embeddable":true,"href":"https:\/\/serasturianu.com\/ast\/wp-json\/wp\/v2\/tags?post=1691"}],"curies":[{"name":"wp","href":"https:\/\/api.w.org\/{rel}","templated":true}]}}