{"id":1432,"date":"2019-03-22T00:39:50","date_gmt":"2019-03-21T23:39:50","guid":{"rendered":"https:\/\/serasturianu.com\/?p=1432"},"modified":"2019-03-22T16:59:31","modified_gmt":"2019-03-22T15:59:31","slug":"asturias-patria-de-sidra","status":"publish","type":"post","link":"https:\/\/serasturianu.com\/ast\/2019\/03\/22\/asturias-patria-de-sidra\/","title":{"rendered":"Asturias, \u00abPatria de Sidra\u00bb"},"content":{"rendered":"<p style=\"text-align: justify;\"><strong>Una muestra excepcional propone un viaje por la historia de la bebida nacional asturiana.<\/strong><\/p>\r\n\r\n<p style=\"text-align: justify;\">Del 19 de marzo al 23 de junio, la sala 2 del Antiguo Instituo de Gij\u00f3n\/Xix\u00f3n acoge una exposici\u00f3n que recupera la vida y la historia de los llagares asturianos de sidra achampanada desde 1880 hasta 1940.<\/p>\r\n\r\n\r\n\r\n<figure class=\"wp-block-image\"><img data-recalc-dims=\"1\" fetchpriority=\"high\" decoding=\"async\" width=\"879\" height=\"680\" class=\"wp-image-1436\" src=\"https:\/\/i0.wp.com\/serasturianu.com\/wp-content\/uploads\/2019\/03\/D2CeE8iUYAAHl7i.jpg-large.jpg?resize=879%2C680&ssl=1\" alt=\"\" srcset=\"https:\/\/i0.wp.com\/serasturianu.com\/wp-content\/uploads\/2019\/03\/D2CeE8iUYAAHl7i.jpg-large.jpg?w=879&ssl=1 879w, https:\/\/i0.wp.com\/serasturianu.com\/wp-content\/uploads\/2019\/03\/D2CeE8iUYAAHl7i.jpg-large.jpg?resize=300%2C232&ssl=1 300w, https:\/\/i0.wp.com\/serasturianu.com\/wp-content\/uploads\/2019\/03\/D2CeE8iUYAAHl7i.jpg-large.jpg?resize=768%2C594&ssl=1 768w, https:\/\/i0.wp.com\/serasturianu.com\/wp-content\/uploads\/2019\/03\/D2CeE8iUYAAHl7i.jpg-large.jpg?resize=600%2C464&ssl=1 600w\" sizes=\"(max-width: 879px) 100vw, 879px\" \/><\/figure>\r\n\r\n\r\n\r\n<p style=\"text-align: justify;\">La exposici\u00f3n est\u00e1 dividida en tres apartados. El primero est\u00e1 dedicado al cultivo de la manzana y la producci\u00f3n tradicional de sidra, pero entra tambi\u00e9n en detalles sobre la cultura y sociedad entorno al chigre (espichas, juegos tradicionales\u2026); la segunda parte se centra de lleno en la sidra espumosa y champagne, as\u00ed como en las f\u00e1bricas dedicadas a su elaboraci\u00f3n.<\/p>\r\n\r\n\r\n\r\n<p style=\"text-align: justify;\">Etiquetas, folletos, fotograf\u00edas, carteles publicitarios o pinturas de Evaristo Valle completan alrededor de 702 piezas procedentes en su mayor\u00eda de los fondos del Mus\u00e9u del Pueblu d\u2019Asturies y de la Casa Natal de Xovellanos.<\/p>\r\n\r\n\r\n\r\n<p style=\"text-align: justify;\">\u00a0<\/p>\r\n\r\n\r\n\r\n<h4 class=\"wp-block-heading\" style=\"text-align: justify;\">Horario:<\/h4>\r\n\r\n\r\n\r\n<ul class=\"wp-block-list\">\r\n<li style=\"text-align: justify;\">Lunes a viernes de 18:00 a 21:00 h.<\/li>\r\n<li style=\"text-align: justify;\">S\u00e1bados de 11:00 a 14:00 y de 18:00 a 21:00horas.<\/li>\r\n<li style=\"text-align: justify;\">Domingos y festivos de apertura: 11:00 a 14:00 h.<\/li>\r\n<\/ul>\r\n\r\n\r\n\r\n<p>\u00a0<\/p>","protected":false},"excerpt":{"rendered":"<p>Una muestra excepcional propone un viaje por la historia de la bebida nacional asturiana. Del 19 de marzo al 23 de junio, la sala 2 del Antiguo Instituo de Gij\u00f3n\/Xix\u00f3n acoge una exposici\u00f3n que recupera la vida y la historia &hellip; <a href=\"https:\/\/serasturianu.com\/ast\/2019\/03\/22\/asturias-patria-de-sidra\/\">Read More<\/a><\/p>","protected":false},"author":1,"featured_media":1467,"comment_status":"closed","ping_status":"closed","sticky":false,"template":"","format":"standard","meta":{"_monsterinsights_skip_tracking":false,"_monsterinsights_sitenote_active":false,"_monsterinsights_sitenote_note":"","_monsterinsights_sitenote_category":0,"_jetpack_memberships_contains_paid_content":false,"footnotes":""},"categories":[52,60],"tags":[196,198,200],"class_list":["post-1432","post","type-post","status-publish","format-standard","has-post-thumbnail","hentry","category-agenda","category-noticias","tag-el-gaitero-es","tag-manzana-es","tag-sidra-es"],"yoast_head":"<!-- This site is optimized with the Yoast SEO plugin v27.5 - https:\/\/yoast.com\/product\/yoast-seo-wordpress\/ -->\n<title>Asturias, \u00abPatria de Sidra\u00bb - Ser Asturianu<\/title>\n<meta name=\"robots\" content=\"index, follow, max-snippet:-1, max-image-preview:large, max-video-preview:-1\" \/>\n<link rel=\"canonical\" href=\"https:\/\/serasturianu.com\/ast\/2019\/03\/22\/asturias-patria-de-sidra\/\" \/>\n<meta property=\"og:locale\" content=\"en_US\" \/>\n<meta property=\"og:type\" content=\"article\" \/>\n<meta property=\"og:title\" content=\"Asturias, \u00abPatria de Sidra\u00bb - Ser Asturianu\" \/>\n<meta property=\"og:description\" content=\"Una muestra excepcional propone un viaje por la historia de la bebida nacional asturiana. Del 19 de marzo al 23 de junio, la sala 2 del Antiguo Instituo de Gij\u00f3n\/Xix\u00f3n acoge una exposici\u00f3n que recupera la vida y la historia &hellip; Read More\" \/>\n<meta property=\"og:url\" content=\"https:\/\/serasturianu.com\/ast\/2019\/03\/22\/asturias-patria-de-sidra\/\" \/>\n<meta property=\"og:site_name\" content=\"Ser Asturianu\" \/>\n<meta property=\"article:publisher\" content=\"https:\/\/www.facebook.com\/serasturianu\" \/>\n<meta property=\"article:published_time\" content=\"2019-03-21T23:39:50+00:00\" \/>\n<meta property=\"article:modified_time\" content=\"2019-03-22T15:59:31+00:00\" \/>\n<meta property=\"og:image\" content=\"https:\/\/i0.wp.com\/serasturianu.com\/wp-content\/uploads\/2019\/03\/D2CeE8iUYAAHl7i-2.jpg-large-2.jpg?fit=879%2C506&ssl=1\" \/>\n\t<meta property=\"og:image:width\" content=\"879\" \/>\n\t<meta property=\"og:image:height\" content=\"506\" \/>\n\t<meta property=\"og:image:type\" content=\"image\/jpeg\" \/>\n<meta name=\"author\" content=\"serasturianu\" \/>\n<meta name=\"twitter:card\" content=\"summary_large_image\" \/>\n<meta name=\"twitter:creator\" content=\"@SerAsturianu\" \/>\n<meta name=\"twitter:site\" content=\"@SerAsturianu\" \/>\n<meta name=\"twitter:label1\" content=\"Written by\" \/>\n\t<meta name=\"twitter:data1\" content=\"serasturianu\" \/>\n\t<meta name=\"twitter:label2\" content=\"Est. reading time\" \/>\n\t<meta name=\"twitter:data2\" content=\"1 minute\" \/>\n<script type=\"application\/ld+json\" class=\"yoast-schema-graph\">{\"@context\":\"https:\\\/\\\/schema.org\",\"@graph\":[{\"@type\":\"Article\",\"@id\":\"https:\\\/\\\/serasturianu.com\\\/ast\\\/2019\\\/03\\\/22\\\/asturias-patria-de-sidra\\\/#article\",\"isPartOf\":{\"@id\":\"https:\\\/\\\/serasturianu.com\\\/ast\\\/2019\\\/03\\\/22\\\/asturias-patria-de-sidra\\\/\"},\"author\":{\"name\":\"serasturianu\",\"@id\":\"https:\\\/\\\/serasturianu.com\\\/#\\\/schema\\\/person\\\/7d40831736e46924e4c0f05b50eb56e3\"},\"headline\":\"Asturias, \u00abPatria de Sidra\u00bb\",\"datePublished\":\"2019-03-21T23:39:50+00:00\",\"dateModified\":\"2019-03-22T15:59:31+00:00\",\"mainEntityOfPage\":{\"@id\":\"https:\\\/\\\/serasturianu.com\\\/ast\\\/2019\\\/03\\\/22\\\/asturias-patria-de-sidra\\\/\"},\"wordCount\":179,\"publisher\":{\"@id\":\"https:\\\/\\\/serasturianu.com\\\/#organization\"},\"image\":{\"@id\":\"https:\\\/\\\/serasturianu.com\\\/ast\\\/2019\\\/03\\\/22\\\/asturias-patria-de-sidra\\\/#primaryimage\"},\"thumbnailUrl\":\"https:\\\/\\\/i0.wp.com\\\/serasturianu.com\\\/wp-content\\\/uploads\\\/2019\\\/03\\\/D2CeE8iUYAAHl7i-2.jpg-large-2.jpg?fit=879%2C506&ssl=1\",\"keywords\":[\"el gaitero\",\"manzana\",\"sidra\"],\"articleSection\":[\"Agenda\",\"Noticias\"],\"inLanguage\":\"ast\"},{\"@type\":\"WebPage\",\"@id\":\"https:\\\/\\\/serasturianu.com\\\/ast\\\/2019\\\/03\\\/22\\\/asturias-patria-de-sidra\\\/\",\"url\":\"https:\\\/\\\/serasturianu.com\\\/ast\\\/2019\\\/03\\\/22\\\/asturias-patria-de-sidra\\\/\",\"name\":\"Asturias, \u00abPatria de Sidra\u00bb - Ser Asturianu\",\"isPartOf\":{\"@id\":\"https:\\\/\\\/serasturianu.com\\\/#website\"},\"primaryImageOfPage\":{\"@id\":\"https:\\\/\\\/serasturianu.com\\\/ast\\\/2019\\\/03\\\/22\\\/asturias-patria-de-sidra\\\/#primaryimage\"},\"image\":{\"@id\":\"https:\\\/\\\/serasturianu.com\\\/ast\\\/2019\\\/03\\\/22\\\/asturias-patria-de-sidra\\\/#primaryimage\"},\"thumbnailUrl\":\"https:\\\/\\\/i0.wp.com\\\/serasturianu.com\\\/wp-content\\\/uploads\\\/2019\\\/03\\\/D2CeE8iUYAAHl7i-2.jpg-large-2.jpg?fit=879%2C506&ssl=1\",\"datePublished\":\"2019-03-21T23:39:50+00:00\",\"dateModified\":\"2019-03-22T15:59:31+00:00\",\"breadcrumb\":{\"@id\":\"https:\\\/\\\/serasturianu.com\\\/ast\\\/2019\\\/03\\\/22\\\/asturias-patria-de-sidra\\\/#breadcrumb\"},\"inLanguage\":\"ast\",\"potentialAction\":[{\"@type\":\"ReadAction\",\"target\":[\"https:\\\/\\\/serasturianu.com\\\/ast\\\/2019\\\/03\\\/22\\\/asturias-patria-de-sidra\\\/\"]}]},{\"@type\":\"ImageObject\",\"inLanguage\":\"ast\",\"@id\":\"https:\\\/\\\/serasturianu.com\\\/ast\\\/2019\\\/03\\\/22\\\/asturias-patria-de-sidra\\\/#primaryimage\",\"url\":\"https:\\\/\\\/i0.wp.com\\\/serasturianu.com\\\/wp-content\\\/uploads\\\/2019\\\/03\\\/D2CeE8iUYAAHl7i-2.jpg-large-2.jpg?fit=879%2C506&ssl=1\",\"contentUrl\":\"https:\\\/\\\/i0.wp.com\\\/serasturianu.com\\\/wp-content\\\/uploads\\\/2019\\\/03\\\/D2CeE8iUYAAHl7i-2.jpg-large-2.jpg?fit=879%2C506&ssl=1\",\"width\":879,\"height\":506},{\"@type\":\"BreadcrumbList\",\"@id\":\"https:\\\/\\\/serasturianu.com\\\/ast\\\/2019\\\/03\\\/22\\\/asturias-patria-de-sidra\\\/#breadcrumb\",\"itemListElement\":[{\"@type\":\"ListItem\",\"position\":1,\"name\":\"Portada\",\"item\":\"https:\\\/\\\/serasturianu.com\\\/ast\\\/\"},{\"@type\":\"ListItem\",\"position\":2,\"name\":\"Asturias, \u00abPatria de Sidra\u00bb\"}]},{\"@type\":\"WebSite\",\"@id\":\"https:\\\/\\\/serasturianu.com\\\/#website\",\"url\":\"https:\\\/\\\/serasturianu.com\\\/\",\"name\":\"Ser Asturianu\",\"description\":\"Tours aut\u00e9nticos\",\"publisher\":{\"@id\":\"https:\\\/\\\/serasturianu.com\\\/#organization\"},\"potentialAction\":[{\"@type\":\"SearchAction\",\"target\":{\"@type\":\"EntryPoint\",\"urlTemplate\":\"https:\\\/\\\/serasturianu.com\\\/?s={search_term_string}\"},\"query-input\":{\"@type\":\"PropertyValueSpecification\",\"valueRequired\":true,\"valueName\":\"search_term_string\"}}],\"inLanguage\":\"ast\"},{\"@type\":\"Organization\",\"@id\":\"https:\\\/\\\/serasturianu.com\\\/#organization\",\"name\":\"Ser Asturianu\",\"url\":\"https:\\\/\\\/serasturianu.com\\\/\",\"logo\":{\"@type\":\"ImageObject\",\"inLanguage\":\"ast\",\"@id\":\"https:\\\/\\\/serasturianu.com\\\/#\\\/schema\\\/logo\\\/image\\\/\",\"url\":\"https:\\\/\\\/i0.wp.com\\\/serasturianu.com\\\/wp-content\\\/uploads\\\/2022\\\/01\\\/logofondu.png?fit=510%2C510&ssl=1\",\"contentUrl\":\"https:\\\/\\\/i0.wp.com\\\/serasturianu.com\\\/wp-content\\\/uploads\\\/2022\\\/01\\\/logofondu.png?fit=510%2C510&ssl=1\",\"width\":510,\"height\":510,\"caption\":\"Ser Asturianu\"},\"image\":{\"@id\":\"https:\\\/\\\/serasturianu.com\\\/#\\\/schema\\\/logo\\\/image\\\/\"},\"sameAs\":[\"https:\\\/\\\/www.facebook.com\\\/serasturianu\",\"https:\\\/\\\/x.com\\\/SerAsturianu\",\"https:\\\/\\\/www.instagram.com\\\/ser_asturianu\\\/\"]},{\"@type\":\"Person\",\"@id\":\"https:\\\/\\\/serasturianu.com\\\/#\\\/schema\\\/person\\\/7d40831736e46924e4c0f05b50eb56e3\",\"name\":\"serasturianu\",\"image\":{\"@type\":\"ImageObject\",\"inLanguage\":\"ast\",\"@id\":\"https:\\\/\\\/secure.gravatar.com\\\/avatar\\\/e402fe1cb4d6685aeaadf5eca83a377394f2f6e2b29898eb1dd1589b9b7d8614?s=96&d=mm&r=g\",\"url\":\"https:\\\/\\\/secure.gravatar.com\\\/avatar\\\/e402fe1cb4d6685aeaadf5eca83a377394f2f6e2b29898eb1dd1589b9b7d8614?s=96&d=mm&r=g\",\"contentUrl\":\"https:\\\/\\\/secure.gravatar.com\\\/avatar\\\/e402fe1cb4d6685aeaadf5eca83a377394f2f6e2b29898eb1dd1589b9b7d8614?s=96&d=mm&r=g\",\"caption\":\"serasturianu\"},\"url\":\"https:\\\/\\\/serasturianu.com\\\/ast\\\/author\\\/serasturianu\\\/\"}]}<\/script>\n<!-- \/ Yoast SEO plugin. -->","yoast_head_json":{"title":"Asturias, \u00abPatria de Sidra\u00bb - Ser Asturianu","robots":{"index":"index","follow":"follow","max-snippet":"max-snippet:-1","max-image-preview":"max-image-preview:large","max-video-preview":"max-video-preview:-1"},"canonical":"https:\/\/serasturianu.com\/ast\/2019\/03\/22\/asturias-patria-de-sidra\/","og_locale":"en_US","og_type":"article","og_title":"Asturias, \u00abPatria de Sidra\u00bb - Ser Asturianu","og_description":"Una muestra excepcional propone un viaje por la historia de la bebida nacional asturiana. Del 19 de marzo al 23 de junio, la sala 2 del Antiguo Instituo de Gij\u00f3n\/Xix\u00f3n acoge una exposici\u00f3n que recupera la vida y la historia &hellip; Read More","og_url":"https:\/\/serasturianu.com\/ast\/2019\/03\/22\/asturias-patria-de-sidra\/","og_site_name":"Ser Asturianu","article_publisher":"https:\/\/www.facebook.com\/serasturianu","article_published_time":"2019-03-21T23:39:50+00:00","article_modified_time":"2019-03-22T15:59:31+00:00","og_image":[{"width":879,"height":506,"url":"https:\/\/i0.wp.com\/serasturianu.com\/wp-content\/uploads\/2019\/03\/D2CeE8iUYAAHl7i-2.jpg-large-2.jpg?fit=879%2C506&ssl=1","type":"image\/jpeg"}],"author":"serasturianu","twitter_card":"summary_large_image","twitter_creator":"@SerAsturianu","twitter_site":"@SerAsturianu","twitter_misc":{"Written by":"serasturianu","Est. reading time":"1 minute"},"schema":{"@context":"https:\/\/schema.org","@graph":[{"@type":"Article","@id":"https:\/\/serasturianu.com\/ast\/2019\/03\/22\/asturias-patria-de-sidra\/#article","isPartOf":{"@id":"https:\/\/serasturianu.com\/ast\/2019\/03\/22\/asturias-patria-de-sidra\/"},"author":{"name":"serasturianu","@id":"https:\/\/serasturianu.com\/#\/schema\/person\/7d40831736e46924e4c0f05b50eb56e3"},"headline":"Asturias, \u00abPatria de Sidra\u00bb","datePublished":"2019-03-21T23:39:50+00:00","dateModified":"2019-03-22T15:59:31+00:00","mainEntityOfPage":{"@id":"https:\/\/serasturianu.com\/ast\/2019\/03\/22\/asturias-patria-de-sidra\/"},"wordCount":179,"publisher":{"@id":"https:\/\/serasturianu.com\/#organization"},"image":{"@id":"https:\/\/serasturianu.com\/ast\/2019\/03\/22\/asturias-patria-de-sidra\/#primaryimage"},"thumbnailUrl":"https:\/\/i0.wp.com\/serasturianu.com\/wp-content\/uploads\/2019\/03\/D2CeE8iUYAAHl7i-2.jpg-large-2.jpg?fit=879%2C506&ssl=1","keywords":["el gaitero","manzana","sidra"],"articleSection":["Agenda","Noticias"],"inLanguage":"ast"},{"@type":"WebPage","@id":"https:\/\/serasturianu.com\/ast\/2019\/03\/22\/asturias-patria-de-sidra\/","url":"https:\/\/serasturianu.com\/ast\/2019\/03\/22\/asturias-patria-de-sidra\/","name":"Asturias, \u00abPatria de Sidra\u00bb - Ser Asturianu","isPartOf":{"@id":"https:\/\/serasturianu.com\/#website"},"primaryImageOfPage":{"@id":"https:\/\/serasturianu.com\/ast\/2019\/03\/22\/asturias-patria-de-sidra\/#primaryimage"},"image":{"@id":"https:\/\/serasturianu.com\/ast\/2019\/03\/22\/asturias-patria-de-sidra\/#primaryimage"},"thumbnailUrl":"https:\/\/i0.wp.com\/serasturianu.com\/wp-content\/uploads\/2019\/03\/D2CeE8iUYAAHl7i-2.jpg-large-2.jpg?fit=879%2C506&ssl=1","datePublished":"2019-03-21T23:39:50+00:00","dateModified":"2019-03-22T15:59:31+00:00","breadcrumb":{"@id":"https:\/\/serasturianu.com\/ast\/2019\/03\/22\/asturias-patria-de-sidra\/#breadcrumb"},"inLanguage":"ast","potentialAction":[{"@type":"ReadAction","target":["https:\/\/serasturianu.com\/ast\/2019\/03\/22\/asturias-patria-de-sidra\/"]}]},{"@type":"ImageObject","inLanguage":"ast","@id":"https:\/\/serasturianu.com\/ast\/2019\/03\/22\/asturias-patria-de-sidra\/#primaryimage","url":"https:\/\/i0.wp.com\/serasturianu.com\/wp-content\/uploads\/2019\/03\/D2CeE8iUYAAHl7i-2.jpg-large-2.jpg?fit=879%2C506&ssl=1","contentUrl":"https:\/\/i0.wp.com\/serasturianu.com\/wp-content\/uploads\/2019\/03\/D2CeE8iUYAAHl7i-2.jpg-large-2.jpg?fit=879%2C506&ssl=1","width":879,"height":506},{"@type":"BreadcrumbList","@id":"https:\/\/serasturianu.com\/ast\/2019\/03\/22\/asturias-patria-de-sidra\/#breadcrumb","itemListElement":[{"@type":"ListItem","position":1,"name":"Portada","item":"https:\/\/serasturianu.com\/ast\/"},{"@type":"ListItem","position":2,"name":"Asturias, \u00abPatria de Sidra\u00bb"}]},{"@type":"WebSite","@id":"https:\/\/serasturianu.com\/#website","url":"https:\/\/serasturianu.com\/","name":"Ser Asturianu","description":"Tours aut\u00e9nticos","publisher":{"@id":"https:\/\/serasturianu.com\/#organization"},"potentialAction":[{"@type":"SearchAction","target":{"@type":"EntryPoint","urlTemplate":"https:\/\/serasturianu.com\/?s={search_term_string}"},"query-input":{"@type":"PropertyValueSpecification","valueRequired":true,"valueName":"search_term_string"}}],"inLanguage":"ast"},{"@type":"Organization","@id":"https:\/\/serasturianu.com\/#organization","name":"Ser Asturianu","url":"https:\/\/serasturianu.com\/","logo":{"@type":"ImageObject","inLanguage":"ast","@id":"https:\/\/serasturianu.com\/#\/schema\/logo\/image\/","url":"https:\/\/i0.wp.com\/serasturianu.com\/wp-content\/uploads\/2022\/01\/logofondu.png?fit=510%2C510&ssl=1","contentUrl":"https:\/\/i0.wp.com\/serasturianu.com\/wp-content\/uploads\/2022\/01\/logofondu.png?fit=510%2C510&ssl=1","width":510,"height":510,"caption":"Ser Asturianu"},"image":{"@id":"https:\/\/serasturianu.com\/#\/schema\/logo\/image\/"},"sameAs":["https:\/\/www.facebook.com\/serasturianu","https:\/\/x.com\/SerAsturianu","https:\/\/www.instagram.com\/ser_asturianu\/"]},{"@type":"Person","@id":"https:\/\/serasturianu.com\/#\/schema\/person\/7d40831736e46924e4c0f05b50eb56e3","name":"serasturianu","image":{"@type":"ImageObject","inLanguage":"ast","@id":"https:\/\/secure.gravatar.com\/avatar\/e402fe1cb4d6685aeaadf5eca83a377394f2f6e2b29898eb1dd1589b9b7d8614?s=96&d=mm&r=g","url":"https:\/\/secure.gravatar.com\/avatar\/e402fe1cb4d6685aeaadf5eca83a377394f2f6e2b29898eb1dd1589b9b7d8614?s=96&d=mm&r=g","contentUrl":"https:\/\/secure.gravatar.com\/avatar\/e402fe1cb4d6685aeaadf5eca83a377394f2f6e2b29898eb1dd1589b9b7d8614?s=96&d=mm&r=g","caption":"serasturianu"},"url":"https:\/\/serasturianu.com\/ast\/author\/serasturianu\/"}]}},"jetpack_featured_media_url":"https:\/\/i0.wp.com\/serasturianu.com\/wp-content\/uploads\/2019\/03\/D2CeE8iUYAAHl7i-2.jpg-large-2.jpg?fit=879%2C506&ssl=1","jetpack_sharing_enabled":true,"_links":{"self":[{"href":"https:\/\/serasturianu.com\/ast\/wp-json\/wp\/v2\/posts\/1432","targetHints":{"allow":["GET"]}}],"collection":[{"href":"https:\/\/serasturianu.com\/ast\/wp-json\/wp\/v2\/posts"}],"about":[{"href":"https:\/\/serasturianu.com\/ast\/wp-json\/wp\/v2\/types\/post"}],"author":[{"embeddable":true,"href":"https:\/\/serasturianu.com\/ast\/wp-json\/wp\/v2\/users\/1"}],"replies":[{"embeddable":true,"href":"https:\/\/serasturianu.com\/ast\/wp-json\/wp\/v2\/comments?post=1432"}],"version-history":[{"count":29,"href":"https:\/\/serasturianu.com\/ast\/wp-json\/wp\/v2\/posts\/1432\/revisions"}],"predecessor-version":[{"id":1482,"href":"https:\/\/serasturianu.com\/ast\/wp-json\/wp\/v2\/posts\/1432\/revisions\/1482"}],"wp:featuredmedia":[{"embeddable":true,"href":"https:\/\/serasturianu.com\/ast\/wp-json\/wp\/v2\/media\/1467"}],"wp:attachment":[{"href":"https:\/\/serasturianu.com\/ast\/wp-json\/wp\/v2\/media?parent=1432"}],"wp:term":[{"taxonomy":"category","embeddable":true,"href":"https:\/\/serasturianu.com\/ast\/wp-json\/wp\/v2\/categories?post=1432"},{"taxonomy":"post_tag","embeddable":true,"href":"https:\/\/serasturianu.com\/ast\/wp-json\/wp\/v2\/tags?post=1432"}],"curies":[{"name":"wp","href":"https:\/\/api.w.org\/{rel}","templated":true}]}}