{"id":1107,"date":"2019-03-06T15:59:36","date_gmt":"2019-03-06T14:59:36","guid":{"rendered":"https:\/\/serasturianu.com\/?p=1107"},"modified":"2019-03-07T20:09:40","modified_gmt":"2019-03-07T19:09:40","slug":"los-plurales-femeninos-en-asturleones","status":"publish","type":"post","link":"https:\/\/serasturianu.com\/ast\/2019\/03\/06\/los-plurales-femeninos-en-asturleones\/","title":{"rendered":"Los plurales femeninos en asturleon\u00e9s"},"content":{"rendered":"<p><em>Les cases, cantaben<\/em>&#8230; Los plurales -es\/-en son <strong>uno de los rasgos que m\u00e1s caracterizan a los asturianos<\/strong>, pero se trata de un fen\u00f3meno casi exclusivo del dialecto central del asturleon\u00e9s. Casi, porque en el dialecto oriental hablado en <em>Cangues, Ribeseya <\/em>y<em> Amieva<\/em> tambi\u00e9n se realiza as\u00ed.<br> <br>Sin embargo, hay lugares que se usa el dialecto central, como en el sur de <em>\u1e36\u1e37ena <\/em>y<em> Ayer <\/em>o en la comarca leonesa de <em>Los Arg\u00fcechos<\/em> (con menor vitalidad), donde los plurales acaban en -as\/-an (las casas).<\/p>\n\n\n\n<p>Adem\u00e1s, los habitantes del pueblo zamorano de San Cipri\u00e1n (San Justu, Senabria) realizan los plurales en -es\/-en (es cases) \u00a1aunque hablan el dialecto occidental! Parece ser que, por lo que se puede deducir de los archivos del monasterio de Courias (Cangas del Narcea), <strong>esta forma del plural pudo ser com\u00fan a todo el asturleon\u00e9s medieval.<\/strong><\/p>\n\n\n\n<figure class=\"wp-block-image\"><img data-recalc-dims=\"1\" fetchpriority=\"high\" decoding=\"async\" width=\"1140\" height=\"1728\" src=\"https:\/\/i0.wp.com\/serasturianu.com\/wp-content\/uploads\/2019\/02\/antroxuj.jpg?resize=1140%2C1728&#038;ssl=1\" alt=\"\" class=\"wp-image-684\" srcset=\"https:\/\/i0.wp.com\/serasturianu.com\/wp-content\/uploads\/2019\/02\/antroxuj.jpg?w=1267&amp;ssl=1 1267w, https:\/\/i0.wp.com\/serasturianu.com\/wp-content\/uploads\/2019\/02\/antroxuj.jpg?resize=600%2C909&amp;ssl=1 600w\" sizes=\"(max-width: 1140px) 100vw, 1140px\" \/><\/figure>","protected":false},"excerpt":{"rendered":"<p>Les cases, cantaben&#8230; Los plurales -es\/-en son uno de los rasgos que m\u00e1s caracterizan a los asturianos, pero se trata de un fen\u00f3meno casi exclusivo del dialecto central del asturleon\u00e9s. Casi, porque en el dialecto oriental hablado en Cangues, Ribeseya &hellip; <a href=\"https:\/\/serasturianu.com\/ast\/2019\/03\/06\/los-plurales-femeninos-en-asturleones\/\">Read More<\/a><\/p>","protected":false},"author":1,"featured_media":1252,"comment_status":"open","ping_status":"open","sticky":false,"template":"","format":"standard","meta":{"_monsterinsights_skip_tracking":false,"_jetpack_memberships_contains_paid_content":false,"footnotes":""},"categories":[40,42],"tags":[148,149,151,150],"class_list":["post-1107","post","type-post","status-publish","format-standard","has-post-thumbnail","hentry","category-blog-es","category-curiosidades","tag-asturiano","tag-asturleones","tag-leones","tag-llingua"],"yoast_head":"<!-- This site is optimized with the Yoast SEO plugin v28.2 - https:\/\/yoast.com\/product\/yoast-seo-wordpress\/ -->\n<title>Los plurales femeninos en asturleon\u00e9s - Ser Asturianu<\/title>\n<meta name=\"robots\" content=\"index, follow, max-snippet:-1, max-image-preview:large, max-video-preview:-1\" \/>\n<link rel=\"canonical\" href=\"https:\/\/serasturianu.com\/ast\/2019\/03\/06\/los-plurales-femeninos-en-asturleones\/\" \/>\n<meta property=\"og:locale\" content=\"en_US\" \/>\n<meta property=\"og:type\" content=\"article\" \/>\n<meta property=\"og:title\" content=\"Los plurales femeninos en asturleon\u00e9s - Ser Asturianu\" \/>\n<meta property=\"og:description\" content=\"Les cases, cantaben&#8230; Los plurales -es\/-en son uno de los rasgos que m\u00e1s caracterizan a los asturianos, pero se trata de un fen\u00f3meno casi exclusivo del dialecto central del asturleon\u00e9s. Casi, porque en el dialecto oriental hablado en Cangues, Ribeseya &hellip; Read More\" \/>\n<meta property=\"og:url\" content=\"https:\/\/serasturianu.com\/ast\/2019\/03\/06\/los-plurales-femeninos-en-asturleones\/\" \/>\n<meta property=\"og:site_name\" content=\"Ser Asturianu\" \/>\n<meta property=\"article:publisher\" content=\"https:\/\/www.facebook.com\/serasturianu\" \/>\n<meta property=\"article:published_time\" content=\"2019-03-06T14:59:36+00:00\" \/>\n<meta property=\"article:modified_time\" content=\"2019-03-07T19:09:40+00:00\" \/>\n<meta property=\"og:image\" content=\"https:\/\/i0.wp.com\/serasturianu.com\/wp-content\/uploads\/2019\/03\/hu.png?fit=1000%2C667&ssl=1\" \/>\n\t<meta property=\"og:image:width\" content=\"1000\" \/>\n\t<meta property=\"og:image:height\" content=\"667\" \/>\n\t<meta property=\"og:image:type\" content=\"image\/png\" \/>\n<meta name=\"author\" content=\"serasturianu\" \/>\n<meta name=\"twitter:card\" content=\"summary_large_image\" \/>\n<meta name=\"twitter:creator\" content=\"@SerAsturianu\" \/>\n<meta name=\"twitter:site\" content=\"@SerAsturianu\" \/>\n<meta name=\"twitter:label1\" content=\"Written by\" \/>\n\t<meta name=\"twitter:data1\" content=\"serasturianu\" \/>\n\t<meta name=\"twitter:label2\" content=\"Est. reading time\" \/>\n\t<meta name=\"twitter:data2\" content=\"1 minute\" \/>\n<script type=\"application\/ld+json\" class=\"yoast-schema-graph\">{\"@context\":\"https:\\\/\\\/schema.org\",\"@graph\":[{\"@type\":\"Article\",\"@id\":\"https:\\\/\\\/serasturianu.com\\\/ast\\\/2019\\\/03\\\/06\\\/los-plurales-femeninos-en-asturleones\\\/#article\",\"isPartOf\":{\"@id\":\"https:\\\/\\\/serasturianu.com\\\/ast\\\/2019\\\/03\\\/06\\\/los-plurales-femeninos-en-asturleones\\\/\"},\"author\":{\"name\":\"serasturianu\",\"@id\":\"https:\\\/\\\/serasturianu.com\\\/ast\\\/#\\\/schema\\\/person\\\/7d40831736e46924e4c0f05b50eb56e3\"},\"headline\":\"Los plurales femeninos en asturleon\u00e9s\",\"datePublished\":\"2019-03-06T14:59:36+00:00\",\"dateModified\":\"2019-03-07T19:09:40+00:00\",\"mainEntityOfPage\":{\"@id\":\"https:\\\/\\\/serasturianu.com\\\/ast\\\/2019\\\/03\\\/06\\\/los-plurales-femeninos-en-asturleones\\\/\"},\"wordCount\":156,\"commentCount\":0,\"publisher\":{\"@id\":\"https:\\\/\\\/serasturianu.com\\\/ast\\\/#organization\"},\"image\":{\"@id\":\"https:\\\/\\\/serasturianu.com\\\/ast\\\/2019\\\/03\\\/06\\\/los-plurales-femeninos-en-asturleones\\\/#primaryimage\"},\"thumbnailUrl\":\"https:\\\/\\\/i0.wp.com\\\/serasturianu.com\\\/wp-content\\\/uploads\\\/2019\\\/03\\\/hu.png?fit=1000%2C667&ssl=1\",\"keywords\":[\"Asturiano\",\"Asturleon\u00e9s\",\"Leon\u00e9s\",\"Llingua\"],\"articleSection\":[\"Blog\",\"Curiosidades\"],\"inLanguage\":\"ast\",\"potentialAction\":[{\"@type\":\"CommentAction\",\"name\":\"Comment\",\"target\":[\"https:\\\/\\\/serasturianu.com\\\/ast\\\/2019\\\/03\\\/06\\\/los-plurales-femeninos-en-asturleones\\\/#respond\"]}]},{\"@type\":\"WebPage\",\"@id\":\"https:\\\/\\\/serasturianu.com\\\/ast\\\/2019\\\/03\\\/06\\\/los-plurales-femeninos-en-asturleones\\\/\",\"url\":\"https:\\\/\\\/serasturianu.com\\\/ast\\\/2019\\\/03\\\/06\\\/los-plurales-femeninos-en-asturleones\\\/\",\"name\":\"Los plurales femeninos en asturleon\u00e9s - Ser Asturianu\",\"isPartOf\":{\"@id\":\"https:\\\/\\\/serasturianu.com\\\/ast\\\/#website\"},\"primaryImageOfPage\":{\"@id\":\"https:\\\/\\\/serasturianu.com\\\/ast\\\/2019\\\/03\\\/06\\\/los-plurales-femeninos-en-asturleones\\\/#primaryimage\"},\"image\":{\"@id\":\"https:\\\/\\\/serasturianu.com\\\/ast\\\/2019\\\/03\\\/06\\\/los-plurales-femeninos-en-asturleones\\\/#primaryimage\"},\"thumbnailUrl\":\"https:\\\/\\\/i0.wp.com\\\/serasturianu.com\\\/wp-content\\\/uploads\\\/2019\\\/03\\\/hu.png?fit=1000%2C667&ssl=1\",\"datePublished\":\"2019-03-06T14:59:36+00:00\",\"dateModified\":\"2019-03-07T19:09:40+00:00\",\"breadcrumb\":{\"@id\":\"https:\\\/\\\/serasturianu.com\\\/ast\\\/2019\\\/03\\\/06\\\/los-plurales-femeninos-en-asturleones\\\/#breadcrumb\"},\"inLanguage\":\"ast\",\"potentialAction\":[{\"@type\":\"ReadAction\",\"target\":[\"https:\\\/\\\/serasturianu.com\\\/ast\\\/2019\\\/03\\\/06\\\/los-plurales-femeninos-en-asturleones\\\/\"]}]},{\"@type\":\"ImageObject\",\"inLanguage\":\"ast\",\"@id\":\"https:\\\/\\\/serasturianu.com\\\/ast\\\/2019\\\/03\\\/06\\\/los-plurales-femeninos-en-asturleones\\\/#primaryimage\",\"url\":\"https:\\\/\\\/i0.wp.com\\\/serasturianu.com\\\/wp-content\\\/uploads\\\/2019\\\/03\\\/hu.png?fit=1000%2C667&ssl=1\",\"contentUrl\":\"https:\\\/\\\/i0.wp.com\\\/serasturianu.com\\\/wp-content\\\/uploads\\\/2019\\\/03\\\/hu.png?fit=1000%2C667&ssl=1\",\"width\":1000,\"height\":667},{\"@type\":\"BreadcrumbList\",\"@id\":\"https:\\\/\\\/serasturianu.com\\\/ast\\\/2019\\\/03\\\/06\\\/los-plurales-femeninos-en-asturleones\\\/#breadcrumb\",\"itemListElement\":[{\"@type\":\"ListItem\",\"position\":1,\"name\":\"Portada\",\"item\":\"https:\\\/\\\/serasturianu.com\\\/ast\\\/\"},{\"@type\":\"ListItem\",\"position\":2,\"name\":\"Los plurales femeninos en asturleon\u00e9s\"}]},{\"@type\":\"WebSite\",\"@id\":\"https:\\\/\\\/serasturianu.com\\\/ast\\\/#website\",\"url\":\"https:\\\/\\\/serasturianu.com\\\/ast\\\/\",\"name\":\"Ser Asturianu\",\"description\":\"Tours aut\u00e9nticos\",\"publisher\":{\"@id\":\"https:\\\/\\\/serasturianu.com\\\/ast\\\/#organization\"},\"potentialAction\":[{\"@type\":\"SearchAction\",\"target\":{\"@type\":\"EntryPoint\",\"urlTemplate\":\"https:\\\/\\\/serasturianu.com\\\/ast\\\/?s={search_term_string}\"},\"query-input\":{\"@type\":\"PropertyValueSpecification\",\"valueRequired\":true,\"valueName\":\"search_term_string\"}}],\"inLanguage\":\"ast\"},{\"@type\":\"Organization\",\"@id\":\"https:\\\/\\\/serasturianu.com\\\/ast\\\/#organization\",\"name\":\"Ser Asturianu\",\"url\":\"https:\\\/\\\/serasturianu.com\\\/ast\\\/\",\"logo\":{\"@type\":\"ImageObject\",\"inLanguage\":\"ast\",\"@id\":\"https:\\\/\\\/serasturianu.com\\\/ast\\\/#\\\/schema\\\/logo\\\/image\\\/\",\"url\":\"https:\\\/\\\/i0.wp.com\\\/serasturianu.com\\\/wp-content\\\/uploads\\\/2022\\\/01\\\/logofondu.png?fit=510%2C510&ssl=1\",\"contentUrl\":\"https:\\\/\\\/i0.wp.com\\\/serasturianu.com\\\/wp-content\\\/uploads\\\/2022\\\/01\\\/logofondu.png?fit=510%2C510&ssl=1\",\"width\":510,\"height\":510,\"caption\":\"Ser Asturianu\"},\"image\":{\"@id\":\"https:\\\/\\\/serasturianu.com\\\/ast\\\/#\\\/schema\\\/logo\\\/image\\\/\"},\"sameAs\":[\"https:\\\/\\\/www.facebook.com\\\/serasturianu\",\"https:\\\/\\\/x.com\\\/SerAsturianu\",\"https:\\\/\\\/www.instagram.com\\\/ser_asturianu\\\/\"]},{\"@type\":\"Person\",\"@id\":\"https:\\\/\\\/serasturianu.com\\\/ast\\\/#\\\/schema\\\/person\\\/7d40831736e46924e4c0f05b50eb56e3\",\"name\":\"serasturianu\",\"image\":{\"@type\":\"ImageObject\",\"inLanguage\":\"ast\",\"@id\":\"https:\\\/\\\/secure.gravatar.com\\\/avatar\\\/e402fe1cb4d6685aeaadf5eca83a377394f2f6e2b29898eb1dd1589b9b7d8614?s=96&d=mm&r=g\",\"url\":\"https:\\\/\\\/secure.gravatar.com\\\/avatar\\\/e402fe1cb4d6685aeaadf5eca83a377394f2f6e2b29898eb1dd1589b9b7d8614?s=96&d=mm&r=g\",\"contentUrl\":\"https:\\\/\\\/secure.gravatar.com\\\/avatar\\\/e402fe1cb4d6685aeaadf5eca83a377394f2f6e2b29898eb1dd1589b9b7d8614?s=96&d=mm&r=g\",\"caption\":\"serasturianu\"},\"url\":\"https:\\\/\\\/serasturianu.com\\\/ast\\\/author\\\/serasturianu\\\/\"}]}<\/script>\n<!-- \/ Yoast SEO plugin. -->","yoast_head_json":{"title":"Los plurales femeninos en asturleon\u00e9s - Ser Asturianu","robots":{"index":"index","follow":"follow","max-snippet":"max-snippet:-1","max-image-preview":"max-image-preview:large","max-video-preview":"max-video-preview:-1"},"canonical":"https:\/\/serasturianu.com\/ast\/2019\/03\/06\/los-plurales-femeninos-en-asturleones\/","og_locale":"en_US","og_type":"article","og_title":"Los plurales femeninos en asturleon\u00e9s - Ser Asturianu","og_description":"Les cases, cantaben&#8230; Los plurales -es\/-en son uno de los rasgos que m\u00e1s caracterizan a los asturianos, pero se trata de un fen\u00f3meno casi exclusivo del dialecto central del asturleon\u00e9s. Casi, porque en el dialecto oriental hablado en Cangues, Ribeseya &hellip; Read More","og_url":"https:\/\/serasturianu.com\/ast\/2019\/03\/06\/los-plurales-femeninos-en-asturleones\/","og_site_name":"Ser Asturianu","article_publisher":"https:\/\/www.facebook.com\/serasturianu","article_published_time":"2019-03-06T14:59:36+00:00","article_modified_time":"2019-03-07T19:09:40+00:00","og_image":[{"width":1000,"height":667,"url":"https:\/\/i0.wp.com\/serasturianu.com\/wp-content\/uploads\/2019\/03\/hu.png?fit=1000%2C667&ssl=1","type":"image\/png"}],"author":"serasturianu","twitter_card":"summary_large_image","twitter_creator":"@SerAsturianu","twitter_site":"@SerAsturianu","twitter_misc":{"Written by":"serasturianu","Est. reading time":"1 minute"},"schema":{"@context":"https:\/\/schema.org","@graph":[{"@type":"Article","@id":"https:\/\/serasturianu.com\/ast\/2019\/03\/06\/los-plurales-femeninos-en-asturleones\/#article","isPartOf":{"@id":"https:\/\/serasturianu.com\/ast\/2019\/03\/06\/los-plurales-femeninos-en-asturleones\/"},"author":{"name":"serasturianu","@id":"https:\/\/serasturianu.com\/ast\/#\/schema\/person\/7d40831736e46924e4c0f05b50eb56e3"},"headline":"Los plurales femeninos en asturleon\u00e9s","datePublished":"2019-03-06T14:59:36+00:00","dateModified":"2019-03-07T19:09:40+00:00","mainEntityOfPage":{"@id":"https:\/\/serasturianu.com\/ast\/2019\/03\/06\/los-plurales-femeninos-en-asturleones\/"},"wordCount":156,"commentCount":0,"publisher":{"@id":"https:\/\/serasturianu.com\/ast\/#organization"},"image":{"@id":"https:\/\/serasturianu.com\/ast\/2019\/03\/06\/los-plurales-femeninos-en-asturleones\/#primaryimage"},"thumbnailUrl":"https:\/\/i0.wp.com\/serasturianu.com\/wp-content\/uploads\/2019\/03\/hu.png?fit=1000%2C667&ssl=1","keywords":["Asturiano","Asturleon\u00e9s","Leon\u00e9s","Llingua"],"articleSection":["Blog","Curiosidades"],"inLanguage":"ast","potentialAction":[{"@type":"CommentAction","name":"Comment","target":["https:\/\/serasturianu.com\/ast\/2019\/03\/06\/los-plurales-femeninos-en-asturleones\/#respond"]}]},{"@type":"WebPage","@id":"https:\/\/serasturianu.com\/ast\/2019\/03\/06\/los-plurales-femeninos-en-asturleones\/","url":"https:\/\/serasturianu.com\/ast\/2019\/03\/06\/los-plurales-femeninos-en-asturleones\/","name":"Los plurales femeninos en asturleon\u00e9s - Ser Asturianu","isPartOf":{"@id":"https:\/\/serasturianu.com\/ast\/#website"},"primaryImageOfPage":{"@id":"https:\/\/serasturianu.com\/ast\/2019\/03\/06\/los-plurales-femeninos-en-asturleones\/#primaryimage"},"image":{"@id":"https:\/\/serasturianu.com\/ast\/2019\/03\/06\/los-plurales-femeninos-en-asturleones\/#primaryimage"},"thumbnailUrl":"https:\/\/i0.wp.com\/serasturianu.com\/wp-content\/uploads\/2019\/03\/hu.png?fit=1000%2C667&ssl=1","datePublished":"2019-03-06T14:59:36+00:00","dateModified":"2019-03-07T19:09:40+00:00","breadcrumb":{"@id":"https:\/\/serasturianu.com\/ast\/2019\/03\/06\/los-plurales-femeninos-en-asturleones\/#breadcrumb"},"inLanguage":"ast","potentialAction":[{"@type":"ReadAction","target":["https:\/\/serasturianu.com\/ast\/2019\/03\/06\/los-plurales-femeninos-en-asturleones\/"]}]},{"@type":"ImageObject","inLanguage":"ast","@id":"https:\/\/serasturianu.com\/ast\/2019\/03\/06\/los-plurales-femeninos-en-asturleones\/#primaryimage","url":"https:\/\/i0.wp.com\/serasturianu.com\/wp-content\/uploads\/2019\/03\/hu.png?fit=1000%2C667&ssl=1","contentUrl":"https:\/\/i0.wp.com\/serasturianu.com\/wp-content\/uploads\/2019\/03\/hu.png?fit=1000%2C667&ssl=1","width":1000,"height":667},{"@type":"BreadcrumbList","@id":"https:\/\/serasturianu.com\/ast\/2019\/03\/06\/los-plurales-femeninos-en-asturleones\/#breadcrumb","itemListElement":[{"@type":"ListItem","position":1,"name":"Portada","item":"https:\/\/serasturianu.com\/ast\/"},{"@type":"ListItem","position":2,"name":"Los plurales femeninos en asturleon\u00e9s"}]},{"@type":"WebSite","@id":"https:\/\/serasturianu.com\/ast\/#website","url":"https:\/\/serasturianu.com\/ast\/","name":"Ser Asturianu","description":"Tours aut\u00e9nticos","publisher":{"@id":"https:\/\/serasturianu.com\/ast\/#organization"},"potentialAction":[{"@type":"SearchAction","target":{"@type":"EntryPoint","urlTemplate":"https:\/\/serasturianu.com\/ast\/?s={search_term_string}"},"query-input":{"@type":"PropertyValueSpecification","valueRequired":true,"valueName":"search_term_string"}}],"inLanguage":"ast"},{"@type":"Organization","@id":"https:\/\/serasturianu.com\/ast\/#organization","name":"Ser Asturianu","url":"https:\/\/serasturianu.com\/ast\/","logo":{"@type":"ImageObject","inLanguage":"ast","@id":"https:\/\/serasturianu.com\/ast\/#\/schema\/logo\/image\/","url":"https:\/\/i0.wp.com\/serasturianu.com\/wp-content\/uploads\/2022\/01\/logofondu.png?fit=510%2C510&ssl=1","contentUrl":"https:\/\/i0.wp.com\/serasturianu.com\/wp-content\/uploads\/2022\/01\/logofondu.png?fit=510%2C510&ssl=1","width":510,"height":510,"caption":"Ser Asturianu"},"image":{"@id":"https:\/\/serasturianu.com\/ast\/#\/schema\/logo\/image\/"},"sameAs":["https:\/\/www.facebook.com\/serasturianu","https:\/\/x.com\/SerAsturianu","https:\/\/www.instagram.com\/ser_asturianu\/"]},{"@type":"Person","@id":"https:\/\/serasturianu.com\/ast\/#\/schema\/person\/7d40831736e46924e4c0f05b50eb56e3","name":"serasturianu","image":{"@type":"ImageObject","inLanguage":"ast","@id":"https:\/\/secure.gravatar.com\/avatar\/e402fe1cb4d6685aeaadf5eca83a377394f2f6e2b29898eb1dd1589b9b7d8614?s=96&d=mm&r=g","url":"https:\/\/secure.gravatar.com\/avatar\/e402fe1cb4d6685aeaadf5eca83a377394f2f6e2b29898eb1dd1589b9b7d8614?s=96&d=mm&r=g","contentUrl":"https:\/\/secure.gravatar.com\/avatar\/e402fe1cb4d6685aeaadf5eca83a377394f2f6e2b29898eb1dd1589b9b7d8614?s=96&d=mm&r=g","caption":"serasturianu"},"url":"https:\/\/serasturianu.com\/ast\/author\/serasturianu\/"}]}},"jetpack_featured_media_url":"https:\/\/i0.wp.com\/serasturianu.com\/wp-content\/uploads\/2019\/03\/hu.png?fit=1000%2C667&ssl=1","jetpack_sharing_enabled":true,"_links":{"self":[{"href":"https:\/\/serasturianu.com\/ast\/wp-json\/wp\/v2\/posts\/1107","targetHints":{"allow":["GET"]}}],"collection":[{"href":"https:\/\/serasturianu.com\/ast\/wp-json\/wp\/v2\/posts"}],"about":[{"href":"https:\/\/serasturianu.com\/ast\/wp-json\/wp\/v2\/types\/post"}],"author":[{"embeddable":true,"href":"https:\/\/serasturianu.com\/ast\/wp-json\/wp\/v2\/users\/1"}],"replies":[{"embeddable":true,"href":"https:\/\/serasturianu.com\/ast\/wp-json\/wp\/v2\/comments?post=1107"}],"version-history":[{"count":3,"href":"https:\/\/serasturianu.com\/ast\/wp-json\/wp\/v2\/posts\/1107\/revisions"}],"predecessor-version":[{"id":1114,"href":"https:\/\/serasturianu.com\/ast\/wp-json\/wp\/v2\/posts\/1107\/revisions\/1114"}],"wp:featuredmedia":[{"embeddable":true,"href":"https:\/\/serasturianu.com\/ast\/wp-json\/wp\/v2\/media\/1252"}],"wp:attachment":[{"href":"https:\/\/serasturianu.com\/ast\/wp-json\/wp\/v2\/media?parent=1107"}],"wp:term":[{"taxonomy":"category","embeddable":true,"href":"https:\/\/serasturianu.com\/ast\/wp-json\/wp\/v2\/categories?post=1107"},{"taxonomy":"post_tag","embeddable":true,"href":"https:\/\/serasturianu.com\/ast\/wp-json\/wp\/v2\/tags?post=1107"}],"curies":[{"name":"wp","href":"https:\/\/api.w.org\/{rel}","templated":true}]}}